{"id":264910,"date":"2025-12-01T05:50:09","date_gmt":"2025-12-01T05:50:09","guid":{"rendered":"https:\/\/www.europesays.com\/es\/264910\/"},"modified":"2025-12-01T05:50:09","modified_gmt":"2025-12-01T05:50:09","slug":"aitana-bonmati-baja-por-rotura-de-perone","status":"publish","type":"post","link":"https:\/\/www.europesays.com\/es\/264910\/","title":{"rendered":"Aitana Bonmat\u00ed, baja por rotura de peron\u00e9"},"content":{"rendered":"<p>30\/11\/2025<br \/>\n<br \/><strong><br \/>\nActualizado 01\/12\/2025 a las 03:02h.<br \/>\n<\/strong><\/p>\n<p class=\"voc-p\" style=\"\"><strong>Aitana Bonmat\u00ed<\/strong>, considerada la mejor futbolista del mundo y ganadora de <a href=\"https:\/\/www.abc.es\/deportes\/aitana-bonmati-conquista-tercer-balon-oro-femenino-20250923002125-vi.html\" target=\"_self\" data-voc-vtm-id=\"in-text-traffic\" title=\"tres Balones de Oro\" data-mrf-link=\"www.abc.es\" rel=\"nofollow noopener\">tres Balones de Oro<\/a>, sufri\u00f3 este domingo una grave lesi\u00f3n y no podr\u00e1 ser alineada con Espa\u00f1a el martes en el partido de vuelta de la final de la Nations League que  &#8230; la selecci\u00f3n jugar\u00e1 ante Alemania (0-0 en la ida).<\/p>\n<p class=\"voc-p\" style=\"\">As\u00ed lo inform\u00f3 la <strong>Real Federaci\u00f3n Espa\u00f1ola de F\u00fatbol (RFEF)<\/strong> mediante un comunicado: <\/p>\n<p class=\"voc-p\" style=\"\">\u00abAitana Bonmat\u00ed terminaba la sesi\u00f3n matinal en la <strong>Ciudad del F\u00fatbol de Las Rozas<\/strong> con dolor tras un mal apoyo en una acci\u00f3n fortuita.<\/p>\n<p class=\"voc-p\" style=\"\">Tras las pruebas realizadas por los servicios m\u00e9dicos de la Real Federaci\u00f3n Espa\u00f1ola de F\u00fatbol en la jornada de este domingo, 30 de noviembre, se le ha diagnosticado una<strong> fractura en el peron\u00e9 izquierdo<\/strong>.<\/p>\n<p class=\"voc-p\" style=\"\">La jugadora natural de Sant Pere de Ribes volver\u00e1 a la Ciudad Condal y a la disciplina de su club para comenzar su periodo de recuperaci\u00f3n\u00bb.<\/p>\n<p>\nArt\u00edculo solo para suscriptores\n<\/p>\n<p>Reportar un error<\/p>\n","protected":false},"excerpt":{"rendered":"30\/11\/2025 Actualizado 01\/12\/2025 a las 03:02h. Aitana Bonmat\u00ed, considerada la mejor futbolista del mundo y ganadora de tres&hellip;\n","protected":false},"author":2,"featured_media":264911,"comment_status":"","ping_status":"","sticky":false,"template":"","format":"standard","meta":{"footnotes":""},"categories":[268],"tags":[3519,6814,1547,168,1931,25,24,280,282,55754,34853,281,23,167],"class_list":{"0":"post-264910","1":"post","2":"type-post","3":"status-publish","4":"format-standard","5":"has-post-thumbnail","7":"category-futbol","8":"tag-aitana","9":"tag-baja","10":"tag-bonmati","11":"tag-deportes","12":"tag-drama","13":"tag-es","14":"tag-espana","15":"tag-football","16":"tag-futbol","17":"tag-perone","18":"tag-rotura","19":"tag-soccer","20":"tag-spain","21":"tag-sports"},"share_on_mastodon":{"url":"https:\/\/pubeurope.com\/@es\/115642749846560114","error":""},"_links":{"self":[{"href":"https:\/\/www.europesays.com\/es\/wp-json\/wp\/v2\/posts\/264910","targetHints":{"allow":["GET"]}}],"collection":[{"href":"https:\/\/www.europesays.com\/es\/wp-json\/wp\/v2\/posts"}],"about":[{"href":"https:\/\/www.europesays.com\/es\/wp-json\/wp\/v2\/types\/post"}],"author":[{"embeddable":true,"href":"https:\/\/www.europesays.com\/es\/wp-json\/wp\/v2\/users\/2"}],"replies":[{"embeddable":true,"href":"https:\/\/www.europesays.com\/es\/wp-json\/wp\/v2\/comments?post=264910"}],"version-history":[{"count":0,"href":"https:\/\/www.europesays.com\/es\/wp-json\/wp\/v2\/posts\/264910\/revisions"}],"wp:featuredmedia":[{"embeddable":true,"href":"https:\/\/www.europesays.com\/es\/wp-json\/wp\/v2\/media\/264911"}],"wp:attachment":[{"href":"https:\/\/www.europesays.com\/es\/wp-json\/wp\/v2\/media?parent=264910"}],"wp:term":[{"taxonomy":"category","embeddable":true,"href":"https:\/\/www.europesays.com\/es\/wp-json\/wp\/v2\/categories?post=264910"},{"taxonomy":"post_tag","embeddable":true,"href":"https:\/\/www.europesays.com\/es\/wp-json\/wp\/v2\/tags?post=264910"}],"curies":[{"name":"wp","href":"https:\/\/api.w.org\/{rel}","templated":true}]}}