{"id":264912,"date":"2025-12-01T05:51:19","date_gmt":"2025-12-01T05:51:19","guid":{"rendered":"https:\/\/www.europesays.com\/es\/264912\/"},"modified":"2025-12-01T05:51:19","modified_gmt":"2025-12-01T05:51:19","slug":"piru-urquijo-la-gran-dama-de-sociedad-y-abuela-politica-de-almeida-protagonista-de-una-reunion-de-arte-entre-mantones-y-vajillas","status":"publish","type":"post","link":"https:\/\/www.europesays.com\/es\/264912\/","title":{"rendered":"Piru Urquijo, la gran dama de sociedad y \u2018abuela pol\u00edtica\u2019 de Almeida, protagonista de una reuni\u00f3n de arte entre mantones y vajillas"},"content":{"rendered":"<p id=\"eoSCaESvZT\" data-wc=\"44\"><strong>Ver\u00f3nica Dur\u00e1n<\/strong> es una escritora y periodista colombiana, y <strong>una de las mayores coleccionistas de mantones de Manila de nuestro pa\u00eds<\/strong>. De hecho, tal y como cont\u00e1bamos hace unas semanas, <a class=\"hm-link ho-link\" href=\"https:\/\/www.hola.com\/actualidad\/20251111866328\/historia-poderosa-familia-zobel-ayala-fundadores-sotogrande-implicacion-moda-historico-espanola\/\" data-mrf-recirculation=\"article-body-link\" rel=\"nofollow noopener\" target=\"_blank\">parte de su colecci\u00f3n se encuentra actualmente expuesta en el Museo Ayala de Filipinas<\/a>.\u00a0<\/p>\n<p id=\"eVSXEDmfNIC\" data-wc=\"92\">El pasado lunes en su casa del Barrio de Salamanca celebr\u00f3 un <strong>exclusivo coktail entre amigas para presentar una vajilla que ha recibido el nombre de \u2018Manila\u2019<\/strong> que forma parte de la <strong>colecci\u00f3n de Eugenia &amp; Sushita, la marca de Eugenia Mart\u00ednez de Irujo y Sandra Segim\u00f3n<\/strong>. Esta colecci\u00f3n especial est\u00e1<strong>\u00a0inspirada en peque\u00f1os detalles de los dibujos bordados\u00a0<\/strong>de la <strong>colecci\u00f3n de mantones de Manila de Ver\u00f3nica<\/strong>. Una vajilla que viste las mesas uniendo la <strong>artesan\u00eda, la cultura y la belleza hist\u00f3rica<\/strong> y a la vez atemporal del mant\u00f3n de Manila.\u00a0<\/p>\n<p id=\"e_F63fQoLQi\" data-wc=\"68\">Entre las invitadas <strong>Piru Urquijo, abuela de Teresa Urquijo<\/strong> la mujer de Jos\u00e9 Luis Mart\u00ednez-Almeida alcalde de Madrid, quien lleg\u00f3 como siempre <strong>muy elegante a la cita\u00a0<\/strong>y se mostr\u00f3 entusiasmada con la vajilla. \u201cMe encanta, <a class=\"hm-link ho-link\" href=\"https:\/\/www.hola.com\/actualidad\/20241102727451\/piru-urquijo-abuela-teresa-urquijo-clasico-convierte-moderno\/\" data-mrf-recirculation=\"article-body-link\" rel=\"nofollow noopener\" target=\"_blank\">me voy a comprar una porque me sirve para todos sitios, para el campo y para la ciudad.<\/a> Est\u00e1n hechas con mucho talento y con unos <strong>colores muy especiales<\/strong>\u201d declar\u00f3 a \u00a1HOLA!<\/p>\n<p> <img src=\"https:\/\/www.europesays.com\/es\/wp-content\/uploads\/2025\/12\/62898180f022-ffjt1254.jpg\"   width=\"682\" height=\"1024\" loading=\"lazy\" decoding=\"async\" alt=\"La vajilla que se present\u00f3\" fetchpriority=\"auto\" class=\"image ho-image\"\/>\u00a9 FERNANDO JUNCOLa vajilla &#8216;Manila&#8217;<\/p>\n<p> <img src=\"https:\/\/www.europesays.com\/es\/wp-content\/uploads\/2025\/12\/206ed7d28a1a-ffjt1288.jpg\"   width=\"682\" height=\"1024\" loading=\"lazy\" decoding=\"async\" alt=\"Victoria Urquijo Fern\u00e1ndez de Araoz, Ver\u00f3nica Dur\u00e1n Castell\u00f3 y Paz Barroso Fern\u00e1ndez de Araoz\" fetchpriority=\"auto\" class=\"image ho-image\"\/>\u00a9 FERNANDO JUNCOVictoria Urquijo Fern\u00e1ndez de Araoz, Ver\u00f3nica Dur\u00e1n Castell\u00f3 y Paz Barroso Fern\u00e1ndez de Araoz<\/p>\n<p id=\"evyM5RSESEl\" data-wc=\"73\">La<strong>\u00a0vajilla est\u00e1 pintada por una de sus hijas, Victoria Urquijo Fern\u00e1ndez de Araoz<\/strong> quien nos cont\u00f3 que el germen del proyecto tuvo lugar en la <strong>exposici\u00f3n de mantones de Manila que Ver\u00f3nica Dur\u00e1n organiz\u00f3 en Casa Am\u00e9rica<\/strong> en octubre del a\u00f1o pasado. All\u00ed cont\u00f3 con<strong>\u00a080 mantones de Manila provenientes de los vestidores m\u00e1s ilustres<\/strong> de nuestro pa\u00eds como el de la<strong>\u00a0infanta Elena, o el de Sof\u00eda Palazuelo, duquesa de Hu\u00e9scar.\u00a0<\/strong><\/p>\n<p id=\"eUtN088zrSz\" data-wc=\"79\">La <a class=\"hm-link ho-link\" href=\"https:\/\/www.hola.com\/actualidad\/20250719844714\/piru-urquijo-cumple-90-anyos-celebracion-detalles\/\" data-mrf-recirculation=\"article-body-link\" rel=\"nofollow noopener\" target=\"_blank\">gran dama de la sociedad madrile\u00f1a Piru Urquijo coincidi\u00f3 en esta cita con los mantones y las vajillas con su sobrina Paz Barroso<\/a> Fern\u00e1ndez de Araoz y con <strong>Lady Brennan, Pilar S\u00e1nchez, una de las tres ladys de origen espa\u00f1ol que existen\u00a0<\/strong>en el mundo, esposa de <strong>Lord Brennan, miembro de la C\u00e1mara de los Lores brit\u00e1nica.\u00a0<\/strong>Quien se declar\u00f3 una apasionada de las vajillas, y reconoci\u00f3 que es uno de los regalos que m\u00e1s le gusta hacer.<\/p>\n<p> <img src=\"https:\/\/www.europesays.com\/es\/wp-content\/uploads\/2025\/12\/12cfeb12c513-ffjt1359.jpg\"   width=\"682\" height=\"1024\" loading=\"lazy\" decoding=\"async\" alt=\"De izquierda a derecha Paz Barroso, Piru Urquijo, Victoria Urquijo y Ver\u00f3nica Dur\u00e1n Castell\u00f3\" fetchpriority=\"auto\" class=\"image ho-image\"\/>\u00a9 FERNANDO JUNCODe izquierda a derecha Paz Barroso, Piru Urquijo, Victoria Urquijo y Ver\u00f3nica Dur\u00e1n Castell\u00f3<\/p>\n<p> <img src=\"https:\/\/www.europesays.com\/es\/wp-content\/uploads\/2025\/12\/1b2fec24d95b-ffjt1367.jpg\"   width=\"1024\" height=\"682\" loading=\"lazy\" decoding=\"async\" alt=\"Piru Urquijo con sus amigas\" fetchpriority=\"auto\" class=\"image ho-image\"\/>\u00a9 FERNANDO JUNCODe izquierda a derecha: Paz Barroso, Piru Urquijo, Victoria Urquijo y Ver\u00f3nica Dur\u00e1n Castell\u00f3<\/p>\n<p id=\"el5fabhtLw2\" data-wc=\"161\"><strong>Paz<\/strong> Barroso, hermana de <strong>S<\/strong><a class=\"hm-link ho-link\" href=\"https:\/\/www.hola.com\/actualidad\/20240328357752\/sofia-barroso-madre-sofia-palazuelo-arte-moda-nietos\/\" data-mrf-recirculation=\"article-body-link\" rel=\"nofollow noopener\" target=\"_blank\">of\u00eda Barroso la madre de la duquesa de Hu\u00e9scar cuenta como comenz\u00f3 todo<\/a> en la exposici\u00f3n de Casa Am\u00e9rica: \u201cMe compr\u00e9 el cat\u00e1logo que era sensacional y <strong>cuando un d\u00eda me puse a pintar un plato decid\u00ed escoger unas flores muy especiales de un mant\u00f3n<\/strong>\u201d. \u201cPint\u00e9 el plato con plumilla y decid\u00ed mandarle la foto a mi prima Victoria Urquijo para que viera cuanto me hab\u00edan gustado los mantones de la exposici\u00f3n. <strong>Victoria me dijo que lo quer\u00eda para ella.<\/strong> Pero <strong>pintado a mano era muy complicado venderlo porque se emplea mucho tiempo y no tiene precio<\/strong>. Victoria se lo ense\u00f1\u00f3 a Ver\u00f3nica Dur\u00e1n y pensamos en qui\u00e9n nos podr\u00eda hacer la vajilla de forma menos artesanal. Victoria se la mand\u00f3 a <strong>Sandra Segim\u00f3n de Eugenia&amp;Sushita para ver qu\u00e9 nos recomendaba.<\/strong> Nos reunimos con ella. Yo iba con mi plato debajo del brazo (r\u00ede record\u00e1ndolo) y Sandra nos propuso hacerla juntas. Estoy encantada con el resultado\u201d reconoce.<\/p>\n<p id=\"ehoTTQjPIDg\" data-wc=\"73\">Preguntada sobre <strong>qu\u00e9 opina su familia sobre la vajilla admite que aun no los han visto<\/strong>, \u201cvoy a aprovechar para regalar algunos en <strong>Navidad<\/strong>. Porque adem\u00e1s me gusta mucho el hecho de que <strong>funcionan tambi\u00e9n de forma independiente, pueden combinarse con otras\u00a0<\/strong><strong>vajillas<\/strong><strong>,<\/strong> cosa que a mi me encanta hacer\u201d. \u201cA una sobrina le voy a regalar <strong>solo los platos de postre<\/strong>\u201d. \u00bfSer\u00e1 esta la nueva vajilla de los futuros duques de Alba?<\/p>\n<p> <img src=\"https:\/\/www.europesays.com\/es\/wp-content\/uploads\/2025\/12\/96bd588601a6-ffjt1279.jpg\"   width=\"1024\" height=\"682\" loading=\"lazy\" decoding=\"async\" alt=\"Ver\u00f3nica Dur\u00e1n Castell\u00f3 y Lady Brennan \" fetchpriority=\"auto\" class=\"image ho-image\"\/>\u00a9 FERNANDO JUNCOVer\u00f3nica Dur\u00e1n Castell\u00f3 y Lady Brennan <\/p>\n<p> <img src=\"https:\/\/www.europesays.com\/es\/wp-content\/uploads\/2025\/12\/904c5e79f573-ffjt1304.jpg\"   width=\"1024\" height=\"682\" loading=\"lazy\" decoding=\"async\" alt=\"Patricia Cuadrado, Ana Fern\u00e1ndez de Heredia, Mar\u00eda L\u00f3pez-Elola, Ver\u00f3nica Dur\u00e1n Castello, Paz Barroso Fern\u00e1ndez de Araoz, y Jasna-G\u00f3ra Potocka Roca de Togores\" fetchpriority=\"auto\" class=\"image ho-image\"\/>\u00a9 FERNANDO JUNCOPatricia Cuadrado, Ana Fern\u00e1ndez de Heredia, Mar\u00eda L\u00f3pez-Elola, Ver\u00f3nica Dur\u00e1n Castello, Paz Barroso Fern\u00e1ndez de Araoz, y Jasna-G\u00f3ra Potocka Roca de Togores<\/p>\n","protected":false},"excerpt":{"rendered":"Ver\u00f3nica Dur\u00e1n es una escritora y periodista colombiana, y una de las mayores coleccionistas de mantones de Manila&hellip;\n","protected":false},"author":2,"featured_media":264913,"comment_status":"","ping_status":"","sticky":false,"template":"","format":"standard","meta":{"footnotes":""},"categories":[174],"tags":[517,255,146,147,25,24,256,3516,23],"class_list":{"0":"post-264912","1":"post","2":"type-post","3":"status-publish","4":"format-standard","5":"has-post-thumbnail","7":"category-famosos","8":"tag-actualidad","9":"tag-celebrities","10":"tag-entertainment","11":"tag-entretenimiento","12":"tag-es","13":"tag-espana","14":"tag-famosos","15":"tag-jose-luis-martinez-almeida","16":"tag-spain"},"share_on_mastodon":{"url":"https:\/\/pubeurope.com\/@es\/115642755464942931","error":""},"_links":{"self":[{"href":"https:\/\/www.europesays.com\/es\/wp-json\/wp\/v2\/posts\/264912","targetHints":{"allow":["GET"]}}],"collection":[{"href":"https:\/\/www.europesays.com\/es\/wp-json\/wp\/v2\/posts"}],"about":[{"href":"https:\/\/www.europesays.com\/es\/wp-json\/wp\/v2\/types\/post"}],"author":[{"embeddable":true,"href":"https:\/\/www.europesays.com\/es\/wp-json\/wp\/v2\/users\/2"}],"replies":[{"embeddable":true,"href":"https:\/\/www.europesays.com\/es\/wp-json\/wp\/v2\/comments?post=264912"}],"version-history":[{"count":0,"href":"https:\/\/www.europesays.com\/es\/wp-json\/wp\/v2\/posts\/264912\/revisions"}],"wp:featuredmedia":[{"embeddable":true,"href":"https:\/\/www.europesays.com\/es\/wp-json\/wp\/v2\/media\/264913"}],"wp:attachment":[{"href":"https:\/\/www.europesays.com\/es\/wp-json\/wp\/v2\/media?parent=264912"}],"wp:term":[{"taxonomy":"category","embeddable":true,"href":"https:\/\/www.europesays.com\/es\/wp-json\/wp\/v2\/categories?post=264912"},{"taxonomy":"post_tag","embeddable":true,"href":"https:\/\/www.europesays.com\/es\/wp-json\/wp\/v2\/tags?post=264912"}],"curies":[{"name":"wp","href":"https:\/\/api.w.org\/{rel}","templated":true}]}}