{"id":264914,"date":"2025-12-01T05:54:20","date_gmt":"2025-12-01T05:54:20","guid":{"rendered":"https:\/\/www.europesays.com\/es\/264914\/"},"modified":"2025-12-01T05:54:20","modified_gmt":"2025-12-01T05:54:20","slug":"vota-por-tu-equipo-favorito-y-el-mejor-video-de-los-granjeros","status":"publish","type":"post","link":"https:\/\/www.europesays.com\/es\/264914\/","title":{"rendered":"Vota por tu equipo favorito y el mejor video de los granjeros"},"content":{"rendered":"<p><a class=\"Link \" href=\"https:\/\/www.tvazteca.com\/aztecauno\/la-granja-vip\/doble-traicion-en-la-granja-vip\" target=\"_blank\" rel=\"nofollow noopener\"><b>La Granja VIP<\/b><\/a> volvi\u00f3 a sorprender a la audiencia con uno de los retos m\u00e1s creativos y divertidos de la temporada: la creaci\u00f3n de videoclips con tem\u00e1tica noventera. Los granjeros se dividieron en dos equipos y dieron todo para conquistar al p\u00fablico, que esta vez tiene el poder absoluto de decidir qui\u00e9n se lleva una recompensa especial.<\/p>\n<p><b>El Equipo 1, conformado por Sergio Mayer Mori, Fabiola Campomanes, Luis Vega y Alfredo Adame<\/b>, apost\u00f3 por un estilo completamente retro que despert\u00f3 nostalgia inmediata. Su videoclip fue una mezcla vibrante de colores, energ\u00eda y referencias ic\u00f3nicas de los a\u00f1os 90, logrando una presentaci\u00f3n tan divertida como memorable. Desde sus atuendos hasta la actitud en escena, el equipo logr\u00f3 transportarnos a la \u00e9poca dorada de los videos musicales.<\/p>\n<p>Por su parte, <b>el Equipo 2, integrado por La Bea, Eleazar, Kim, C\u00e9sar Doroteo y El Patr\u00f3n<\/b>, se inclin\u00f3 por una propuesta m\u00e1s estilizada y \u00fanica. Con una est\u00e9tica marcada y un concepto fuerte, su videoclip destac\u00f3 por su originalidad y cohesi\u00f3n visual. Fue un proyecto que demostr\u00f3 creatividad, coordinaci\u00f3n y un gran trabajo en equipo.<\/p>\n<p>Ahora, el resultado est\u00e1 en manos del p\u00fablico. Ambos equipos brillaron de maneras distintas, pero solo uno podr\u00e1 llevarse la recompensa, y tu voto es la clave para decidirlo. <b>Si tienes un favorito, este es el momento de apoyarlo.<\/b><\/p>\n<p>\u00bfC\u00f3mo votar en La Granja VIP?\n<\/p>\n<ul class=\"rte2-style-ul\" style=\"margin-top:0;margin-bottom:0;padding-inline-start:48px;\">\n<li>Ingresa a la app en vivo de TV Azteca\u00a0<\/li>\n<li>Selecciona la secci\u00f3n de votaciones.<\/li>\n<li>Elige a tu equipo favorito y confirma tu voto.<\/li>\n<li>Tambi\u00e9n puedes votar desde el <a class=\"Link \" href=\"https:\/\/www.tvazteca.com\/aztecauno\/la-granja-vip\/votos-extra\" target=\"_blank\" rel=\"nofollow noopener\"><b>sitio web oficial<\/b><\/a>, siguiendo el mismo proceso.<\/li>\n<\/ul>\n<p><b>\u00a1Tu voto puede cambiarlo todo!<\/b><\/p>\n","protected":false},"excerpt":{"rendered":"La Granja VIP volvi\u00f3 a sorprender a la audiencia con uno de los retos m\u00e1s creativos y divertidos&hellip;\n","protected":false},"author":2,"featured_media":264915,"comment_status":"","ping_status":"","sticky":false,"template":"","format":"standard","meta":{"footnotes":""},"categories":[171],"tags":[65714,58286,65715,146,147,25,24,47140,19991,65716,65717,23,214],"class_list":{"0":"post-264914","1":"post","2":"type-post","3":"status-publish","4":"format-standard","5":"has-post-thumbnail","7":"category-tv","8":"tag-como-votar","9":"tag-como-votar-en-la-granja-vip","10":"tag-como-votar-por-tu-granjero","11":"tag-entertainment","12":"tag-entretenimiento","13":"tag-es","14":"tag-espana","15":"tag-granjeros","16":"tag-la-granja-vip","17":"tag-la-granja-vip-2025","18":"tag-que-es-la-granja","19":"tag-spain","20":"tag-tv"},"share_on_mastodon":{"url":"https:\/\/pubeurope.com\/@es\/115642765319171907","error":""},"_links":{"self":[{"href":"https:\/\/www.europesays.com\/es\/wp-json\/wp\/v2\/posts\/264914","targetHints":{"allow":["GET"]}}],"collection":[{"href":"https:\/\/www.europesays.com\/es\/wp-json\/wp\/v2\/posts"}],"about":[{"href":"https:\/\/www.europesays.com\/es\/wp-json\/wp\/v2\/types\/post"}],"author":[{"embeddable":true,"href":"https:\/\/www.europesays.com\/es\/wp-json\/wp\/v2\/users\/2"}],"replies":[{"embeddable":true,"href":"https:\/\/www.europesays.com\/es\/wp-json\/wp\/v2\/comments?post=264914"}],"version-history":[{"count":0,"href":"https:\/\/www.europesays.com\/es\/wp-json\/wp\/v2\/posts\/264914\/revisions"}],"wp:featuredmedia":[{"embeddable":true,"href":"https:\/\/www.europesays.com\/es\/wp-json\/wp\/v2\/media\/264915"}],"wp:attachment":[{"href":"https:\/\/www.europesays.com\/es\/wp-json\/wp\/v2\/media?parent=264914"}],"wp:term":[{"taxonomy":"category","embeddable":true,"href":"https:\/\/www.europesays.com\/es\/wp-json\/wp\/v2\/categories?post=264914"},{"taxonomy":"post_tag","embeddable":true,"href":"https:\/\/www.europesays.com\/es\/wp-json\/wp\/v2\/tags?post=264914"}],"curies":[{"name":"wp","href":"https:\/\/api.w.org\/{rel}","templated":true}]}}