{"id":264920,"date":"2025-12-01T05:58:10","date_gmt":"2025-12-01T05:58:10","guid":{"rendered":"https:\/\/www.europesays.com\/es\/264920\/"},"modified":"2025-12-01T05:58:10","modified_gmt":"2025-12-01T05:58:10","slug":"cuatro-decadas-de-revolucion-frente-al-vih","status":"publish","type":"post","link":"https:\/\/www.europesays.com\/es\/264920\/","title":{"rendered":"cuatro d\u00e9cadas de revoluci\u00f3n frente al VIH"},"content":{"rendered":"<p>En las \u00faltimas <a href=\"https:\/\/okdiario.com\/salud\/europa-aprueba-primer-tratamiento-preventivo-inyectable-del-vih-administracion-semestral-15302625\" target=\"_blank\" rel=\"noopener noreferrer nofollow\">cuatro d\u00e9cadas el VIH<\/a> ha pasado de ser una sentencia casi segura a una enfermedad cr\u00f3nica manejable en muchos contextos, gracias a avances <strong>biom\u00e9dicos, pol\u00edticas p\u00fablicas y campa\u00f1as de prevenci\u00f3n<\/strong>. Pero ese progreso es desigual: persisten desaf\u00edos cient\u00edficos (reservorios virales, cura), operativos (cobertura, financiaci\u00f3n) y sociales (estigma, derechos), que condicionan el futuro. A continuaci\u00f3n resumo de forma exhaustiva -con datos, reacciones, cifras, vacunas y perspectivas- qu\u00e9 ha cambiado en el mundo entre 1995 y 2025.<\/p>\n<p>Las estimaciones recientes sit\u00faan alrededor de <strong>40\u201341 millones de personas viviendo con VIH en el mundo (adultos y ni\u00f1os)<\/strong>, con cerca de 1,3 millones de nuevas infecciones anuales y unos <strong>600\u2013650 mil fallecimientos<\/strong> por causas relacionadas con el SIDA en el periodo m\u00e1s reciente. Estas cifras reflejan un panorama mixto: disminuci\u00f3n de la mortalidad desde el pico de la epidemia, pero todav\u00eda <strong>transmisiones sostenidas<\/strong> y desigualdades regionales marcadas.<\/p>\n<p>La <strong>cobertura de tratamiento antirretroviral (ART)<\/strong> se ha expandido de manera masiva: decenas de millones reciben terapia que suprime la replicaci\u00f3n viral y reduce dr\u00e1sticamente la mortalidad y la transmisi\u00f3n (efecto \u2018Viral Suppression \u2192 riesgo de transmisi\u00f3n casi nulo\u2019). Sin embargo, las tasas de conocimiento del diagn\u00f3stico, inicio de tratamiento y supresi\u00f3n viral no son homog\u00e9neas entre regiones y grupos poblacionales. <strong>Las metas tipo 95-95-95 (diagn\u00f3stico-tratamiento-supresi\u00f3n)<\/strong> han impulsado pol\u00edticas, pero su cumplimiento var\u00eda seg\u00fan recursos y derechos humanos.<\/p>\n<p>Terapia antirretroviral: de la politerapia a los inyectables<\/p>\n<p>T\u00e9cnicamente, el cambio m\u00e1s transformador fue la generalizaci\u00f3n de la <strong>terapia antirretroviral combinada (TARc)<\/strong> desde mediados de los 90: reg\u00edmenes con m\u00faltiples f\u00e1rmacos (habitualmente un inhibidor de transcriptasa reversa + inhibidor de integrasa o an\u00e1logos) redujeron la replicaci\u00f3n viral y la mortalidad. La esperanza de vida de las personas que inician y mantienen ART se acerc\u00f3 a la de la poblaci\u00f3n general en contextos con acceso sostenido a tratamiento.<\/p>\n<p>En los \u00faltimos a\u00f1os, han emergido <strong>antirretrovirales de acci\u00f3n prolongada (long-acting)<\/strong> (inyecciones mensuales o bimensuales) y nuevos compuestos, por ejemplo, inhibidores de acci\u00f3n prolongada como lenacapavir que prometen mayor adherencia y menores fallos por <strong>abandono terap\u00e9utico.<\/strong> Adem\u00e1s, la simplicidad de los reg\u00edmenes monoterapia funcional en algunos casos y los inhibidores de integrasa han reducido efectos adversos y barreras al cumplimiento. Estas innovaciones est\u00e1n transformando la pr\u00e1ctica cl\u00ednica, pero su despliegue global se enfrenta a <strong>costes y log\u00edstica.<\/strong><\/p>\n<p>Prevenci\u00f3n: condones, PrEP y estrategias combinadas<\/p>\n<p>La prevenci\u00f3n primaria ha pasado de depender casi exclusivamente de condones y educaci\u00f3n a incorporar <strong>profilaxis preexposici\u00f3n (PrEP)<\/strong> y estrategias combinadas (cribado, reducci\u00f3n de riesgos, tratamiento como prevenci\u00f3n TasP). El impulso global del<strong> PrEP es real:<\/strong> millones de personas han iniciado PrEP, con un crecimiento anual importante, aunque todav\u00eda lejos de las metas de cobertura ambiciosas fijadas para 2025. Las cifras muestran una adopci\u00f3n r\u00e1pida en regiones con recursos y desaf\u00edos de cobertura en pa\u00edses de bajos ingresos.<\/p>\n<p>Vacunas: avances cient\u00edficos y tropiezos<\/p>\n<p>La b\u00fasqueda de una<strong> vacuna preventiva del VIH<\/strong> ha sido cient\u00edficamente compleja por la enorme diversidad gen\u00e9tica del virus y por su capacidad para evadir respuestas inmunes. En la \u00faltima d\u00e9cada, se intentaron enfoques de inmun\u00f3genos amplios (mosaicos) para estimular respuestas contra m\u00faltiples variantes, <strong>pero ensayos de fase III como Mosaico\/Imbokodo<\/strong> no demostraron una eficacia protectora suficiente y algunos programas fueron detenidos tras an\u00e1lisis interinos. Estos fracasos no significan retroceso total: han aportado datos cr\u00edticos sobre <strong>correlatos inmunol\u00f3gicos<\/strong> y han refinado el dise\u00f1o de futuros candidatos.<\/p>\n<p>Adem\u00e1s, la investigaci\u00f3n se ha desplazado hacia vacunas que trabajen en combinaci\u00f3n con otras intervenciones (como la bNAbs, vectores innovadores, estrategias de inmunomodulaci\u00f3n) y hacia <strong>vacunas terap\u00e9uticas<\/strong> que busquen reducir reservorios o inducir control viral sin ART. El camino sigue siendo largo; hoy por hoy no hay una vacuna eficaz y aprobada para prevenir el VIH a escala poblacional.<\/p>\n<p>Terapias biol\u00f3gicas y la b\u00fasqueda de la cura<\/p>\n<p>En la esfera terap\u00e9utica, han ganado protagonismo los anticuerpos monoclonales ampliamente neutralizantes (bNAbs) y las estrategias dirigidas al reservorio viral (c\u00e9lulas T CD4+ latentes que alojan provirus). Los bNAbs han mostrado capacidad para neutralizar m\u00faltiples variantes y, en ensayos, para reducir<strong> la carga viral o prolongar periodos sin rebote<\/strong> cuando se suspenden otros f\u00e1rmacos. Su desarrollo abre posibilidades para profilaxis y terapias de mantenimiento.<\/p>\n<p>Las propuestas curativas exploran enfoques combinados: <strong>shock and kill<\/strong> (activar provirus latente y eliminar c\u00e9lulas infectadas), <strong>edici\u00f3n g\u00e9nica<\/strong> (CRISPR\/Cas para excidir o inactivar provirus), <strong>terapia celular<\/strong> (c\u00e9lulas CAR-T dirigidas contra c\u00e9lulas infectadas) y <strong>vacunas terap\u00e9uticas<\/strong>. Aunque se han conseguido remisiones funcionales anecd\u00f3ticas como casos <strong>cura<\/strong> relacionados con<strong> trasplantes alog\u00e9nicos<\/strong> en pacientes con leucemia, una cura <strong>esterilizante<\/strong> segura y escalable para la poblaci\u00f3n sigue siendo una meta no alcanzada.<\/p>\n<p>Reacciones pol\u00edticas, financiaci\u00f3n y retos globales<\/p>\n<p>La respuesta internacional (PEPFAR, Fondo Mundial, programas nacionales) y las ONG impulsaron la ampliaci\u00f3n del diagn\u00f3stico y tratamiento. No obstante, recortes recientes en financiaci\u00f3n y cambios pol\u00edticos en algunos donantes han generado alarma por <strong>el riesgo de reaparici\u00f3n de desabastecimientos,<\/strong> racionamiento de f\u00e1rmacos y retrocesos en prevenci\u00f3n en pa\u00edses de ingresos bajos y medios. La sostenibilidad financiera y la autonom\u00eda de los sistemas sanitarios locales son hoy prioridades pol\u00edticas.<\/p>\n<p>Paralelamente, el estigma, <strong>la criminalizaci\u00f3n de conductas, las barreras legales<\/strong> y la inequidad de g\u00e9nero siguen obstaculizando el acceso y el control epidemi\u00f3logico en muchos entornos. La respuesta efectiva requiere combinar innovaci\u00f3n biom\u00e9dica con derechos humanos, servicios integrados y financiaci\u00f3n predecible.<\/p>\n<p>Impacto en coinfecciones y salud p\u00fablica<\/p>\n<p>El tratamiento extendido ha reducido <strong>comorbilidades directas<\/strong>, pero la coinfecci\u00f3n con <strong>tuberculosis (TB) y hepatitis virales<\/strong> contin\u00faa siendo una carga sustancial en regiones end\u00e9micas. El manejo integrado TB-VIH y el cribado sistem\u00e1tico han mejorado resultados, pero exigen recursos y coordinaci\u00f3n. Adem\u00e1s, <strong>el envejecimiento de la poblaci\u00f3n con VIH<\/strong> plantea nuevos retos: enfermedades cardiovasculares, renales y metab\u00f3licas asociadas al largo plazo y a algunas toxicidades hist\u00f3ricas de f\u00e1rmacos.<\/p>\n<p>Perspectivas a corto y medio plazo (5\u201310 a\u00f1os)<\/p>\n<ul>\n<li>Escala de antivirales de larga duraci\u00f3n (inyecciones bimensuales o anuales) que reduzcan la dependencia del cumplimiento diario.<\/li>\n<li>Ampliaci\u00f3n de PrEP (\u00f3rganos y reg\u00edmenes orales y de larga duraci\u00f3n) para poblaciones clave; sin embargo, alcanzar las metas de cobertura requiere financiaci\u00f3n y aceptaci\u00f3n social.<\/li>\n<li>Progresos en inmunoterapias y bNAbs con combinaciones dise\u00f1adas para neutralizar variantes y sostener remisiones funcionales; estos enfoques podr\u00edan transformar tanto la prevenci\u00f3n como la terapia de mantenimiento.<\/li>\n<li>Investigaci\u00f3n g\u00e9nica y terapias celulares que, si superan barreras de seguridad y escalabilidad, podr\u00edan ofrecer estrategias curativas en subgrupos.<\/li>\n<li>Riesgos: recortes de fondos, resistencia a f\u00e1rmacos emergentes y lagunas en equidad pueden ralentizar o revertir avances.<\/li>\n<\/ul>\n<p>La<strong> biomedicina<\/strong> ha transformado el VIH en una enfermedad controlable para millones, con reducci\u00f3n marcada de mortalidad y herramientas preventivas novedosas. Sin embargo, <strong>la inexistencia de una vacuna preventiva eficaz, la persistencia de reservorios virales<\/strong> que impiden la cura, las desigualdades en acceso y la fragilidad de la financiaci\u00f3n internacional mantienen la amenaza de rebrotes y aumentos de mortalidad si se relajan las intervenciones. La siguiente d\u00e9cada ser\u00e1 definitoria: consolidar reg\u00edmenes de larga acci\u00f3n, <strong>ampliar PrEP, traducir bNAbs y terapias innovadoras<\/strong> en herramientas accesibles y sostener inversi\u00f3n sanitaria y derechos humanos son condiciones necesarias para avanzar hacia la meta declarada de <strong>poner fin al VIH<\/strong> como amenaza de salud p\u00fablica.<\/p>\n","protected":false},"excerpt":{"rendered":"En las \u00faltimas cuatro d\u00e9cadas el VIH ha pasado de ser una sentencia casi segura a una enfermedad&hellip;\n","protected":false},"author":2,"featured_media":71394,"comment_status":"","ping_status":"","sticky":false,"template":"","format":"standard","meta":{"footnotes":""},"categories":[92],"tags":[25,24,165,166,23],"class_list":{"0":"post-264920","1":"post","2":"type-post","3":"status-publish","4":"format-standard","5":"has-post-thumbnail","7":"category-salud","8":"tag-es","9":"tag-espana","10":"tag-health","11":"tag-salud","12":"tag-spain"},"share_on_mastodon":{"url":"https:\/\/pubeurope.com\/@es\/115642781210247889","error":""},"_links":{"self":[{"href":"https:\/\/www.europesays.com\/es\/wp-json\/wp\/v2\/posts\/264920","targetHints":{"allow":["GET"]}}],"collection":[{"href":"https:\/\/www.europesays.com\/es\/wp-json\/wp\/v2\/posts"}],"about":[{"href":"https:\/\/www.europesays.com\/es\/wp-json\/wp\/v2\/types\/post"}],"author":[{"embeddable":true,"href":"https:\/\/www.europesays.com\/es\/wp-json\/wp\/v2\/users\/2"}],"replies":[{"embeddable":true,"href":"https:\/\/www.europesays.com\/es\/wp-json\/wp\/v2\/comments?post=264920"}],"version-history":[{"count":0,"href":"https:\/\/www.europesays.com\/es\/wp-json\/wp\/v2\/posts\/264920\/revisions"}],"wp:featuredmedia":[{"embeddable":true,"href":"https:\/\/www.europesays.com\/es\/wp-json\/wp\/v2\/media\/71394"}],"wp:attachment":[{"href":"https:\/\/www.europesays.com\/es\/wp-json\/wp\/v2\/media?parent=264920"}],"wp:term":[{"taxonomy":"category","embeddable":true,"href":"https:\/\/www.europesays.com\/es\/wp-json\/wp\/v2\/categories?post=264920"},{"taxonomy":"post_tag","embeddable":true,"href":"https:\/\/www.europesays.com\/es\/wp-json\/wp\/v2\/tags?post=264920"}],"curies":[{"name":"wp","href":"https:\/\/api.w.org\/{rel}","templated":true}]}}