{"id":264922,"date":"2025-12-01T06:00:31","date_gmt":"2025-12-01T06:00:31","guid":{"rendered":"https:\/\/www.europesays.com\/es\/264922\/"},"modified":"2025-12-01T06:00:31","modified_gmt":"2025-12-01T06:00:31","slug":"bill-gates-dijo-en-1984-que-el-mac-era-el-futuro-de-la-informatica-lo-que-apple-no-vio-venir-es-que-microsoft-seria-su-verdadero-enemigo","status":"publish","type":"post","link":"https:\/\/www.europesays.com\/es\/264922\/","title":{"rendered":"Bill Gates dijo en 1984 que el Mac \u00abera el futuro de la inform\u00e1tica\u00bb. Lo que Apple no vio venir es que Microsoft ser\u00eda su verdadero enemigo"},"content":{"rendered":"<p>Si hoy te digo que Bill Gates fue, en su momento, el mayor evangelista del Mac, probablemente pensar\u00edas que es una inocentada fuera de fecha. Estamos acostumbrados a ver a Microsoft y Apple como <strong>dos gigantes condenados a entenderse a rega\u00f1adientes<\/strong>, pero hubo un d\u00eda, concretamente en noviembre de 1984, en el que el fundador de Windows no solo apoyaba a Apple: era quien mejor vend\u00eda su visi\u00f3n.<\/p>\n<p>Corr\u00eda 1984. Apple acababa de lanzar el Macintosh original y se hab\u00eda gastado una fortuna en ese <a class=\"text-outboundlink\" href=\"https:\/\/www.applesfera.com\/apple-1\/uno-mejores-anuncios-historia-se-emitio-cadena-local-nadie-viera-a-directivos-apple-no-les-gustaba-agencia-se-jugo-nochevieja\" data-vars-post-title=\"Uno de los mejores anuncios de la historia se emiti\u00f3 en una cadena local para que nadie lo viera. A los directivos de Apple no les gustaba, pero la agencia se la jug\u00f3 en Nochevieja \" data-vars-post-url=\"https:\/\/www.applesfera.com\/apple-1\/uno-mejores-anuncios-historia-se-emitio-cadena-local-nadie-viera-a-directivos-apple-no-les-gustaba-agencia-se-jugo-nochevieja\" rel=\"nofollow noopener\" target=\"_blank\">anuncio dist\u00f3pico de Ridley Scott<\/a> donde <strong>el enemigo ten\u00eda nombre y apellidos: IBM<\/strong>. En Cupertino estaban tan obsesionados con derribar al \u00abBig Blue\u00bb que no supieron leer el tablero completo. La verdadera amenaza no estaba en las oficinas de IBM, sino cocin\u00e1ndose en Microsoft.<\/p>\n<p>Microsoft se convirti\u00f3 en el mejor aliado del primer Mac<\/p>\n<p>En un art\u00edculo de portada de <a rel=\"noopener, noreferrer nofollow\" href=\"https:\/\/www.businessinsider.com\/the-dumbest-things-bill-gates-ever-said-2016-4#it-was-true-then-and-it-was-true-today-there-are-always-software-bugs-and-people-always-want-them-fixed-that-goes-double-for-products-as-popular-as-windows-and-office-the-big-change-now-is-that-thanks-to-the-internet-bug-fixes-get-to-people-faster-than-ever-6\" target=\"_blank\">BusinessWeek<\/a> de aquel noviembre, Bill Gates dijo:<\/p>\n<blockquote><p>La pr\u00f3xima generaci\u00f3n de software interesante se har\u00e1 en el Macintosh, no en el PC de IBM.<\/p><\/blockquote>\n<p>Le\u00eddo hoy parece imposible. Pero en aquel momento, Microsoft no era el gigante del sistema operativo que conocemos, sino uno de los desarrolladores m\u00e1s importantes para Mac. De hecho, <strong>casi la mitad de sus ingresos por aquel entonces proven\u00edan de vender software para la manzana<\/strong>.<\/p>\n<p>Bill Gates, con un pragmatismo que a veces faltaba en Cupertino, entendi\u00f3 antes que nadie el potencial de la interfaz gr\u00e1fica.<strong> Apost\u00f3 por el rat\u00f3n y las ventanas <\/strong>cuando el resto del mundo segu\u00eda tecleando comandos en f\u00f3sforo verde. Necesitaba que el Mac funcionara porque sus mejores productos, Excel y Word, viv\u00edan all\u00ed.<\/p>\n<p>El acuerdo que entreg\u00f3 la interfaz del Mac a Microsoft<\/p>\n<p>La historia se complic\u00f3 poco despu\u00e9s. Tras la salida de Steve Jobs en 1985, <a class=\"text-outboundlink\" href=\"https:\/\/www.applesfera.com\/apple-1\/quieres-vender-agua-azucarada-cambiar-mundo-asi-convencio-steve-jobs-al-hombre-que-acabaria-echandole-apple-para-trabajar\" data-vars-post-title=\"&quot;\u00bfQuieres vender agua azucarada o cambiar el mundo?&quot; As\u00ed convenci\u00f3 Steve Jobs al hombre que acabar\u00eda ech\u00e1ndole de Apple para trabajar con \u00e9l \" data-vars-post-url=\"https:\/\/www.applesfera.com\/apple-1\/quieres-vender-agua-azucarada-cambiar-mundo-asi-convencio-steve-jobs-al-hombre-que-acabaria-echandole-apple-para-trabajar\" rel=\"nofollow noopener\" target=\"_blank\">John Sculley<\/a>, intentando asegurar que Microsoft siguiera desarrollando software para la plataforma, firm\u00f3 un acuerdo que definir\u00eda el futuro de ambas compa\u00f1\u00edas. Le <strong>concedi\u00f3 a Microsoft una licencia \u00abperpetua, mundial y libre de regal\u00edas\u00bb<\/strong> para usar elementos visuales del Mac en sus futuros sistemas.<\/p>\n<p>                   <img class=\"centro_sinmarco\" height=\"900\" width=\"1200\" loading=\"lazy\" decoding=\"async\"  fetchpriority=\"high\"  src=\"https:\/\/i.blogs.es\/4cdefb\/portada-applesfera\/450_1000.webp\" alt=\"Portada Applesfera\" onerror=\"this.src=\" https:=\"\" false=\"\"\/><\/p>\n<p>B\u00e1sicamente, Apple le entreg\u00f3 las llaves del dise\u00f1o de interfaz a quien, solo un a\u00f1o antes, les regalaba los o\u00eddos. Lo que sigui\u00f3 fue una lenta agon\u00eda para Apple y un ascenso mete\u00f3rico para su rival. <strong>A<\/strong><strong>pple<\/strong><strong> intent\u00f3 frenar la sangr\u00eda en los tribunales<\/strong>, demandando a Microsoft en 1988 por copiar su \u00ablook and feel\u00bb. Pero la justicia, en 1994, rechaz\u00f3 la apelaci\u00f3n final de Apple. Aquel papel firmado por Sculley blindaba a Microsoft.<\/p>\n<p>Mientras los abogados de Apple perd\u00edan en los despachos, Microsoft ganaba en las tiendas. El lanzamiento de Windows 95 <a class=\"text-outboundlink\" href=\"https:\/\/www.applesfera.com\/curiosidades\/apple-invirtio-500-ingenieros-250-millones-sistema-operativo-que-casi-nadie-uso-su-sueno-vencer-a-windows-95\" data-vars-post-title=\"Apple invirti\u00f3 500 ingenieros y 250 millones en un sistema operativo que casi nadie us\u00f3. Su sue\u00f1o: vencer a Windows 95 \" data-vars-post-url=\"https:\/\/www.applesfera.com\/curiosidades\/apple-invirtio-500-ingenieros-250-millones-sistema-operativo-que-casi-nadie-uso-su-sueno-vencer-a-windows-95\" rel=\"nofollow noopener\" target=\"_blank\">fue el golpe final<\/a>: <strong>en solo un a\u00f1o vendieron 40 millones de copias, frente a los escasos 4,5 millones de Mac<\/strong> que Apple logr\u00f3 colocar en el mismo periodo. La diferencia era de 10 a 1.<\/p>\n<p>                   <img class=\"centro_sinmarco\" height=\"720\" width=\"1280\" loading=\"lazy\" decoding=\"async\"  fetchpriority=\"high\"  src=\"https:\/\/i.blogs.es\/ce8cbe\/windows95\/450_1000.webp\" alt=\"Windows95\" onerror=\"this.src=\" https:=\"\" false=\"\"\/><\/p>\n<p><strong>Para 1996, Apple ya no era rival, sino una empresa \u00abasediada\u00bb <\/strong>que acumulaba mil millones en p\u00e9rdidas y desped\u00eda a 3.800 empleados. La compa\u00f1\u00eda <a class=\"text-outboundlink\" href=\"https:\/\/www.applesfera.com\/apple-1\/bancarrota-a-3-billones-leccion-steve-jobs-que-hace-24-anos-cambio-apple-para-siempre\" data-vars-post-title=\"La lecci\u00f3n t\u00e9cnica de Steve Jobs que hace 24 a\u00f1os cambi\u00f3 a Apple de la bancarrota a los 3 billones en beneficios\" data-vars-post-url=\"https:\/\/www.applesfera.com\/apple-1\/bancarrota-a-3-billones-leccion-steve-jobs-que-hace-24-anos-cambio-apple-para-siempre\" rel=\"nofollow noopener\" target=\"_blank\">estaba a 90 d\u00edas de la bancarrota<\/a>.<\/p>\n<p>El d\u00eda que Bill Gates rescat\u00f3 a Apple<\/p>\n<p>Es imposible entender la Apple actual sin ese contexto de desesperaci\u00f3n. Por eso es tan potente la imagen del <strong>Macworld de 1997, con un Steve Jobs reci\u00e9n regresado<\/strong> trag\u00e1ndose el orgullo para anunciar que <a class=\"text-outboundlink\" href=\"https:\/\/www.applesfera.com\/curiosidades\/dia-que-llego-bill-gates-su-fortuna-a-rescatar-apple-asi-fue-como-steve-jobs-le-agradecio-sus-150-millones\" data-vars-post-title=\"Apple estuvo cerca de quebrar de no ser por Bill Gates: as\u00ed fue como Steve Jobs le agradeci\u00f3 sus 150 millones\" data-vars-post-url=\"https:\/\/www.applesfera.com\/curiosidades\/dia-que-llego-bill-gates-su-fortuna-a-rescatar-apple-asi-fue-como-steve-jobs-le-agradecio-sus-150-millones\" rel=\"nofollow noopener\" target=\"_blank\">Bill Gates invert\u00eda 150 millones de d\u00f3lares<\/a> para mantener a la compa\u00f1\u00eda a flote.<\/p>\n<p>                   <img class=\"centro_sinmarco\" height=\"368\" width=\"660\" loading=\"lazy\" decoding=\"async\"  fetchpriority=\"high\"  src=\"https:\/\/i.blogs.es\/aebf71\/internet-explorer-macos\/450_1000.webp\" alt=\"Internet Explorer en macOS\" onerror=\"this.src=\" https:=\"\" false=\"\"\/><\/p>\n<p>        Internet Explorer en Mac OS X como parte de ese acuerdo<\/p>\n<p>Sin esa inyecci\u00f3n de capital, y sin el compromiso de Microsoft de mantener Office en Mac durante cinco a\u00f1os m\u00e1s, hoy quiz\u00e1s no hablar\u00edamos de iPhone, ni de iPad, ni de Apple Silicon. <strong>Al final, Gates ten\u00eda raz\u00f3n en 1984: el Mac era el futuro<\/strong>. Lo parad\u00f3jico es que fue Microsoft quien acab\u00f3 financiando la supervivencia de ese futuro. A cambio, eso s\u00ed, de llevarse buena parte de la interfaz gr\u00e1fica por el camino.<\/p>\n<p>En Applesfera | <a class=\"text-outboundlink\" href=\"https:\/\/www.applesfera.com\/curiosidades\/11-libros-que-ensenaron-a-steve-jobs-a-liderar-convertir-a-apple-empresa-que-hoy\" data-vars-post-title=\"Los 11 libros que ense\u00f1aron a Steve Jobs a liderar y convertir a Apple en la empresa que es hoy\" data-vars-post-url=\"https:\/\/www.applesfera.com\/curiosidades\/11-libros-que-ensenaron-a-steve-jobs-a-liderar-convertir-a-apple-empresa-que-hoy\" rel=\"nofollow noopener\" target=\"_blank\">Los 11 libros que ense\u00f1aron a Steve Jobs a liderar y convertir a Apple en la empresa que es hoy<\/a><\/p>\n<p>En Applesfera | <a class=\"text-outboundlink\" href=\"https:\/\/www.applesfera.com\/nuevo\/nuevo-apple-iphone-plegable-informacion\" data-vars-post-title=\"Nuevo iPhone plegable - Todo lo que creemos saber sobre \u00e9l\" data-vars-post-url=\"https:\/\/www.applesfera.com\/nuevo\/nuevo-apple-iphone-plegable-informacion\" rel=\"nofollow noopener\" target=\"_blank\">Nuevo iPhone plegable &#8211; Todo lo que creemos saber sobre \u00e9l<\/a><\/p>\n","protected":false},"excerpt":{"rendered":"Si hoy te digo que Bill Gates fue, en su momento, el mayor evangelista del Mac, probablemente pensar\u00edas&hellip;\n","protected":false},"author":2,"featured_media":264923,"comment_status":"","ping_status":"","sticky":false,"template":"","format":"standard","meta":{"footnotes":""},"categories":[81],"tags":[119,123,124,25,24,117,121,122,23,118,120],"class_list":{"0":"post-264922","1":"post","2":"type-post","3":"status-publish","4":"format-standard","5":"has-post-thumbnail","7":"category-ciencia-y-tecnologia","8":"tag-ciencia","9":"tag-ciencia-y-tecnologia","10":"tag-cienciaytecnologia","11":"tag-es","12":"tag-espana","13":"tag-science","14":"tag-science-and-technology","15":"tag-scienceandtechnology","16":"tag-spain","17":"tag-technology","18":"tag-tecnologia"},"share_on_mastodon":{"url":"https:\/\/pubeurope.com\/@es\/115642790357410449","error":""},"_links":{"self":[{"href":"https:\/\/www.europesays.com\/es\/wp-json\/wp\/v2\/posts\/264922","targetHints":{"allow":["GET"]}}],"collection":[{"href":"https:\/\/www.europesays.com\/es\/wp-json\/wp\/v2\/posts"}],"about":[{"href":"https:\/\/www.europesays.com\/es\/wp-json\/wp\/v2\/types\/post"}],"author":[{"embeddable":true,"href":"https:\/\/www.europesays.com\/es\/wp-json\/wp\/v2\/users\/2"}],"replies":[{"embeddable":true,"href":"https:\/\/www.europesays.com\/es\/wp-json\/wp\/v2\/comments?post=264922"}],"version-history":[{"count":0,"href":"https:\/\/www.europesays.com\/es\/wp-json\/wp\/v2\/posts\/264922\/revisions"}],"wp:featuredmedia":[{"embeddable":true,"href":"https:\/\/www.europesays.com\/es\/wp-json\/wp\/v2\/media\/264923"}],"wp:attachment":[{"href":"https:\/\/www.europesays.com\/es\/wp-json\/wp\/v2\/media?parent=264922"}],"wp:term":[{"taxonomy":"category","embeddable":true,"href":"https:\/\/www.europesays.com\/es\/wp-json\/wp\/v2\/categories?post=264922"},{"taxonomy":"post_tag","embeddable":true,"href":"https:\/\/www.europesays.com\/es\/wp-json\/wp\/v2\/tags?post=264922"}],"curies":[{"name":"wp","href":"https:\/\/api.w.org\/{rel}","templated":true}]}}