{"id":264924,"date":"2025-12-01T06:02:16","date_gmt":"2025-12-01T06:02:16","guid":{"rendered":"https:\/\/www.europesays.com\/es\/264924\/"},"modified":"2025-12-01T06:02:16","modified_gmt":"2025-12-01T06:02:16","slug":"las-aerolineas-apuran-la-actualizacion-del-software-de-airbus-para-evitar-cancelaciones-la-voz-de-galicia","status":"publish","type":"post","link":"https:\/\/www.europesays.com\/es\/264924\/","title":{"rendered":"Las aerol\u00edneas apuran la actualizaci\u00f3n del \u00absoftware\u00bb de Airbus para evitar cancelaciones &#8211; La Voz de Galicia"},"content":{"rendered":"<ol>\n<li><a href=\"https:\/\/news.google.com\/rss\/articles\/CBMi2wFBVV95cUxPc0dsck1DWjVIdngxT2w2VS1mMFlfeWNSN0pYN0R3T1BCb0lGVHNHazdBOXFrN1RMdml5UkZaaTdLUVVyX3ZTZ3g0Q1N3VkR1OTJ4T2kxU2RkOWZvRnhfZ0FVbk85dFVPdEN0TXZwT0pRVl9pVzhvOUZFQjd3dWlyV2RyeUg2M1JxRlZrR3JWbG9wanFkaWY2N1VDS2IxV0dSYXIyYXQzeE1tRVdVdGlvdHRTbTBpVTdsRVl1SC1xX2tqcEozTGZiQ0RhNVN5bzkzc1E5M1BTT1RvTGfSAfcBQVVfeXFMTTZ6Qkc0T2FkUGNoUGZtNUFsWDQxeG1VaHQzaDFqN05nWFZpS1ZqWjMwLTN1bGJMTGxGN0VuWjJ5SWU0eVNzbW5NUnZwQWt6ZFpEdUFrOE9ZYTlCVjgxZjQ4Ml8wN2RfTXZXbE9QbVlWQ1Nrc091eVU5bmpBWk5SQ2xnYTgzMVl5QTZDUXhBTDVWelNiRmpSYnU1Ny05WTV2V285RHVrZUlNaDVqSjNjbDdzMHFlSmMxeEdjaUtLYXlhaDJXdGxGcEVKT3NhWThDd2lsc0xkOXRwR3liQ0lNcUt4X2hlblpsNXIxVlA0aldXMHFVd0c2Zw?oc=5\" target=\"_blank\" rel=\"nofollow noopener\">Las aerol\u00edneas apuran la actualizaci\u00f3n del \u00absoftware\u00bb de Airbus para evitar cancelaciones<\/a>&nbsp;&nbsp;La Voz de Galicia<\/li>\n<li><a href=\"https:\/\/news.google.com\/rss\/articles\/CBMi9gFBVV95cUxOVXV6b2JyOEl4NG1xNm11dFVLaEZoUmRIRW9Id3RxX1M5TE50NEFndXVka0t0S0VfTjNINXQwTXhybGx0eFBYX1dMMW9nUlRHU1gyMlVqNHFmakw1dFJVbXdrU19ZTW5XMDFsOVRBcklyNFZ6RjdUNWJDNjFwblBlNFBvOVdOTlJ6dEI2b3F5SDYwb1RoVHR6RmdCc1JPWVJPZ0pvU2YxRWxrSUI3M3NCZnlFbHRyMUctQWN2Z251NHZlclc0Y3o1NTk0clZGZlRzQWl3QjRlcGk0clhvNm1vR29wbnk3ZGlQNF80dXpHaWFvQXhURGc?oc=5\" target=\"_blank\" rel=\"nofollow noopener\">Un t\u00e9cnico de Airbus enviado a Estambul pone al d\u00eda el avi\u00f3n del Papa, uno de los afectados por el fallo de fabricaci\u00f3n<\/a>&nbsp;&nbsp;EL PA\u00cdS<\/li>\n<li><a href=\"https:\/\/news.google.com\/rss\/articles\/CBMifEFVX3lxTE5ycjN6aEJVQ2FZSGZHUVB5WHdhbUIyY19XOXFoUk1VcFhaWW15VG04OWJhYUwtbldUSVZXcS1ibmVmSXU3UlhtUzhNdHRnNFVaMTRhLVd2NWEzU29VZjdSLXVRMFNmeXFRZ0k0dDVUSGpEMkQ1aFdOdEpGZGPSAXxBVV95cUxNUDlYT3JvZEhoa3hOSjlrblhPZ19YLTd0dVFxNWZrV2wyQmtmUXVLQklpRnZ3R2UzOXRmQ014RmlnVlIzNjZrQUh1OTJLcjg3by1NMDRpU2F4LXNDdDFfWlVOOGNUaEk1aElIbW5sOE83LUhQNENTWkVrTzdH?oc=5\" target=\"_blank\" rel=\"nofollow noopener\">El avi\u00f3n A320 en el que viaja el papa Le\u00f3n XIV a Turqu\u00eda y el L\u00edbano, afectado por el fallo detectado por Airbus<\/a>&nbsp;&nbsp;El Mundo<\/li>\n<li><a href=\"https:\/\/news.google.com\/rss\/articles\/CBMirwFBVV95cUxOX0hyWWE4cWMtb1FGLWVxa0o3WWUyQjF6aVEwQ2JXSmNYMkI3TVRSWm1CYy1rUllOMW50QzhoWm44VGZJdUNuSDNxLXA2OTdJb2l1X2RMRi1EeDVQd1ZyMVNRZXJUVmpDMG9paDBiQVpWSFVHSkhIb1NBUFFSYk1MYW1lbTlUcWMxNWRZZ2FOT3VwclhfVFo5ZzFYSThEcVBjWTFZaldOaUNIbzRJc0Jr?oc=5\" target=\"_blank\" rel=\"nofollow noopener\">El fallo tecnol\u00f3gico que dej\u00f3 en tierra al avi\u00f3n m\u00e1s vendido<\/a>&nbsp;&nbsp;La Verdad<\/li>\n<li><a href=\"https:\/\/news.google.com\/rss\/articles\/CBMijwFBVV95cUxPSUVFeldKN3lNQ2c0dDFGYnNWZEowYWxMNnlQWHNaTkZ2NDdkYV9GWmtNNS1tYzVnSjNLVEc4bFRkZ3phUUk2UTliNlY3MmI2ZGhzcmswQlc2aTJTMnB4MnY3VUZtNGNlbmJzdmh6RTVwcFVrR2JnNV92czNJci1UOG9vb1pRZC1aWkdrTHF4d9IBjwFBVV95cUxNa3k4ZXVtY1dQWHhFQUNWUFJmclh6RkN0ODFYeUtxM0ZTOG1GMEtXQTROcWpvZDB1WkItYXU4TTc1eGpiR3hCMnJnT21DNWVCWmtmUmI0SElyMWdGTTFkQ0s4T1pxcUtaaENncHNzM0VUWGhJSmdVQUlmWjZNM2k3WVVfOTlLeVkyX0s0blBNTQ?oc=5\" target=\"_blank\" rel=\"nofollow noopener\">Airbus reconoce \u00abimportantes dificultades\u00bb por el fallo detectado en los A320<\/a>&nbsp;&nbsp;Expansi\u00f3n<\/li>\n<\/ol>\n","protected":false},"excerpt":{"rendered":"Las aerol\u00edneas apuran la actualizaci\u00f3n del \u00absoftware\u00bb de Airbus para evitar cancelaciones&nbsp;&nbsp;La Voz de Galicia Un t\u00e9cnico de&hellip;\n","protected":false},"author":2,"featured_media":264925,"comment_status":"","ping_status":"","sticky":false,"template":"","format":"standard","meta":{"footnotes":""},"categories":[80],"tags":[7160,82,95,94,25,24,23],"class_list":{"0":"post-264924","1":"post","2":"type-post","3":"status-publish","4":"format-standard","5":"has-post-thumbnail","7":"category-economia","8":"tag-aerolineas","9":"tag-business","10":"tag-economia","11":"tag-economy","12":"tag-es","13":"tag-espana","14":"tag-spain"},"share_on_mastodon":{"url":"https:\/\/pubeurope.com\/@es\/115642796944156929","error":""},"_links":{"self":[{"href":"https:\/\/www.europesays.com\/es\/wp-json\/wp\/v2\/posts\/264924","targetHints":{"allow":["GET"]}}],"collection":[{"href":"https:\/\/www.europesays.com\/es\/wp-json\/wp\/v2\/posts"}],"about":[{"href":"https:\/\/www.europesays.com\/es\/wp-json\/wp\/v2\/types\/post"}],"author":[{"embeddable":true,"href":"https:\/\/www.europesays.com\/es\/wp-json\/wp\/v2\/users\/2"}],"replies":[{"embeddable":true,"href":"https:\/\/www.europesays.com\/es\/wp-json\/wp\/v2\/comments?post=264924"}],"version-history":[{"count":0,"href":"https:\/\/www.europesays.com\/es\/wp-json\/wp\/v2\/posts\/264924\/revisions"}],"wp:featuredmedia":[{"embeddable":true,"href":"https:\/\/www.europesays.com\/es\/wp-json\/wp\/v2\/media\/264925"}],"wp:attachment":[{"href":"https:\/\/www.europesays.com\/es\/wp-json\/wp\/v2\/media?parent=264924"}],"wp:term":[{"taxonomy":"category","embeddable":true,"href":"https:\/\/www.europesays.com\/es\/wp-json\/wp\/v2\/categories?post=264924"},{"taxonomy":"post_tag","embeddable":true,"href":"https:\/\/www.europesays.com\/es\/wp-json\/wp\/v2\/tags?post=264924"}],"curies":[{"name":"wp","href":"https:\/\/api.w.org\/{rel}","templated":true}]}}