{"id":264928,"date":"2025-12-01T06:04:15","date_gmt":"2025-12-01T06:04:15","guid":{"rendered":"https:\/\/www.europesays.com\/es\/264928\/"},"modified":"2025-12-01T06:04:15","modified_gmt":"2025-12-01T06:04:15","slug":"una-mujer-hospitalizada-grave-tras-ser-apunalada-por-su-expareja-en-mallorca","status":"publish","type":"post","link":"https:\/\/www.europesays.com\/es\/264928\/","title":{"rendered":"Una mujer, hospitalizada grave tras ser apu\u00f1alada por su expareja en Mallorca"},"content":{"rendered":"<p class=\"article-text\">\n        Una mujer se encuentra hospitalizada en estado grave tras tras haber sido apu\u00f1alada presuntamente por su expareja la madrugada de este domingo en la localidad mallorquina de Costitx. El agresor ten\u00eda en vigor una orden de alejamiento que le prohib\u00eda acercarse a la v\u00edctima.\n    <\/p>\n<p class=\"article-text\">\n        El suceso ha ocurrido sobre las 05.12 horas, cuando la mujer sal\u00eda de una fiesta en una casa a las afueras de esta localidad del interior de la isla. Vulnerando la orden de protecci\u00f3n del sistema VioG\u00e9n, el hombre ha atacado a la mujer con un arma blanca, seg\u00fan ha informado la Guardia Civil.\n    <\/p>\n<p class=\"article-text\">\n        Tras la agresi\u00f3n, el supuesto autor de los hechos se ha autolesionado y ha sido atendido por los servicios de emergencia. Ambos han sido trasladados a un centro hospitalario, donde \u00e9l permanece ingresado bajo custodia policial.\n    <\/p>\n<p class=\"article-text\">\n        El Instituto Armado ha abierto una investigaci\u00f3n para esclarecer lo ocurrido y confirmar las circunstancias de la agresi\u00f3n.\n    <\/p>\n<p class=\"article-text\">\n        Tras conocer los hechos, la presidenta del Govern balear, Marga Prohens, ha condenado \u201ccon absoluta rotundidad\u201d este nuevo caso de violencia machista. \u201cTodos los servicios del IBDona est\u00e1n desplegados y a disposici\u00f3n de la v\u00edctima y su entorno. Todo mi afecto y apoyo a la familia y amistades\u201d, ha apuntado a trav\u00e9s de la red social &#8216;X&#8217;.\n    <\/p>\n<p class=\"article-text\">\n        Cabe recordar que las mujeres v\u00edctimas de violencia machista y su entorno pueden contactar con el servicio 24 horas del Instituto Balears de la Mujer (IBDona) a trav\u00e9s del tel\u00e9fono 900 178989 y, en caso de urgencia, tambi\u00e9n pueden llamar al 112.\n    <\/p>\n<p class=\"article-text\">\n        Por su lado, el 016 atiende a todas las v\u00edctimas de violencia machista las 24 horas del d\u00eda y en 53 idiomas diferentes, al igual que el correo\u00a0016-online@igualdad.gob.es; tambi\u00e9n se presta atenci\u00f3n mediante WhatsApp a trav\u00e9s del n\u00famero 600 000 016, y los menores pueden dirigirse al tel\u00e9fono de la Fundaci\u00f3n ANAR 900 20 20 10.\n    <\/p>\n<p>    <a href=\"https:\/\/www.eldiario.es\/sociedad\/amables-divertidos-comprometidos-maltratadores-son-hombres-normales_1_12786068.html\" data-mrf-recirculation=\"saber-mas-abajo\" data-dl-event=\"saber-mas-abajo\" rel=\"nofollow noopener\" target=\"_blank\"><\/p>\n<p class=\"know-more__title\">Amables, divertidos, comprometidos: los maltratadores son hombres &#8216;normales&#8217;\n<\/p>\n<p>            <img decoding=\"async\" class=\"lazy\" loading=\"lazy\" data-src=\"https:\/\/static.eldiario.es\/clip\/5b3208b1-5f7c-43e5-b78e-e7eaa4a60d4d_16-9-aspect-ratio_default_0.jpg\" src=\"data:image\/svg+xml,%3Csvg xmlns=\" http:=\"\" viewbox=\"0 0 880 495\" alt=\"Amables, divertidos, comprometidos: los maltratadores son hombres 'normales'\"\/><\/p>\n<p>                        <\/a><\/p>\n<p class=\"article-text\">\n        En una situaci\u00f3n de emergencia se puede contactar con los tel\u00e9fonos de la Polic\u00eda Nacional (091) y de la Guardia Civil (062), y en caso de no poder llamar se puede recurrir a la aplicaci\u00f3n ALERTCOPS, desde la que se env\u00eda una se\u00f1al de alerta a la Polic\u00eda con geolocalizaci\u00f3n.\n    <\/p>\n","protected":false},"excerpt":{"rendered":"Una mujer se encuentra hospitalizada en estado grave tras tras haber sido apu\u00f1alada presuntamente por su expareja la&hellip;\n","protected":false},"author":2,"featured_media":264929,"comment_status":"","ping_status":"","sticky":false,"template":"","format":"standard","meta":{"footnotes":""},"categories":[8],"tags":[65718,17,18,25,24,31654,13,14,12050,11,47095,19,20,2457,2461,9,10,15,16,23,12,21,22],"class_list":{"0":"post-264928","1":"post","2":"type-post","3":"status-publish","4":"format-standard","5":"has-post-thumbnail","7":"category-espana","8":"tag-apunalada","9":"tag-breaking-news","10":"tag-breakingnews","11":"tag-es","12":"tag-espana","13":"tag-expareja","14":"tag-featured-news","15":"tag-featurednews","16":"tag-grave","17":"tag-headlines","18":"tag-hospitalizada","19":"tag-latest-news","20":"tag-latestnews","21":"tag-mallorca","22":"tag-mujer","23":"tag-news","24":"tag-noticias","25":"tag-noticias-destacadas","26":"tag-noticiasdestacadas","27":"tag-spain","28":"tag-titulares","29":"tag-ultimas-noticias","30":"tag-ultimasnoticias"},"share_on_mastodon":{"url":"https:\/\/pubeurope.com\/@es\/115642804828220422","error":""},"_links":{"self":[{"href":"https:\/\/www.europesays.com\/es\/wp-json\/wp\/v2\/posts\/264928","targetHints":{"allow":["GET"]}}],"collection":[{"href":"https:\/\/www.europesays.com\/es\/wp-json\/wp\/v2\/posts"}],"about":[{"href":"https:\/\/www.europesays.com\/es\/wp-json\/wp\/v2\/types\/post"}],"author":[{"embeddable":true,"href":"https:\/\/www.europesays.com\/es\/wp-json\/wp\/v2\/users\/2"}],"replies":[{"embeddable":true,"href":"https:\/\/www.europesays.com\/es\/wp-json\/wp\/v2\/comments?post=264928"}],"version-history":[{"count":0,"href":"https:\/\/www.europesays.com\/es\/wp-json\/wp\/v2\/posts\/264928\/revisions"}],"wp:featuredmedia":[{"embeddable":true,"href":"https:\/\/www.europesays.com\/es\/wp-json\/wp\/v2\/media\/264929"}],"wp:attachment":[{"href":"https:\/\/www.europesays.com\/es\/wp-json\/wp\/v2\/media?parent=264928"}],"wp:term":[{"taxonomy":"category","embeddable":true,"href":"https:\/\/www.europesays.com\/es\/wp-json\/wp\/v2\/categories?post=264928"},{"taxonomy":"post_tag","embeddable":true,"href":"https:\/\/www.europesays.com\/es\/wp-json\/wp\/v2\/tags?post=264928"}],"curies":[{"name":"wp","href":"https:\/\/api.w.org\/{rel}","templated":true}]}}