{"id":264930,"date":"2025-12-01T06:05:20","date_gmt":"2025-12-01T06:05:20","guid":{"rendered":"https:\/\/www.europesays.com\/es\/264930\/"},"modified":"2025-12-01T06:05:20","modified_gmt":"2025-12-01T06:05:20","slug":"a-un-palmo-del-cielo-por-jorge-serrano","status":"publish","type":"post","link":"https:\/\/www.europesays.com\/es\/264930\/","title":{"rendered":"A un palmo del cielo, por Jorge Serrano"},"content":{"rendered":"<p data-gtm-element-container=\"modulo-texto-link\" class=\"paragraph\">El f\u00fatbol tiene una memoria extremadamente corta. Hace apenas un mes, la Real transitaba por un tramo en el que dominaban la duda y la irregularidad, un periodo donde resultaba dif\u00edcil imaginar una racha como la actual o una puesta en escena tan firme ante un rival de tanto nivel. Y sin embargo, la mejora ha sido evidente: en ritmo, en confianza, en competitividad y en sensaci\u00f3n de equipo. Lo que antes parec\u00eda improbable hoy se ha convertido en una versi\u00f3n reconocible, capaz de sostener partidos de m\u00e1xima exigencia sin perder la identidad. Ese salto es real, y conviene no olvidarlo.<\/p>\n<p data-gtm-element-container=\"modulo-texto-link\" class=\"paragraph\">Porque al otro lado estaba el Villarreal, y eso condiciona cualquier an\u00e1lisis. No se trata de un rival m\u00e1s: vive el mejor inicio liguero de su historia, juega con una velocidad y una claridad que muy pocos equipos pueden igualar, y se mueve ya en la zona donde solo aparecen Madrid y Bar\u00e7a. Competir ah\u00ed arriba requiere un nivel alt\u00edsimo. Y aun as\u00ed, la Real le igual\u00f3 durante muchos tramos, respondi\u00f3 golpe a golpe e incluso tuvo momentos en los que el 3-2 estuvo al alcance. Que eso ocurra ante un adversario tan afinado explica mejor que nada el crecimiento del equipo.<\/p>\n<p data-gtm-element-container=\"modulo-texto-link\" class=\"paragraph\">Al final, el partido se decidi\u00f3 en tres acciones aisladas, tres detalles donde el Villarreal impuso su talento diferencial. Esa es la distancia actual: peque\u00f1a, concreta, pero existente. Aun as\u00ed, la Real sale fortalecida. Porque m\u00e1s all\u00e1 del resultado, mostr\u00f3 la solidez de un equipo en ascenso, cada vez m\u00e1s preparado para competir contra los que viven un pelda\u00f1o por encima. Y eso, hace apenas unas semanas, parec\u00eda ciencia ficci\u00f3n. Hoy es una realidad. La Real estuvo a un palmo del cielo. Quiz\u00e1s tambi\u00e9n de la mentira y del enga\u00f1o, porque creerse y verse a la altura del Villarreal en el marcador, aunque pudo ser una realidad, ser\u00eda poco verdadera.<\/p>\n","protected":false},"excerpt":{"rendered":"El f\u00fatbol tiene una memoria extremadamente corta. Hace apenas un mes, la Real transitaba por un tramo en&hellip;\n","protected":false},"author":2,"featured_media":4414,"comment_status":"","ping_status":"","sticky":false,"template":"","format":"standard","meta":{"footnotes":""},"categories":[5],"tags":[17,18,25,24,13,14,11,19,20,9,10,15,16,23,12,21,22],"class_list":{"0":"post-264930","1":"post","2":"type-post","3":"status-publish","4":"format-standard","5":"has-post-thumbnail","7":"category-titulares","8":"tag-breaking-news","9":"tag-breakingnews","10":"tag-es","11":"tag-espana","12":"tag-featured-news","13":"tag-featurednews","14":"tag-headlines","15":"tag-latest-news","16":"tag-latestnews","17":"tag-news","18":"tag-noticias","19":"tag-noticias-destacadas","20":"tag-noticiasdestacadas","21":"tag-spain","22":"tag-titulares","23":"tag-ultimas-noticias","24":"tag-ultimasnoticias"},"share_on_mastodon":{"url":"https:\/\/pubeurope.com\/@es\/115642808629373609","error":""},"_links":{"self":[{"href":"https:\/\/www.europesays.com\/es\/wp-json\/wp\/v2\/posts\/264930","targetHints":{"allow":["GET"]}}],"collection":[{"href":"https:\/\/www.europesays.com\/es\/wp-json\/wp\/v2\/posts"}],"about":[{"href":"https:\/\/www.europesays.com\/es\/wp-json\/wp\/v2\/types\/post"}],"author":[{"embeddable":true,"href":"https:\/\/www.europesays.com\/es\/wp-json\/wp\/v2\/users\/2"}],"replies":[{"embeddable":true,"href":"https:\/\/www.europesays.com\/es\/wp-json\/wp\/v2\/comments?post=264930"}],"version-history":[{"count":0,"href":"https:\/\/www.europesays.com\/es\/wp-json\/wp\/v2\/posts\/264930\/revisions"}],"wp:featuredmedia":[{"embeddable":true,"href":"https:\/\/www.europesays.com\/es\/wp-json\/wp\/v2\/media\/4414"}],"wp:attachment":[{"href":"https:\/\/www.europesays.com\/es\/wp-json\/wp\/v2\/media?parent=264930"}],"wp:term":[{"taxonomy":"category","embeddable":true,"href":"https:\/\/www.europesays.com\/es\/wp-json\/wp\/v2\/categories?post=264930"},{"taxonomy":"post_tag","embeddable":true,"href":"https:\/\/www.europesays.com\/es\/wp-json\/wp\/v2\/tags?post=264930"}],"curies":[{"name":"wp","href":"https:\/\/api.w.org\/{rel}","templated":true}]}}