{"id":264931,"date":"2025-12-01T06:10:10","date_gmt":"2025-12-01T06:10:10","guid":{"rendered":"https:\/\/www.europesays.com\/es\/264931\/"},"modified":"2025-12-01T06:10:10","modified_gmt":"2025-12-01T06:10:10","slug":"la-leyenda-del-tenis-que-sorprendio-con-su-presencia-en-la-bombonera-durante-el-triunfo-de-boca-ante-argentinos","status":"publish","type":"post","link":"https:\/\/www.europesays.com\/es\/264931\/","title":{"rendered":"La leyenda del tenis que sorprendi\u00f3 con su presencia en La Bombonera durante el triunfo de Boca ante Argentinos"},"content":{"rendered":"<p class=\"paragraph\">El duelo entre <a rel=\"noopener noreferrer nofollow\" href=\"https:\/\/www.infobae.com\/deportes\/2025\/11\/30\/boca-juniors-recibira-a-argentinos-por-el-pase-a-las-semifinales-del-torneo-clausura-hora-tv-y-formaciones\/\" target=\"_blank\" title=\"https:\/\/www.infobae.com\/deportes\/2025\/11\/30\/boca-juniors-recibira-a-argentinos-por-el-pase-a-las-semifinales-del-torneo-clausura-hora-tv-y-formaciones\/\"><b>Boca Juniors<\/b> y <b>Argentinos Juniors<\/b>, correspondiente a los cuartos de final del <b>Torneo Clausura<\/b><\/a>, tuvo una espectadora de lujo: la tenista bielorrusa <b>Victoria Azarenka<\/b> dijo presente en la Bombonera y caus\u00f3 furor.<\/p>\n<p class=\"paragraph\">Antes de que comenzara la segunda etapa, cuando <b>Boca<\/b> ya se impon\u00eda 1-0 con gol de<b> Ayrton Costa<\/b>, la transmisi\u00f3n televisiva, a cargo de ESPN, mostr\u00f3 a la tenista en uno de los palcos del estadio. R\u00e1pidamente, la imagen se replic\u00f3 en las redes sociales, remarcando su presencia.<\/p>\n<p class=\"paragraph\">Luego, a poco del final, se pudo ver a la tenista recibir de manos de <b>Juan Rom\u00e1n Riquelme<\/b>, presidente del club, una camiseta del elenco azul y oro. Adem\u00e1s, posaron juntos en una foto.<\/p>\n<p class=\"paragraph\">Esta no es la primera vez que la tenista muestra arraigo con <b>Argentina<\/b>. En marzo, la ex n\u00famero uno del tenis femenino comparti\u00f3 en sus redes sociales una imagen que dio la vuelta al mundo.<\/p>\n<p><img alt=\"Azarenka, en acci\u00f3n durante el\" class=\"global-image\" decoding=\"async\" fetchpriority=\"low\" height=\"1850\" loading=\"lazy\" src=\"https:\/\/www.europesays.com\/es\/wp-content\/uploads\/2025\/12\/KK6IEZ27AFEURIHM4D53RUPQKQ.JPG\" width=\"2627\"\/>Azarenka, en acci\u00f3n durante el US Open (REUTERS\/Brendan Mcdermid)<\/p>\n<p class=\"paragraph\">En la fotograf\u00eda, publicada en su cuenta de X (@vika7), donde la siguen 1,3 millones de personas, se observ\u00f3 el interior de su autom\u00f3vil con un mate ubicado en el portavasos. La tenista bielorrusa acompa\u00f1\u00f3 la imagen con la frase: <b>\u201cDisfrutando el culto del mate\u201d.<\/b><\/p>\n<p class=\"paragraph\">A sus 36 a\u00f1os, <b>Azarenka<\/b> reside en <b>Montecarlo<\/b>, aunque naci\u00f3 en <b>Minsk<\/b>, y mantiene una relaci\u00f3n cercana con la cultura argentina. Su trayectoria en el circuito profesional la llev\u00f3 a liderar el ranking mundial de la <b>WTA<\/b> durante 51 semanas entre 2012 y 2013, y actualmente ocupa el puesto 134.<\/p>\n<p class=\"paragraph\">La afinidad de la tenista con <b>Argentina<\/b> no se limita al mate: el a\u00f1o pasado, durante el <b>Abierto de Australia<\/b> en <b>Melbourne<\/b>, confes\u00f3 su admiraci\u00f3n por <b>Lionel Messi<\/b>. En esa ocasi\u00f3n, declar\u00f3: <b>\u201cVi muchos videos de \u00e9l sent\u00e1ndose en el pasto yendo a ver partidos de sus hijos, me hace conectar con mis hijos tambi\u00e9n, es divertido\u2026 Personalmente no lo conoc\u00ed, fui a ver algunos partidos, no s\u00e9 si estoy preparada para conocerlo\u201d<\/b>.<\/p>\n<p class=\"paragraph\">La relaci\u00f3n de <b>Azarenka<\/b> con referentes argentinos se extiende tambi\u00e9n al \u00e1mbito deportivo fuera del tenis. La jugadora tom\u00f3 clases de polo con <b>Adolfo Cambiaso<\/b>, considerado una leyenda de ese deporte. Este acercamiento a figuras emblem\u00e1ticas y costumbres t\u00edpicas de <b>Argentina<\/b> refuerza el v\u00ednculo de la exn\u00famero uno con la cultura del pa\u00eds, m\u00e1s all\u00e1 de su carrera en el tenis profesional.<\/p>\n<p class=\"paragraph\">A lo largo de una trayectoria marcada por su tenacidad y consistencia, <b>Victoria Azarenka<\/b> ha conseguido establecerse como una de las m\u00e1ximas figuras del tenis femenino mundial. En el circuito profesional, la jugadora de <b>Bielorrusia<\/b> ostenta dos t\u00edtulos de <b>Grand Slam<\/b> en la modalidad individual, habi\u00e9ndose impuesto a <b>Mar\u00eda Shar\u00e1pova<\/b> en la final del <b>Abierto de Australia 2012<\/b>, y a <b>Li Na<\/b> en la edici\u00f3n de 2013.<\/p>\n<p class=\"paragraph\">Con ello, se convirti\u00f3 en la primera bielorrusa en lograr un <b>Grand Slam<\/b> en individuales, junto a triunfos en dobles mixtos en el <b>Abierto de Estados Unidos 2007<\/b> y el <b>Roland Garros 2008<\/b>. Adem\u00e1s, ha disputado 13 finales de Grand Slam y sumado 21 trofeos individuales en la <b>WTA<\/b>, diez de ellos en torneos de mayor jerarqu\u00eda.<\/p>\n<p class=\"paragraph\">El impacto de <b>Azarenka<\/b> traspas\u00f3 el \u00e1mbito de los torneos convencionales: en los <b>Juegos Ol\u00edmpicos de Londres 2012<\/b> hizo historia para su pa\u00eds al obtener la primera medalla ol\u00edmpica bielorrusa en tenis, al derrotar a <b>Mar\u00eda Kirilenko<\/b> en el partido por el bronce. Ese mismo a\u00f1o, junto a <b>Max Mirnyi<\/b>, se alz\u00f3 con el oro en dobles mixtos, superando a la dupla brit\u00e1nica compuesta por <b>Laura Robson<\/b> y <b>Andy Murray<\/b>.<\/p>\n<p class=\"paragraph\">La relaci\u00f3n de <b>Vika<\/b> con el tenis comenz\u00f3 en su infancia en <b>Minsk<\/b>, cuando su madre <b>Alla<\/b> la llev\u00f3 por primera vez a una cancha a los siete a\u00f1os; desde entonces, el deporte se transform\u00f3 en una meta vital. Durante su formaci\u00f3n, tuvo la gu\u00eda de la argentina <b>Bettina Fulco<\/b> durante dos a\u00f1os, etapa que consolid\u00f3 su estilo agresivo, de golpes planos y poderosos, y una marcada preferencia por las pistas duras. <b>Adora el rev\u00e9s, considera a Steffi Graf y Roger Federer ejemplos de profesionalismo y domina cuatro idiomas: bielorruso, espa\u00f1ol, ingl\u00e9s y ruso.<\/b><\/p>\n","protected":false},"excerpt":{"rendered":"El duelo entre Boca Juniors y Argentinos Juniors, correspondiente a los cuartos de final del Torneo Clausura, tuvo&hellip;\n","protected":false},"author":2,"featured_media":264932,"comment_status":"","ping_status":"","sticky":false,"template":"","format":"standard","meta":{"footnotes":""},"categories":[274],"tags":[168,25,24,3120,3119,23,3020,167,327,326,5512],"class_list":{"0":"post-264931","1":"post","2":"type-post","3":"status-publish","4":"format-standard","5":"has-post-thumbnail","7":"category-tenis","8":"tag-deportes","9":"tag-es","10":"tag-espana","11":"tag-new-york","12":"tag-north-america","13":"tag-spain","14":"tag-sport","15":"tag-sports","16":"tag-tenis","17":"tag-tennis","18":"tag-tensid"},"share_on_mastodon":{"url":"https:\/\/pubeurope.com\/@es\/115642828727814786","error":""},"_links":{"self":[{"href":"https:\/\/www.europesays.com\/es\/wp-json\/wp\/v2\/posts\/264931","targetHints":{"allow":["GET"]}}],"collection":[{"href":"https:\/\/www.europesays.com\/es\/wp-json\/wp\/v2\/posts"}],"about":[{"href":"https:\/\/www.europesays.com\/es\/wp-json\/wp\/v2\/types\/post"}],"author":[{"embeddable":true,"href":"https:\/\/www.europesays.com\/es\/wp-json\/wp\/v2\/users\/2"}],"replies":[{"embeddable":true,"href":"https:\/\/www.europesays.com\/es\/wp-json\/wp\/v2\/comments?post=264931"}],"version-history":[{"count":0,"href":"https:\/\/www.europesays.com\/es\/wp-json\/wp\/v2\/posts\/264931\/revisions"}],"wp:featuredmedia":[{"embeddable":true,"href":"https:\/\/www.europesays.com\/es\/wp-json\/wp\/v2\/media\/264932"}],"wp:attachment":[{"href":"https:\/\/www.europesays.com\/es\/wp-json\/wp\/v2\/media?parent=264931"}],"wp:term":[{"taxonomy":"category","embeddable":true,"href":"https:\/\/www.europesays.com\/es\/wp-json\/wp\/v2\/categories?post=264931"},{"taxonomy":"post_tag","embeddable":true,"href":"https:\/\/www.europesays.com\/es\/wp-json\/wp\/v2\/tags?post=264931"}],"curies":[{"name":"wp","href":"https:\/\/api.w.org\/{rel}","templated":true}]}}