{"id":264933,"date":"2025-12-01T06:11:11","date_gmt":"2025-12-01T06:11:11","guid":{"rendered":"https:\/\/www.europesays.com\/es\/264933\/"},"modified":"2025-12-01T06:11:11","modified_gmt":"2025-12-01T06:11:11","slug":"francesc-barber-punto-y-final-con-el-bh-coloma-team","status":"publish","type":"post","link":"https:\/\/www.europesays.com\/es\/264933\/","title":{"rendered":"Francesc Barber, punto y final con el BH Coloma Team"},"content":{"rendered":"<p>Con las<strong> dudas e interrogantes sobre el que ser\u00e1 su nuevo destino esta pr\u00f3xima y determinante temporada 2026<\/strong> en el plano individual, el ciclista de Ciutadella, <a href=\"https:\/\/www.menorca.info\/etiqueta\/Francesc+Barber.html?utm_source=Inline-tag&amp;utm_medium=internal\" rel=\"nofollow noopener\" target=\"_blank\">Francesc Barber<\/a>, anunciaba ayer en sus redes sociales\u2013 como tambi\u00e9n lo hac\u00eda el que ya es su ex equipo\u2013, su marcha definitiva del BH Coloma Team donde ha estado las dos \u00faltimas temporadas en la categor\u00eda sub23.<\/p>\n<p>\u00abCon esta temporada 2025 cierro una etapa muy bonita en mi vida, con \u00e9xitos y tambi\u00e9n momentos y \u00e9pocas dif\u00edciles, pero la cual he podido vivir con mucha ilusi\u00f3n desde que era un ni\u00f1o y que me ha acompa\u00f1ado durante muchos de mis a\u00f1os m\u00e1s importantes\u00bb, escrib\u00eda ayer el corredor menorqu\u00edn, quien<strong> todav\u00eda no ha hecho p\u00fablico su nuevo destino.<\/strong><\/p>\n<p>\u00abMe llevo grandes recuerdos, experiencias y amistades. Agradecido por la oportunidad brindada durante estos 2 a\u00f1os, los cuales<strong> he podido seguir creciendo como ciclista y tambi\u00e9n como persona<\/strong>\u00bb, subrayaba Barber, muy agradecido a patrocinadores, compa\u00f1eros y \u2018staff\u2019, \u00abpor el apoyo durante todo este tiempo\u00bb.<\/p>\n<p>Entre agradecimientos<\/p>\n<p>\u00abGracias por acompa\u00f1arme en este viaje.<strong> Lo que llega\u2026 pronto lo sabr\u00e9is para el 2026<\/strong>\u00bb, cerraba un Francesc Barber que recib\u00eda p\u00fablicamente el agradecimiento de La Nuc\u00eda BH Coloma Academy, \u00abpor tu esfuerzo, ilusi\u00f3n y compromiso\u00bb.<\/p>\n","protected":false},"excerpt":{"rendered":"Con las dudas e interrogantes sobre el que ser\u00e1 su nuevo destino esta pr\u00f3xima y determinante temporada 2026&hellip;\n","protected":false},"author":2,"featured_media":264934,"comment_status":"","ping_status":"","sticky":false,"template":"","format":"standard","meta":{"footnotes":""},"categories":[273],"tags":[313,312,168,25,24,8210,23,167],"class_list":{"0":"post-264933","1":"post","2":"type-post","3":"status-publish","4":"format-standard","5":"has-post-thumbnail","7":"category-ciclismo","8":"tag-ciclismo","9":"tag-cycling","10":"tag-deportes","11":"tag-es","12":"tag-espana","13":"tag-francesc-barber","14":"tag-spain","15":"tag-sports"},"share_on_mastodon":{"url":"https:\/\/pubeurope.com\/@es\/115642832192263050","error":""},"_links":{"self":[{"href":"https:\/\/www.europesays.com\/es\/wp-json\/wp\/v2\/posts\/264933","targetHints":{"allow":["GET"]}}],"collection":[{"href":"https:\/\/www.europesays.com\/es\/wp-json\/wp\/v2\/posts"}],"about":[{"href":"https:\/\/www.europesays.com\/es\/wp-json\/wp\/v2\/types\/post"}],"author":[{"embeddable":true,"href":"https:\/\/www.europesays.com\/es\/wp-json\/wp\/v2\/users\/2"}],"replies":[{"embeddable":true,"href":"https:\/\/www.europesays.com\/es\/wp-json\/wp\/v2\/comments?post=264933"}],"version-history":[{"count":0,"href":"https:\/\/www.europesays.com\/es\/wp-json\/wp\/v2\/posts\/264933\/revisions"}],"wp:featuredmedia":[{"embeddable":true,"href":"https:\/\/www.europesays.com\/es\/wp-json\/wp\/v2\/media\/264934"}],"wp:attachment":[{"href":"https:\/\/www.europesays.com\/es\/wp-json\/wp\/v2\/media?parent=264933"}],"wp:term":[{"taxonomy":"category","embeddable":true,"href":"https:\/\/www.europesays.com\/es\/wp-json\/wp\/v2\/categories?post=264933"},{"taxonomy":"post_tag","embeddable":true,"href":"https:\/\/www.europesays.com\/es\/wp-json\/wp\/v2\/tags?post=264933"}],"curies":[{"name":"wp","href":"https:\/\/api.w.org\/{rel}","templated":true}]}}