{"id":264935,"date":"2025-12-01T06:13:12","date_gmt":"2025-12-01T06:13:12","guid":{"rendered":"https:\/\/www.europesays.com\/es\/264935\/"},"modified":"2025-12-01T06:13:12","modified_gmt":"2025-12-01T06:13:12","slug":"izan-almansa-se-doctora-con-espana","status":"publish","type":"post","link":"https:\/\/www.europesays.com\/es\/264935\/","title":{"rendered":"Izan Almansa se doctora con Espa\u00f1a"},"content":{"rendered":"<p class=\"\">La nueva era <b>Chus Mateo<\/b> con <b>Espa\u00f1a<\/b> trajo varias novedades en su primera lista. El madrile\u00f1o convoc\u00f3 a <b>Llu\u00eds Costa<\/b> del <b>Granada<\/b> y a un desconocido <b>Great Osobor<\/b> desde el <b>Science City Jena<\/b> de la <b>Bundesliga<\/b> alemana. Ambos acud\u00edan a su primera llamada con la <b>Selecci\u00f3n<\/b>. Tambi\u00e9n enrol\u00f3 en la causa a un jovenc\u00edsimo <b>\u00c1lvaro C\u00e1rdenas<\/b> desde el <b>Peristeri<\/b> griego y a <b>Izan Almansa<\/b>.<\/p>\n<p class=\"\">El joven ala-p\u00edvot (20 a\u00f1os y 2,07 m) fue recuperado esta temporada por el <b>Madrid<\/b>, en el que se form\u00f3, tras probar durante los \u00faltimos cuatro a\u00f1os diferentes v\u00edas para entrar a la <b>NBA<\/b>. Intent\u00f3 el camino de <b>Estados Unidos<\/b> (<b>Overtime Elite y G League Ignite<\/b>) y el australiano con <b>Perth Wildcats<\/b>. Una doble aventura fallida.<\/p>\n<p class=\"\"><b>Almansa<\/b> trata de recuperar su carrera en un conjunto blanco con el que juega la <b>Liga U<\/b> con el filial, pero tambi\u00e9n alterna con los mayores (cuatro partidos en la <b>Liga Endesa<\/b> y dos en la <b>Euroliga<\/b>), abriendo una puerta para que la <b>Federaci\u00f3n Espa\u00f1ola de Baloncesto (FEB) <\/b>y Chus Mateo le llamaran para esta primera <b>Ventana<\/b> de clasificaci\u00f3n para el <b>Mundial de Qatar 2027<\/b>.<\/p>\n<p class=\"\">Y el murciano ha dejado muestras de su potencial y de su talento. Eso s\u00ed, ha ido de menos a m\u00e1s. En el triunfo contra <b>Dinamarca<\/b>, estuvo algo discreto con solo 4 puntos y 3 rebotes en 16 minutos sobre la pista del <b>Farum Arena<\/b>.<\/p>\n<p class=\"\">En la victoria frente a <b>Georgia<\/b>, dio un paso gigante al frente. Sobre todo, con la prematura lesi\u00f3n de <b>Great Osobor<\/b>. <b>Almansa<\/b> salt\u00f3 al parqu\u00e9 del <b>Santiago Mart\u00edn<\/b> a mitad del primer cuarto con 5-11 en el marcador a favor de los cauc\u00e1sicos y ayud\u00f3 de manera clara a la remontada de <b>Espa\u00f1a<\/b>.<\/p>\n<p class=\"\">La <b>Selecci\u00f3n<\/b> dio la vuelta al electr\u00f3nico en un segundo cuarto que <b>Almansa<\/b> disput\u00f3 \u00edntegro, del 19-22 del final del periodo inicial al 47-33 del descanso. El ala-p\u00edvot se fue a los vestuarios con <b>Espa\u00f1a<\/b> luciendo un +20 con \u00e9l en la cancha. <\/p>\n<p class=\"\">En esta primera intervenci\u00f3n hizo 6 de sus 12 tantos totales. Una anotaci\u00f3n final que hizo con un 4 de 4 en tiros de dos y un 4 de 5 desde la personal. Fall\u00f3 los dos triples que intent\u00f3. Adem\u00e1s, a\u00f1adi\u00f3 nueve rebotes, una asistencia y tres robos para un 24 de valoraci\u00f3n, la mayor del partido. Tambi\u00e9n su +32 con \u00e9l en pista fue la cima del enfrentamiento.<\/p>\n<p class=\"\">\u201cHemos sido s\u00f3lidos en defensa, hemos compartido bien la pelota y creo que ah\u00ed ha estado la clave de la victoria. Agradezco la confianza que me ha dado <b>Chus<\/b> estos d\u00edas. Eso me ha permitido darle energ\u00eda al equipo. Era la primera semana en la que est\u00e1bamos todos juntos. Y <b>Chus<\/b> y su staff lo han puesto f\u00e1cil. Ha sido sencillo entender las jugadas, lo que quer\u00edan y hemos disfrutado y ganado\u201d, asegur\u00f3 tras el partido <b>Almansa<\/b>, que fue imprescindible en defensa, con intensidad, con habilidad y con talento porque hay que tenerlo en ambos lados de la pista.<\/p>\n<p>Noticias relacionadas<\/p>\n<p class=\"\"><b>\u00a1Tus opiniones importan!<\/b><\/p>\n<p class=\"\">Comenta en los art\u00edculos y suscr\u00edbete gratis a nuestra <a href=\"https:\/\/asfan.as.com\/newsletters\/\" target=\"_blank\" rel=\"nofollow noopener\" title=\"https:\/\/asfan.as.com\/newsletters\/\">newsletter<\/a> y a las alertas informativas en la <a href=\"https:\/\/as.com\/aplicacion-de-as-n\/\" target=\"_blank\" rel=\"nofollow noopener\" title=\"https:\/\/as.com\/aplicacion-de-as-n\/\">App<\/a> o el canal de <a href=\"https:\/\/www.whatsapp.com\/channel\/0029VaAasdA7j6g745nz9M10\" target=\"_blank\" rel=\"nofollow noopener\" title=\"https:\/\/www.whatsapp.com\/channel\/0029VaAasdA7j6g745nz9M10\">WhatsApp<\/a>. \u00bfBuscas licenciar contenido? Haz clic <a href=\"https:\/\/profesional.elpais.com\/soluciones-sindicacion?utm_medium=interno&amp;utm_source=crosslinking&amp;utm_campaign=sindicacion_as_pie_articulos\" target=\"_blank\" rel=\"nofollow noopener\" title=\"https:\/\/profesional.elpais.com\/soluciones-sindicacion?utm_medium=interno&amp;utm_source=crosslinking&amp;utm_campaign=sindicacion_as_pie_articulos\">aqu\u00ed<\/a><\/p>\n","protected":false},"excerpt":{"rendered":"La nueva era Chus Mateo con Espa\u00f1a trajo varias novedades en su primera lista. El madrile\u00f1o convoc\u00f3 a&hellip;\n","protected":false},"author":2,"featured_media":264936,"comment_status":"","ping_status":"","sticky":false,"template":"","format":"standard","meta":{"footnotes":""},"categories":[269],"tags":[299,298,168,25,24,23,167],"class_list":{"0":"post-264935","1":"post","2":"type-post","3":"status-publish","4":"format-standard","5":"has-post-thumbnail","7":"category-baloncesto","8":"tag-baloncesto","9":"tag-basketball","10":"tag-deportes","11":"tag-es","12":"tag-espana","13":"tag-spain","14":"tag-sports"},"share_on_mastodon":{"url":"https:\/\/pubeurope.com\/@es\/115642840220981873","error":""},"_links":{"self":[{"href":"https:\/\/www.europesays.com\/es\/wp-json\/wp\/v2\/posts\/264935","targetHints":{"allow":["GET"]}}],"collection":[{"href":"https:\/\/www.europesays.com\/es\/wp-json\/wp\/v2\/posts"}],"about":[{"href":"https:\/\/www.europesays.com\/es\/wp-json\/wp\/v2\/types\/post"}],"author":[{"embeddable":true,"href":"https:\/\/www.europesays.com\/es\/wp-json\/wp\/v2\/users\/2"}],"replies":[{"embeddable":true,"href":"https:\/\/www.europesays.com\/es\/wp-json\/wp\/v2\/comments?post=264935"}],"version-history":[{"count":0,"href":"https:\/\/www.europesays.com\/es\/wp-json\/wp\/v2\/posts\/264935\/revisions"}],"wp:featuredmedia":[{"embeddable":true,"href":"https:\/\/www.europesays.com\/es\/wp-json\/wp\/v2\/media\/264936"}],"wp:attachment":[{"href":"https:\/\/www.europesays.com\/es\/wp-json\/wp\/v2\/media?parent=264935"}],"wp:term":[{"taxonomy":"category","embeddable":true,"href":"https:\/\/www.europesays.com\/es\/wp-json\/wp\/v2\/categories?post=264935"},{"taxonomy":"post_tag","embeddable":true,"href":"https:\/\/www.europesays.com\/es\/wp-json\/wp\/v2\/tags?post=264935"}],"curies":[{"name":"wp","href":"https:\/\/api.w.org\/{rel}","templated":true}]}}