{"id":264945,"date":"2025-12-01T06:20:09","date_gmt":"2025-12-01T06:20:09","guid":{"rendered":"https:\/\/www.europesays.com\/es\/264945\/"},"modified":"2025-12-01T06:20:09","modified_gmt":"2025-12-01T06:20:09","slug":"llega-red-un-documental-para-concienciar-sobre-el-vih","status":"publish","type":"post","link":"https:\/\/www.europesays.com\/es\/264945\/","title":{"rendered":"Llega RED, un documental para concienciar sobre el VIH"},"content":{"rendered":"<p>Echar la vista atr\u00e1s para aprender y no olvidar es una tarea necesaria en numerosas facetas de la vida. Y el \u00e1mbito de la salud no se queda atr\u00e1s, sobre todo cuando se trata de concienciar sobre enfermedades que, a priori, parecen olvidadas, aunque no est\u00e9n desterradas. Es el caso del <b>VIH <\/b>que, pese a los enormes avances cient\u00edficos logrados, contin\u00faa siendo un problema de salud p\u00fablica de primera magnitud en nuestro pa\u00eds.<\/p>\n<p>Ahora, m\u00e1s de 40 a\u00f1os despu\u00e9s de los primeros casos de VIH en el mundo y en el contexto del <b>D\u00eda Mundial de la Lucha Contra el Sida<\/b> \u2013que se celebra cada 1 de diciembre\u2013 llega RED, un nuevo documental que est\u00e1 disponible de forma gratuita en la <b>plataforma CaixaForum+<\/b> y que invita a recorrer las \u00faltimas cuatro d\u00e9cadas de la mano de quienes han vivido la epidemia en primera persona y de quienes hoy trabajan para transformarla.<\/p>\n<p><b>Dirigido por Alejandro Mar\u00edn, Carmen Men\u00e9ndez y Pol Mansachs<\/b>, RED es un documental tan impactante como necesario, pues narra con un lenguaje divulgativo y atractivo los extraordinarios avances cient\u00edficos realizados en estas d\u00e9cadas, sumados a testimonios personales y a la labor del activismo. Y lo hace gracias a la colaboraci\u00f3n con IrsiCaixa, centro impulsado conjuntamente por la Fundaci\u00f3n \u201dla Caixa\u201d y el Departamento de Salud de la Generalitat de Catalu\u00f1a.<\/p>\n<p>Romper tab\u00faes<\/p>\n<p>Seg\u00fan datos oficiales, <b>Espa\u00f1a contin\u00faa encadenando m\u00e1s de 15 a\u00f1os con una cifra anual de nuevos diagn\u00f3sticos de VIH superior a los 3.000 casos<\/b> (3.196 casos en 2023 seg\u00fan el Informe de Vigilancia Epidemiol\u00f3gica, el \u00faltimo publicado por el Ministerio de Sanidad), lo que pone de manifiesto que sigue quedando mucho por hacer a nivel de concienciaci\u00f3n para romper tab\u00faes y mejorar la prevenci\u00f3n. As\u00ed, <b>RED ayuda a desmontar el estigma y los estereotipos <\/b>a partir del conocimiento, compartiendo informaci\u00f3n rigurosa y accesible. \u00abTrabajar en la documentaci\u00f3n y compartir experiencias con los protagonistas me hizo ver la cantidad de informaci\u00f3n que no retenemos y lo importante que es explicarla para que el mundo tenga una visi\u00f3n del VIH informada y real\u00bb, reconoce Alejandro Mar\u00edn.<\/p>\n<p>Resulta fundamental comprender el pasado y analizar las oportunidades del futuro para transformar la mirada del VIH en el presente. Y de ello bien sabe <b>Mar\u00eda Jos\u00e9 Fuster<\/b>, activista, cient\u00edfica psicosocial y profesora de la Universidad Nacional de Educaci\u00f3n a Distancia (UNED), y una de las participantes en el documental, quien lamenta que \u00abla forma del lenguaje ayud\u00f3 a construir un estigma que a\u00fan no hemos deconstruido. Antes se hablaba de muerte, culpables y amenaza\u00bb.<\/p>\n<p>Aquella era la \u00e9poca en la que el VIH era sin\u00f3nimo de condena de muerte, pero eso ya pertenece al pasado:<b> hoy, gracias a los avances cient\u00edficos, las personas con VIH pueden llevar una vida larga, saludable y sin riesgo de transmisi\u00f3n cuando el virus es indetectable<\/b>. De hecho, \u00abaunque el VIH sigue siendo un virus complejo \u2013capaz de atacar el sistema inmunitario, mutar con rapidez y esconderse de las defensas\u2013, la ciencia ha avanzado enormemente en el tratamiento, la prevenci\u00f3n y la b\u00fasqueda de curaci\u00f3n\u00bb, explica <b>Julia Garc\u00eda Prado<\/b>, investigadora de IrsiCaixa y voz cient\u00edfica en RED.<\/p>\n<p>Hoy, los tratamientos mantienen el virus indetectable e intransmisible, e incluyen <b>nuevas terapias<\/b> inyectables de larga duraci\u00f3n \u2013hasta seis meses\u2013 y f\u00e1rmacos preventivos que mejoran la calidad de vida, aunque no evitan el aumento de comorbilidades en las personas con VIH. Aun as\u00ed, la desigualdad en el acceso al tratamiento sigue siendo una realidad global. Seg\u00fan Onusida, 40,8 millones de personas viven con VIH en el mundo y m\u00e1s de 630.000 murieron en 2025 por causas relacionadas con el sida. Y aunque alrededor del 76% de los adultos recibe terapia antirretroviral, la cobertura var\u00eda mucho seg\u00fan la regi\u00f3n a la que se mire, pues en \u00c1frica muchas personas a\u00fan se enfrentan a barreras, mientras que en Europa casi nueve de cada 10 personas diagnosticadas recibe tratamiento.<\/p>\n<p>Futuro esperanzador<\/p>\n<p>La investigaci\u00f3n en VIH ha generado un conocimiento clave sobre el sistema inmunitario, esencial para afrontar nuevos retos de salud global como pandemias y brotes emergentes. \u00abLos virus fueron los primeros en aparecer y probablemente ser\u00e1n los \u00faltimos en abandonar la Tierra\u00bb, recuerda <b>Bonaventura Clotet<\/b>, director de IrsiCaixa, quien hace hincapi\u00e9 en el documental que <b>\u00abla tarea pendiente es encontrar la curaci\u00f3n para el VIH\u00bb. <\/b>Por ello, en RED se exploran las investigaciones m\u00e1s prometedoras: desde trasplantes de c\u00e9lulas madre hasta vacunas terap\u00e9uticas desarrolladas en distintos laboratorios del mundo.<\/p>\n","protected":false},"excerpt":{"rendered":"Echar la vista atr\u00e1s para aprender y no olvidar es una tarea necesaria en numerosas facetas de la&hellip;\n","protected":false},"author":2,"featured_media":264946,"comment_status":"","ping_status":"","sticky":false,"template":"","format":"standard","meta":{"footnotes":""},"categories":[169],"tags":[177,146,147,25,24,176,175,23],"class_list":{"0":"post-264945","1":"post","2":"type-post","3":"status-publish","4":"format-standard","5":"has-post-thumbnail","7":"category-cine","8":"tag-cine","9":"tag-entertainment","10":"tag-entretenimiento","11":"tag-es","12":"tag-espana","13":"tag-film","14":"tag-movies","15":"tag-spain"},"share_on_mastodon":{"url":"https:\/\/pubeurope.com\/@es\/115642867607776628","error":""},"_links":{"self":[{"href":"https:\/\/www.europesays.com\/es\/wp-json\/wp\/v2\/posts\/264945","targetHints":{"allow":["GET"]}}],"collection":[{"href":"https:\/\/www.europesays.com\/es\/wp-json\/wp\/v2\/posts"}],"about":[{"href":"https:\/\/www.europesays.com\/es\/wp-json\/wp\/v2\/types\/post"}],"author":[{"embeddable":true,"href":"https:\/\/www.europesays.com\/es\/wp-json\/wp\/v2\/users\/2"}],"replies":[{"embeddable":true,"href":"https:\/\/www.europesays.com\/es\/wp-json\/wp\/v2\/comments?post=264945"}],"version-history":[{"count":0,"href":"https:\/\/www.europesays.com\/es\/wp-json\/wp\/v2\/posts\/264945\/revisions"}],"wp:featuredmedia":[{"embeddable":true,"href":"https:\/\/www.europesays.com\/es\/wp-json\/wp\/v2\/media\/264946"}],"wp:attachment":[{"href":"https:\/\/www.europesays.com\/es\/wp-json\/wp\/v2\/media?parent=264945"}],"wp:term":[{"taxonomy":"category","embeddable":true,"href":"https:\/\/www.europesays.com\/es\/wp-json\/wp\/v2\/categories?post=264945"},{"taxonomy":"post_tag","embeddable":true,"href":"https:\/\/www.europesays.com\/es\/wp-json\/wp\/v2\/tags?post=264945"}],"curies":[{"name":"wp","href":"https:\/\/api.w.org\/{rel}","templated":true}]}}