{"id":264947,"date":"2025-12-01T06:21:08","date_gmt":"2025-12-01T06:21:08","guid":{"rendered":"https:\/\/www.europesays.com\/es\/264947\/"},"modified":"2025-12-01T06:21:08","modified_gmt":"2025-12-01T06:21:08","slug":"los-espanoles-cada-vez-se-apuntan-mas-a-la-seleccion","status":"publish","type":"post","link":"https:\/\/www.europesays.com\/es\/264947\/","title":{"rendered":"\u00abLos espa\u00f1oles cada vez se apuntan m\u00e1s a la selecci\u00f3n\u00bb"},"content":{"rendered":"<p style=\"\">Noventa minutos separan a la selecci\u00f3n espa\u00f1ola femenina de un nuevo t\u00edtulo. Con una versi\u00f3n muy mejorable, pero sac\u00f3 un empate de Alemania que le permite acudir al Metropolitano con la final igualada en busca de su segunda Liga de Naciones. Tambi\u00e9n ser\u00eda la segunda  &#8230; para Mar\u00eda M\u00e9ndez (Oviedo, 24 a\u00f1os), ilusionada por la posibilidad de volver a ganar un t\u00edtulo con Espa\u00f1a, satisfecha por ver c\u00f3mo la brecha entre su Real Madrid y el Bar\u00e7a se reduce con el tiempo y apenada por el cierre pr\u00f3ximo al que parece abocado el Levante, el club en el que dio el gran salto.<\/p>\n<p class=\"voc-p\" style=\"\"><strong>-Se encuentran inmersas en una nueva final, la cuarta en tres a\u00f1os, unos meses despu\u00e9s de la de la Eurocopa. \u00bfUna se acostumbra a jugar finales?<\/strong><\/p>\n<p class=\"voc-p\" style=\"\">-No te acostumbras, siempre le tienes un respeto a cualquier equipo, pero orgullosa, con responsabilidad de defender un t\u00edtulo y de saber que tenemos el martes un partido muy importante que te puede dar un t\u00edtulo m\u00e1s.<\/p>\n<p class=\"voc-p\" style=\"\"><strong>-\u00bfQu\u00e9 supone jugar en un escenario como el Metropolitano?<\/strong><\/p>\n<p class=\"voc-p\" style=\"\">-Va a ser un escenario muy bonito, en el que nunca ha jugado la selecci\u00f3n. La Federaci\u00f3n ha hecho un trabajo incre\u00edble, creo que va a haber r\u00e9cord de asistencia. Los espa\u00f1oles cada vez se est\u00e1n apuntando m\u00e1s a lo que es la selecci\u00f3n espa\u00f1ola femenina. Para nosotras es un orgullo y nos da un plus en el campo.<\/p>\n<p class=\"voc-p\" style=\"\"><strong>-La final de la Euro tuvo un duro desenlace para ustedes. \u00bfEs una espina que se puede llegar a sacar?<\/strong><\/p>\n<p class=\"voc-p\" style=\"\">-S\u00ed, totalmente. En toda final, en todo partido sabes que puedes ganar o perder. S\u00ed que es verdad que, como se dieron las cosas, a nosotras nos doli\u00f3 mucho, al final pierdes una Euro. Pero tenemos otro partido contra ellas en la fase de grupos de clasificaci\u00f3n al Mundial y nos prepararemos para llegar mejor y poder conseguir la victoria.<\/p>\n<p class=\"voc-p\" style=\"\"><strong>-Tras esa derrota lleg\u00f3 el cambio en el banquillo de la selecci\u00f3n. \u00bfQu\u00e9 le pareci\u00f3 la llegada de Sonia Berm\u00fadez?<\/strong><\/p>\n<p class=\"voc-p\" style=\"\">-Bien. Bueno, ah\u00ed nosotras como jugadoras poco podemos decir. Nosotras nos adaptamos a los cambios que sean, siempre que sean para mejor. Nosotras pensamos en f\u00fatbol. Cuando ha entrado Sonia, los resultados han sido muy buenos, cada vez crecemos m\u00e1s, estamos formando un grupo con cosas nuevas y estamos muy contentas. <\/p>\n<p class=\"voc-p\" style=\"\"><strong>-\u00bfEn qu\u00e9 ha cambiado la selecci\u00f3n con Berm\u00fadez?<\/strong><\/p>\n<p class=\"voc-p\" style=\"\">-Cada uno tiene sus puntos, pero s\u00ed que es verdad que somos una selecci\u00f3n que llevamos trabajando juntas durante mucho tiempo. Cuanta m\u00e1s libertad y m\u00e1s podamos disfrutar nosotras\u2026 Es lo que han hecho, darle continuidad a eso con los peque\u00f1os matices que tiene cada entrenador y cada cuerpo t\u00e9cnico. <\/p>\n<p class=\"voc-p\" style=\"\"><strong>-Tambi\u00e9n hubo un cambio en el banquillo del Madrid. \u00bfC\u00f3mo lo vio y c\u00f3mo eval\u00faa la temporada hasta ahora?<\/strong><\/p>\n<p class=\"voc-p\" style=\"\">-Estamos en un buen momento, cada vez estamos m\u00e1s cerca de los grandes. En Champions estamos en una posici\u00f3n muy buena, tenemos ahora los dos partidos que nos quedan de la fase de grupos, pero tenemos siete puntos y con una victoria creo que ya nos colocamos ah\u00ed en la parte alta de la clasificaci\u00f3n. En Liga tambi\u00e9n estamos en una posici\u00f3n muy buena. Estamos creciendo mucho a nivel t\u00e1ctico, a nivel de juego, confiamos en todas las jugadoras, en todo el staff. Estamos disfrutando, que es lo m\u00e1s importante, y so\u00f1amos con conseguir alg\u00fan t\u00edtulo a corto plazo.<\/p>\n<p class=\"voc-p\" style=\"\"><strong>-Llegaba el Madrid en buena forma, pero sali\u00f3 goleado en el cl\u00e1sico. \u00bfLa diferencia vuelve a ser m\u00e1s grande?<\/strong><\/p>\n<p class=\"voc-p\" style=\"\">-Para m\u00ed no es lo que vivimos el a\u00f1o pasado o en otros cl\u00e1sicos. El resultado me parece muy abultado para lo que pudimos ver en el campo. Al final el f\u00fatbol se mide por los goles y no conseguimos ninguno, pero tuvimos muchas m\u00e1s ocasiones claras que otros a\u00f1os como para poder haberles hecho mucho m\u00e1s da\u00f1o. El partido estaba muy abierto hasta el penalti que fallamos. No conseguimos materializar las ocasiones, pero se han creado, se le ha hecho mucho da\u00f1o al Bar\u00e7a y no me parece que haya una brecha enorme como pod\u00eda haber otros a\u00f1os. Seguiremos trabajando para que eso no vuelva a pasar y que las ocasiones que tuvimos, ya que conseguimos llegar a su \u00e1rea, algo que otros a\u00f1os era muy dif\u00edcil, pues se puedan meter y la brecha cada vez disminuya m\u00e1s. <\/p>\n<p class=\"voc-p\" style=\"\"><strong>-\u00bfLe falta al Madrid ambici\u00f3n para poder acercarse al Bar\u00e7a?<\/strong><\/p>\n<p class=\"voc-p\" style=\"\">-No s\u00e9 si la sensaci\u00f3n es ambici\u00f3n o no. Pero tanto la \u00faltima vez que nos enfrentamos el a\u00f1o pasado, que les ganamos, como esta, creo que la mentalidad del equipo es otra. Al final sales de t\u00fa a t\u00fa y sales a jugar contra el Bar\u00e7a igual que sales a jugar contra el Arsenal en Champions. Es un partido, 90 minutos en los que todo puede pasar, no tienes miedo al rival, tienes la capacidad o tienes la responsabilidad de poder jugar el bal\u00f3n, de poder atacar en \u00e1rea rival. No les tienes miedo ni mucho menos como creo que pasaba hace a\u00f1os. Cuando te quitas ese peso de encima de jugar de t\u00fa a t\u00fa, creo que es cuando salen y fluyen las cosas. Obviamente no puedes estar contento cuando pierdes, pero creo que las cosas cada vez se est\u00e1n haciendo mejor, cada vez la diferencia es menos y cada vez estamos m\u00e1s cerca. <\/p>\n<p class=\"voc-p\" style=\"\"><strong>-\u00bfC\u00f3mo se acogi\u00f3 en su familia que quisiera jugar al f\u00fatbol?<\/strong><\/p>\n<p class=\"voc-p\" style=\"\">-Con total naturalidad. Mis padres quer\u00edan mi felicidad y si mi felicidad era jugar al f\u00fatbol, pues adelante con lo que yo quisiera. Siempre me han apoyado y la verdad que yo puedo presumir de ello. Hay otras compa\u00f1eras que no les ha sido tan f\u00e1cil por su entorno, pero para m\u00ed ha sido superf\u00e1cil, siempre me han respetado. <\/p>\n<p class=\"voc-p\" style=\"\"><strong>-El club en el que dio un gran salto en su carrera est\u00e1 considerando vender el equipo femenino por las dificultades econ\u00f3micas que atraviesa el club. \u00bfQu\u00e9 le parece?<\/strong><\/p>\n<p class=\"voc-p\" style=\"\">-Me da una pena tremenda. Antes de que yo estuviera all\u00ed, el Levante femenino ha sido un equipo hist\u00f3rico. Que en tan poco tiempo se haya deshecho, se haya dejado ir por circunstancias econ\u00f3micas es triste. Pero bueno, nosotras como jugadoras o la secci\u00f3n del femenino poco puede hacer en ese sentido porque dependes del club. Pero s\u00ed que es triste porque se han conseguido muchas cosas, se han dado pasos muy grandes en el equipo femenino como para que ahora en tan poco tiempo se caiga.<\/p>\n","protected":false},"excerpt":{"rendered":"Noventa minutos separan a la selecci\u00f3n espa\u00f1ola femenina de un nuevo t\u00edtulo. Con una versi\u00f3n muy mejorable, pero&hellip;\n","protected":false},"author":2,"featured_media":264948,"comment_status":"","ping_status":"","sticky":false,"template":"","format":"standard","meta":{"footnotes":""},"categories":[93],"tags":[5540,168,25,24,11907,1932,29910,1988,23,167,1079],"class_list":{"0":"post-264947","1":"post","2":"type-post","3":"status-publish","4":"format-standard","5":"has-post-thumbnail","7":"category-deportes","8":"tag-apuntan","9":"tag-deportes","10":"tag-es","11":"tag-espana","12":"tag-espanoles","13":"tag-maria","14":"tag-mendez","15":"tag-seleccion","16":"tag-spain","17":"tag-sports","18":"tag-vez"},"share_on_mastodon":{"url":"https:\/\/pubeurope.com\/@es\/115642871714804256","error":""},"_links":{"self":[{"href":"https:\/\/www.europesays.com\/es\/wp-json\/wp\/v2\/posts\/264947","targetHints":{"allow":["GET"]}}],"collection":[{"href":"https:\/\/www.europesays.com\/es\/wp-json\/wp\/v2\/posts"}],"about":[{"href":"https:\/\/www.europesays.com\/es\/wp-json\/wp\/v2\/types\/post"}],"author":[{"embeddable":true,"href":"https:\/\/www.europesays.com\/es\/wp-json\/wp\/v2\/users\/2"}],"replies":[{"embeddable":true,"href":"https:\/\/www.europesays.com\/es\/wp-json\/wp\/v2\/comments?post=264947"}],"version-history":[{"count":0,"href":"https:\/\/www.europesays.com\/es\/wp-json\/wp\/v2\/posts\/264947\/revisions"}],"wp:featuredmedia":[{"embeddable":true,"href":"https:\/\/www.europesays.com\/es\/wp-json\/wp\/v2\/media\/264948"}],"wp:attachment":[{"href":"https:\/\/www.europesays.com\/es\/wp-json\/wp\/v2\/media?parent=264947"}],"wp:term":[{"taxonomy":"category","embeddable":true,"href":"https:\/\/www.europesays.com\/es\/wp-json\/wp\/v2\/categories?post=264947"},{"taxonomy":"post_tag","embeddable":true,"href":"https:\/\/www.europesays.com\/es\/wp-json\/wp\/v2\/tags?post=264947"}],"curies":[{"name":"wp","href":"https:\/\/api.w.org\/{rel}","templated":true}]}}