{"id":264949,"date":"2025-12-01T06:22:08","date_gmt":"2025-12-01T06:22:08","guid":{"rendered":"https:\/\/www.europesays.com\/es\/264949\/"},"modified":"2025-12-01T06:22:08","modified_gmt":"2025-12-01T06:22:08","slug":"dia-mundial-del-sida-asi-ha-sido-la-lucha-global-contra-el-vih-a-lo-largo-de-cuatro-decadas","status":"publish","type":"post","link":"https:\/\/www.europesays.com\/es\/264949\/","title":{"rendered":"D\u00eda Mundial del Sida: as\u00ed ha sido la lucha global contra el VIH a lo largo de cuatro d\u00e9cadas"},"content":{"rendered":"<p>Cada a\u00f1o desde 1988, una comunidad global de cient\u00edficos, m\u00e9dicos, familias y activistas <strong>conmemora el D\u00eda Mundial del Sida<\/strong> el 1 de diciembre para recordar a las v\u00edctimas de la epidemia de VIH\/sida y promover los esfuerzos para ponerle fin.<\/p>\n<p>Desde el inicio de la crisis, unos <strong>44,1 millones de personas han muerto en el mundo por causas relacionadas con el VIH<\/strong> (virus de la inmunodeficiencia humana), que causa el sida (s\u00edndrome de inmunodeficiencia adquirida). Unos 91,4 millones de personas se han infectado de VIH.<\/p>\n<p>Pese a los grandes avances cient\u00edficos en la prevenci\u00f3n y el tratamiento del VIH en las \u00faltimas d\u00e9cadas, <strong>expertos en salud global han advertido que los recortes de financiaci\u00f3n recientes<\/strong> de los pa\u00edses ricos podr\u00edan <a href=\"https:\/\/es.euronews.com\/salud\/2025\/02\/01\/la-pausa-de-trump-en-la-ayuda-exterior-aumenta-el-riesgo-de-vih-para-millones-advierte-la-\" rel=\"nofollow noopener\" target=\"_blank\"><strong>provocar un resurgimiento<\/strong><\/a> en las regiones m\u00e1s afectadas.<\/p>\n<p>En el trig\u00e9simo s\u00e9ptimo <strong>D\u00eda Mundial del Sida<\/strong>, estos son ocho hitos clave en la lucha contra una de las epidemias m\u00e1s devastadoras de la historia:<\/p>\n<p>1981: primeros casos notificados<\/p>\n<p>En junio de 1981, las autoridades sanitarias de Estados Unidos informaron de <strong>una misteriosa enfermedad que afectaba a un grupo de j\u00f3venes<\/strong> gais previamente sanos, todos ellos acabaron muriendo con el tiempo. Pronto se identificaron cientos de casos m\u00e1s, tambi\u00e9n entre personas que consum\u00edan drogas, hemof\u00edlicos y receptores de transfusiones de sangre.<\/p>\n<p>El primer sistema de vigilancia del sida en Europa <strong>se implant\u00f3 en 1984<\/strong>, y a finales de 1985 ya estaba disponible una prueba del VIH en el Reino Unido. Fue el inicio de lo que se conocer\u00eda como la <a href=\"https:\/\/es.euronews.com\/salud\/2024\/11\/30\/el-numero-de-europeos-diagnosticados-de-vih-aumento-en-2023-con-nuevos-casos-en-la-mayoria\" rel=\"nofollow noopener\" target=\"_blank\">epidemia de VIH\/sida<\/a>, que absorbi\u00f3 a la comunidad cient\u00edfica y al mundo entero durante d\u00e9cadas.<\/p>\n<p>1996: nuevos tratamientos frenan las muertes por sida<\/p>\n<p>Tras a\u00f1os de ensayo y error, los cient\u00edficos comprobaron que <strong>la terapia antirretroviral de gran actividad (HAART)<\/strong>, una combinaci\u00f3n de tres f\u00e1rmacos, era un tratamiento muy eficaz contra el sida.<\/p>\n<p>La HAART <strong>restaura el sistema inmunitario al suprimir el virus<\/strong>, ralentizando la progresi\u00f3n del VIH al sida. Las terapias antirretrovirales transformaron el diagn\u00f3stico de VIH de una condena de muerte a una enfermedad cr\u00f3nica manejable, para quienes pod\u00edan pagarlo.<\/p>\n<p>Como resultado, las muertes relacionadas con el sida <strong>cayeron de forma sustancial en los pa\u00edses con acceso al tratamiento<\/strong>. Mientras, el n\u00famero de personas que viven con el VIH aument\u00f3 por el mayor acceso a pruebas y diagn\u00f3sticos, adem\u00e1s de la persistente transmisi\u00f3n del virus.<\/p>\n<p>2003: creaci\u00f3n de PEPFAR<\/p>\n<p>Estados Unidos anunci\u00f3 el <strong>Plan de Emergencia del Presidente para el Alivio del Sida (PEPFAR)<\/strong>, inicialmente un plan a cinco a\u00f1os de 15.000 millones de d\u00f3lares (13.000 millones de euros) para combatir el VIH\/sida en pa\u00edses con alta incidencia.<\/p>\n<p>Hasta 2025, se le atribuye haber salvado m\u00e1s de <strong>26 millones de vidas en 50 pa\u00edses<\/strong>, el mayor programa de salud global dedicado a una sola enfermedad de la historia.<\/p>\n<p>2011: los antirretrovirales frenan la propagaci\u00f3n del VIH<\/p>\n<p>En una conferencia en Roma, los cient\u00edficos anunciaron que <strong>los f\u00e1rmacos antirretrovirales no solo sirven para tratar el VIH<\/strong>, tambi\u00e9n reducen en gran medida el riesgo de que una persona con VIH transmita el virus a una pareja sexual no infectada.<\/p>\n<p>2012: primer f\u00e1rmaco aprobado para reducir el riesgo<\/p>\n<p>Los reguladores de Estados Unidos aprobaron <a href=\"https:\/\/es.euronews.com\/salud\/2024\/07\/28\/un-estudio-asombroso-demuestra-que-una-inyeccion-dos-veces-al-ano-podria-proteger-al-100-c\" rel=\"nofollow noopener\" target=\"_blank\">Truvada<\/a> para su uso como profilaxis preexposici\u00f3n (PrEP), y <strong>le sigui\u00f3 la Uni\u00f3n Europea en 2016<\/strong>.<\/p>\n<p>La PrEP es una pastilla diaria para personas con mayor riesgo de infecci\u00f3n por VIH, <strong>como hombres gais y bisexuales, personas trans y trabajadores del sexo<\/strong>, que reduce la probabilidad de contraer el virus. Los estudios muestran que puede recortar el riesgo por v\u00eda sexual en torno al 99% y por inyecci\u00f3n en torno al 74%.<\/p>\n<p>Combinados, los antirretrovirales y la PrEP han cambiado la trayectoria de la <strong>epidemia de VIH en los pa\u00edses ricos<\/strong>. En el Reino Unido, por ejemplo, las nuevas infecciones entre hombres gais y bisexuales se desplomaron en dos tercios entre 2015 y 2020.<\/p>\n<p>2020: retos para ampliar la prevenci\u00f3n y el tratamiento del VIH<\/p>\n<p>En 2014, el Programa Conjunto de las Naciones Unidas sobre el VIH\/sida (ONUSIDA) fij\u00f3 para 2020 el objetivo de que <strong>el 90% de las personas con VIH en todo el mundo conocieran su estado<\/strong>, recibieran terapias antirretrovirales y tuvieran su carga viral suprimida.<\/p>\n<p>La Asamblea General de la ONU adopt\u00f3 estas metas, conocidas como 90-90-90, dos a\u00f1os despu\u00e9s. Seg\u00fan ONUSIDA, <strong>alcanzar esa meta permitir\u00eda poner fin a la epidemia en 2030<\/strong>.<\/p>\n<p><strong>Suecia fue el primer pa\u00eds en lograr estos objetivos en 2016<\/strong>. Pero en 2020, solo 19 pa\u00edses en todo el mundo hab\u00edan alcanzado por completo o casi <a href=\"https:\/\/es.euronews.com\/2016\/11\/30\/erradicar-el-sida-en-2030-es-posible\" rel=\"nofollow noopener\" target=\"_blank\">los objetivos 90-90-90<\/a>.<\/p>\n<p>2024: una inyecci\u00f3n de PrEP dos veces al a\u00f1o<\/p>\n<p>Los estudios mostraron que una sola inyecci\u00f3n del antirretroviral lenacapavir puede proteger contra el VIH durante <a href=\"https:\/\/es.euronews.com\/salud\/2024\/07\/28\/un-estudio-asombroso-demuestra-que-una-inyeccion-dos-veces-al-ano-podria-proteger-al-100-c\" rel=\"nofollow noopener\" target=\"_blank\"><strong>seis meses cada vez<\/strong><\/a>, frente a dos meses con un f\u00e1rmaco anterior.<\/p>\n<p>La UE <strong>aprob\u00f3 la inyecci\u00f3n al a\u00f1o siguiente<\/strong>, y los grupos internacionales se coordinaron r\u00e1pidamente para llevar versiones gen\u00e9ricas asequibles del f\u00e1rmaco a <strong>pa\u00edses de renta baja para 2027<\/strong>.<\/p>\n<p>2025: los recortes de financiaci\u00f3n amenazan el progreso<\/p>\n<p>Este a\u00f1o <strong>se interrumpieron los servicios de VIH<\/strong> en muchos pa\u00edses despu\u00e9s de que Estados Unidos congelara o retirara de forma abrupta la ayuda exterior. Los pa\u00edses europeos, incluido el Reino Unido, <strong>Alemania y Francia<\/strong>, tambi\u00e9n han <strong>recortado la financiaci\u00f3n sanitaria global<\/strong> este a\u00f1o.<\/p>\n<p>Expertos en salud global han advertido que estos recortes <strong>pueden socavar a\u00f1os de trabajo contra el VIH\/sida<\/strong> y otras crisis sanitarias de largo recorrido, como la malaria y la tuberculosis (TB).<\/p>\n<p>En la actualidad, se estima que <strong>40,8 millones de personas viven con el VIH en el mundo<\/strong>, y el a\u00f1o pasado caus\u00f3 unas 630.000 muertes. El continente africano es el m\u00e1s afectado, ya que concentra m\u00e1s de dos tercios de todos los casos.<\/p>\n","protected":false},"excerpt":{"rendered":"Cada a\u00f1o desde 1988, una comunidad global de cient\u00edficos, m\u00e9dicos, familias y activistas conmemora el D\u00eda Mundial del&hellip;\n","protected":false},"author":2,"featured_media":264950,"comment_status":"","ping_status":"","sticky":false,"template":"","format":"standard","meta":{"footnotes":""},"categories":[92],"tags":[49156,25,24,165,7857,166,1452,30402,23,6877],"class_list":{"0":"post-264949","1":"post","2":"type-post","3":"status-publish","4":"format-standard","5":"has-post-thumbnail","7":"category-salud","8":"tag-crisis-sanitaria","9":"tag-es","10":"tag-espana","11":"tag-health","12":"tag-infecciones-de-transmision-sexual","13":"tag-salud","14":"tag-salud-publica","15":"tag-sida","16":"tag-spain","17":"tag-vih"},"share_on_mastodon":{"url":"https:\/\/pubeurope.com\/@es\/115642875611449872","error":""},"_links":{"self":[{"href":"https:\/\/www.europesays.com\/es\/wp-json\/wp\/v2\/posts\/264949","targetHints":{"allow":["GET"]}}],"collection":[{"href":"https:\/\/www.europesays.com\/es\/wp-json\/wp\/v2\/posts"}],"about":[{"href":"https:\/\/www.europesays.com\/es\/wp-json\/wp\/v2\/types\/post"}],"author":[{"embeddable":true,"href":"https:\/\/www.europesays.com\/es\/wp-json\/wp\/v2\/users\/2"}],"replies":[{"embeddable":true,"href":"https:\/\/www.europesays.com\/es\/wp-json\/wp\/v2\/comments?post=264949"}],"version-history":[{"count":0,"href":"https:\/\/www.europesays.com\/es\/wp-json\/wp\/v2\/posts\/264949\/revisions"}],"wp:featuredmedia":[{"embeddable":true,"href":"https:\/\/www.europesays.com\/es\/wp-json\/wp\/v2\/media\/264950"}],"wp:attachment":[{"href":"https:\/\/www.europesays.com\/es\/wp-json\/wp\/v2\/media?parent=264949"}],"wp:term":[{"taxonomy":"category","embeddable":true,"href":"https:\/\/www.europesays.com\/es\/wp-json\/wp\/v2\/categories?post=264949"},{"taxonomy":"post_tag","embeddable":true,"href":"https:\/\/www.europesays.com\/es\/wp-json\/wp\/v2\/tags?post=264949"}],"curies":[{"name":"wp","href":"https:\/\/api.w.org\/{rel}","templated":true}]}}