{"id":264956,"date":"2025-12-01T06:26:09","date_gmt":"2025-12-01T06:26:09","guid":{"rendered":"https:\/\/www.europesays.com\/es\/264956\/"},"modified":"2025-12-01T06:26:09","modified_gmt":"2025-12-01T06:26:09","slug":"trump-confirma-una-conversacion-telefonica-con-maduro-europa-press","status":"publish","type":"post","link":"https:\/\/www.europesays.com\/es\/264956\/","title":{"rendered":"Trump confirma una conversaci\u00f3n telef\u00f3nica con Maduro &#8211; Europa Press"},"content":{"rendered":"<ol>\n<li><a href=\"https:\/\/news.google.com\/rss\/articles\/CBMitAFBVV95cUxOWVYxbk5XbHlab2pLeTJUQ20xYXVmVmJybVlTeVFxWmF1NFN4Q0hDeU5TUmxDZ1lfaHhYZkQ4Mks2c0dvTkVaRVRmRmN3d3BkajY1WW4yb0hCa1hzS29ONWMwQVhfcFBjdm5BNjVGYVVoUXkxWE43UE03Sy0xYU4wSWlQa3NLd0k0cFpTZHBmbWVCVGxSc0xjOXZWeXl4cVMwNUN4Znh4cUphVXBURjFNVDUxeF8?oc=5\" target=\"_blank\" rel=\"nofollow noopener\">Trump confirma una conversaci\u00f3n telef\u00f3nica con Maduro<\/a>&nbsp;&nbsp;Europa Press<\/li>\n<li><a href=\"https:\/\/news.google.com\/rss\/articles\/CBMi3gFBVV95cUxNOHBBY3hfd0R5R3BzR2hETnVPSTJpZDJTUE8teG5VbmY5SHdDV04zeFRzaERPWWYzaFo2SnhKcWVzUVFQVC1wR1FnTVQ5aGthSWMzbW90S01UUlJRb2Z1RXlyREJrUGxvUWROaml4b09YVm10NktoaVItYUxXOVJveHJWQUxUV21fdUoteWZSaTRfcHA5V1lBcTJuZkt2YW1HVVRBdEJDQ0czUHFmWjFqemRIM3BWY0dUQXdSMkVUUlF1NnFjT1M5a1Y2a3NsTVJ0RVBzaVkwV0dWN1NScXc?oc=5\" target=\"_blank\" rel=\"nofollow noopener\">Trump reconoce que convers\u00f3 con Maduro: \u201cNo dir\u00eda que sali\u00f3 bien ni mal. Fue una llamada telef\u00f3nica\u201d<\/a>&nbsp;&nbsp;EL PA\u00cdS<\/li>\n<li><a href=\"https:\/\/news.google.com\/rss\/articles\/CBMi7gFBVV95cUxQWG95d2hmM0RPRFAtV0JkOGJaMGt6UWFlekV1dzZFdllUem9vQTBKUlpKRmp1a1dtdDhwR3I3eUxfbEVVX3VDUlBvU2pnZ2xtMElMSmI2RWt1OUVyRzVPZXFSNmd1QURCYkxuZmpPTjhDWUsyTDBJdnZiNV9GNmFlMWJWclV1T0lpU2Rza0xHc2daT21jWjZpSmtBMWRyVUlKQnBHUU50aThfTXRMQ2hxSUFsZHAtZ1RFdm8tSGhGLXJYSUU0UXRqSU9WeEdYdjBYanFoLWpmOXN5M0R2WnRTNmU0WVZ4RTRRYkw1ejRR0gHzAUFVX3lxTE4wWmRtZ3lOSUhOVHV1S1VJenRmb0xFTlBOQm9lS0lxQWF4cjJ2QVBVd01XdFVUNTNVMlZpakJ5VWlaTU5PajFjUGpKeVVJQW1waXRvcXR3V2dhbDdRR1NpdUVCRXdFWVptT3dwUzFnendXMzVUdl9OcEt5NDhmQU1lWVk3bVdlemJyclNaSG9JLWZoOFpnaVBRLU1GanFFOWVkM1JFT0hYSzU2clRvY001bjFjaEZLdzNZVG9JM0lvMkdzbkNCTVpNZHotdXAwa1NWVm1wa2hBTUVZQ1M2RjAxdmx1TlNhTG1fWTRlRHFlZE9hWQ?oc=5\" target=\"_blank\" rel=\"nofollow noopener\">Maduro \u201cpodr\u00eda irse a Rusia\u201d: surgen los primeros detalles de la llamada telef\u00f3nica de Trump con el presidente de Venezuela<\/a>&nbsp;&nbsp;20Minutos<\/li>\n<li><a href=\"https:\/\/news.google.com\/rss\/articles\/CBMipAFBVV95cUxOcVh4WUJPUXg1WTRoNjA3ekdTTF96QkF2TE4tcndUMy1ZeGZKUnJUakdHblVVVTRELW9Vd2JIa1hqbDFJUnRXb0xQQmlQbzVvcE5wOFBzc1pQb25WNHRMcmNyTFQyZFpuTTN3SHRqT1FYODJBZWttWkRxSG9tMVQySDVBdXNiRzh3U0NPVWZhYkFocmdhd3NDajZaMWdJY3F0ckJWQdIBpAFBVV95cUxQMVhEd0pxX2lqV3laTXhqUTc3TXM3MUxQck05MWk4V2JOYnhseUlNNjlvQkdRcmE2RGQtclRhVC1VSi1lRmFuNmdZVlN0aXFZTFBUaXRsdHVTY1dzRW5icURHTjN2ZWdUSDd6NnFubnJxV1c5Y2YwYUNseXhJdGVXbkRka3FNV1oyRDRCVWxnbHl6M0tRNEZ2Rm1mMVY3Q0tlWmh4QQ?oc=5\" target=\"_blank\" rel=\"nofollow noopener\">Trump confirma que ha hablado por tel\u00e9fono con Maduro<\/a>&nbsp;&nbsp;El Peri\u00f3dico<\/li>\n<li><a href=\"https:\/\/news.google.com\/rss\/articles\/CBMigwFBVV95cUxQSmVCLUItY2IwclhiNHdnSWNFUXdoZ0tuT0xabGVuQURoU051NzVZM3BkMzNlZkxxbkRURTJoeGxrTmx5VThkNmFZZl9hRHhUaHVPOHVaNDB2YnZQd25nZWRvZ244WW1kTEo5Q2p4Z3JCZFA0WFVrUzFxUGZJUjU0M3NMY9IBgwFBVV95cUxQMm9qNkZjUU9Ld1VSd3UyVmxuUmJNZkdtRl9vNDl1a0UwZmgydlh2cWRTMjZGNzdDd1IxUTdGM0piSmJKbldLeUtUQTk5a1p1SWF4d2ZCcnR5eTMzZy1ZcmJUcVY1SF9ad1RLS2VZendKUDliMFkxOTRIN1BVcDZCbkNvWQ?oc=5\" target=\"_blank\" rel=\"nofollow noopener\">La primera conversaci\u00f3n entre Trump y Maduro, sin avances<\/a>&nbsp;&nbsp;El Mundo<\/li>\n<\/ol>\n","protected":false},"excerpt":{"rendered":"Trump confirma una conversaci\u00f3n telef\u00f3nica con Maduro&nbsp;&nbsp;Europa Press Trump reconoce que convers\u00f3 con Maduro: \u201cNo dir\u00eda que sali\u00f3&hellip;\n","protected":false},"author":2,"featured_media":248356,"comment_status":"","ping_status":"","sticky":false,"template":"","format":"standard","meta":{"footnotes":""},"categories":[42],"tags":[17,18,13,14,11,61,62,63,64,19,20,9,10,15,16,12,21,22,65,66,67],"class_list":{"0":"post-264956","1":"post","2":"type-post","3":"status-publish","4":"format-standard","5":"has-post-thumbnail","7":"category-internacional","8":"tag-breaking-news","9":"tag-breakingnews","10":"tag-featured-news","11":"tag-featurednews","12":"tag-headlines","13":"tag-internacional","14":"tag-international","15":"tag-international-news","16":"tag-internationalnews","17":"tag-latest-news","18":"tag-latestnews","19":"tag-news","20":"tag-noticias","21":"tag-noticias-destacadas","22":"tag-noticiasdestacadas","23":"tag-titulares","24":"tag-ultimas-noticias","25":"tag-ultimasnoticias","26":"tag-world","27":"tag-world-news","28":"tag-worldnews"},"share_on_mastodon":{"url":"https:\/\/pubeurope.com\/@es\/115642891354441199","error":""},"_links":{"self":[{"href":"https:\/\/www.europesays.com\/es\/wp-json\/wp\/v2\/posts\/264956","targetHints":{"allow":["GET"]}}],"collection":[{"href":"https:\/\/www.europesays.com\/es\/wp-json\/wp\/v2\/posts"}],"about":[{"href":"https:\/\/www.europesays.com\/es\/wp-json\/wp\/v2\/types\/post"}],"author":[{"embeddable":true,"href":"https:\/\/www.europesays.com\/es\/wp-json\/wp\/v2\/users\/2"}],"replies":[{"embeddable":true,"href":"https:\/\/www.europesays.com\/es\/wp-json\/wp\/v2\/comments?post=264956"}],"version-history":[{"count":0,"href":"https:\/\/www.europesays.com\/es\/wp-json\/wp\/v2\/posts\/264956\/revisions"}],"wp:featuredmedia":[{"embeddable":true,"href":"https:\/\/www.europesays.com\/es\/wp-json\/wp\/v2\/media\/248356"}],"wp:attachment":[{"href":"https:\/\/www.europesays.com\/es\/wp-json\/wp\/v2\/media?parent=264956"}],"wp:term":[{"taxonomy":"category","embeddable":true,"href":"https:\/\/www.europesays.com\/es\/wp-json\/wp\/v2\/categories?post=264956"},{"taxonomy":"post_tag","embeddable":true,"href":"https:\/\/www.europesays.com\/es\/wp-json\/wp\/v2\/tags?post=264956"}],"curies":[{"name":"wp","href":"https:\/\/api.w.org\/{rel}","templated":true}]}}