{"id":264957,"date":"2025-12-01T06:27:08","date_gmt":"2025-12-01T06:27:08","guid":{"rendered":"https:\/\/www.europesays.com\/es\/264957\/"},"modified":"2025-12-01T06:27:08","modified_gmt":"2025-12-01T06:27:08","slug":"duelo-en-cantabria-por-la-muerte-de-tres-jovenes-amigos-en-un-accidente-de-trafico-el-mundo","status":"publish","type":"post","link":"https:\/\/www.europesays.com\/es\/264957\/","title":{"rendered":"Duelo en Cantabria por la muerte de tres j\u00f3venes amigos en un accidente de tr\u00e1fico &#8211; El Mundo"},"content":{"rendered":"<ol>\n<li><a href=\"https:\/\/news.google.com\/rss\/articles\/CBMiekFVX3lxTE9aQ2IwaXZBb0ZPZTZvWHJFb3YzSmNiejVlbnloMG0yU3VQSlU5X2dWcUVPUFNiYVJseW5PTWdDWWlYWTFrdzExd3JoS0x1Y0NWLUJwLS0taUV0anFuWG94ejk4RGs1bW5oQV9PVUhLZHp2WV85d1d2RHdB0gF6QVVfeXFMUFBnWnhxam1UNDdfU2ZKbmpHR2JWc2kxLVJOTi1NQUtURVk5aWFqLTN6YTI3MURzQWxDYzNRRmJFMTBhaGFyd05Sb1d5ZXM2SDlMV0lhYmxuamRJcmVxV1V6bXZqQVFfbm83YUZsU0sxRGNWLU45SDluYUE?oc=5\" target=\"_blank\" rel=\"nofollow noopener\">Duelo en Cantabria por la muerte de tres j\u00f3venes amigos en un accidente de tr\u00e1fico<\/a>&nbsp;&nbsp;El Mundo<\/li>\n<li><a href=\"https:\/\/news.google.com\/rss\/articles\/CBMingFBVV95cUxPNzQwd25OZHdZUEJLbXVKTVctS0xuVXJqSHlqcmV0dWdCbjZyLWJRc1NrQjZtRFpxOThzVFZpZEk2dGU0aGdxWHNnWW9BVUNCeUZMeGRVMTcyZ1JCZzhncGtHbGx6eFBHMUo1dVpyRmJtb3NFbWg5V1YzSk9ObWt3WHFqVVA3NUJseUZpZWlMaVJkY1ZELXJaZ2RvRXBBd9IBowFBVV95cUxPQmdTSmpvbWtkeXpxVG9LS1dCN2ZBOW1ReU44bXhfRzBWdFlTdE1kQjREc0FKcjR0TG12TElhME5pZVFrWUxQNEx4aExwbzBaSGZGYnV3d2F3dmlSNENUa1htWHhrcjFia21KeF85ZnhscmUzMnkxYVZXWXVaQlU1dUhyNFY3M0VlWGtMWUJ1aVk5alhqandfWUFjODJWV0w1dFhr?oc=5\" target=\"_blank\" rel=\"nofollow noopener\">Mueren tres j\u00f3venes en una salida de v\u00eda en el municipio c\u00e1ntabro de Cabez\u00f3n de la Sal<\/a>&nbsp;&nbsp;El Confidencial<\/li>\n<li><a href=\"https:\/\/news.google.com\/rss\/articles\/CBMizwFBVV95cUxOc0pnTU5lcVk5UXd6WWRXMVZPb1Fhb191Yk1JbEFIZ1oyclk0U2ozQW5zeUgzNUdhQVk2bHpxNDRkWmxnOHNJcFBzLVdTcExCMU5kcEY2VGVweG5uVnJEODI5ZjhvVDJhUzJqd3VXQlNGR1RBRkluWFdFWW5XdXFJb0ZZTC1rajRibUZocEEtWUZIUlZ3VnJ6a0s2NGExN01NSzJGVHh6XzFMb2RtLUNFRFFjRW1DcldWVHR4V2RXZTd3S01XbkwzVHJ0RFlicEnSAc8BQVVfeXFMTzlGcjdkM2V5U3NmZWJ4cHRRcFlBd0xFLTVaVDRiVlZMc0t2MnBDNHdNdHVibjlQZnhYeG4yWTZzV280UGp1MVUyX1ZneFozbmRSekRid0JkRWE5bVljdm9ac1BoNndCLWtpdVBRMHo1YWtsenlSSGZkODhheTJQbHkzaldqWFJJMnBHZlpjd3drT01mZDdiYjI2T0Rpb0tUVUk0ZmRvbjN6aTZJSzkyeDFLdGhsY2dlNDZmcVIzaEVHV1F6REtPRkR3a1czVTYw?oc=5\" target=\"_blank\" rel=\"nofollow noopener\">Mueren once personas en las carreteras este fin de semana, cinco de ellos j\u00f3venes en dos graves accidentes de tr\u00e1fico<\/a>&nbsp;&nbsp;RTVE.es<\/li>\n<li><a href=\"https:\/\/news.google.com\/rss\/articles\/CBMikwFBVV95cUxNdHFST2duZzFxLTRNbHFzUTFoOXh6am4wbVpfa0RXLV9QU3dRV1U2TFN0Uzh0NGZfSEh5QkY0aG42RUZiR2l2UExLaVQtYks5WFNaXzBYNFM3em9kUkVmZV94LWVpWUMtbjB2QXdFNXE4a0t4ZDlGR0s2TXBQWDJGZ2tYdjI0Yk5wTnFRZWtjTHo1Vm8?oc=5\" target=\"_blank\" rel=\"nofollow noopener\">Tragedia en Cabez\u00f3n<\/a>&nbsp;&nbsp;El Diario Monta\u00f1\u00e9s<\/li>\n<li><a href=\"https:\/\/news.google.com\/rss\/articles\/CBMivgFBVV95cUxPVE5iUnFOMmtBMGVqbUl3aHFtRy0tQTM5bEtVM2hYdUdvQWFXZGxjTy1KLWVET3U5ekVLNkZYVndZWU9McE01dTJCSFpBeExCQlFnVEpfQmFuZ095ZnBrMGxxVXhfdHUtb2VMb2Qtc2N4bnpIU2VBa0dYN3FIc3V6NC1zZi1OdHhBMzJPT3dvdklIVS1kMFBiaTByZGpiTjMyOEJTNGtUVFBXNHYyLWNqM3ZXQWV3YzVub2dnOTJB0gHDAUFVX3lxTE1sSEYtNy12UHg4ZTRDeENwU3dmZ2x1d2RMcTBlanRXdmZfdkVsMmZGZ2xrZDg2ZVItOElZRnJlcmtLa0ZvSlVtbjY0UHZVNGtxZnRpWFVoXzdlc1JHSktNTkktcE44QlZHa21pOUJTQS1NdC0wUmRyOS16SXVvYlpyemJDVmtYTFJobkhzdFplM0dUVWxodVhKblFKb1BPa20wMFdjbGFFaWRpVmlQQXdGd05CUmFGdWt4T3dneFpmN2VGWQ?oc=5\" target=\"_blank\" rel=\"nofollow noopener\">Los tres j\u00f3venes fallecidos en el accidente en Cantabria conduc\u00edan un coche muy deportivo<\/a>&nbsp;&nbsp;El Debate<\/li>\n<\/ol>\n","protected":false},"excerpt":{"rendered":"Duelo en Cantabria por la muerte de tres j\u00f3venes amigos en un accidente de tr\u00e1fico&nbsp;&nbsp;El Mundo Mueren tres&hellip;\n","protected":false},"author":2,"featured_media":264958,"comment_status":"","ping_status":"","sticky":false,"template":"","format":"standard","meta":{"footnotes":""},"categories":[8],"tags":[17,18,25,24,13,14,11,19,20,9,10,15,16,23,12,21,22],"class_list":{"0":"post-264957","1":"post","2":"type-post","3":"status-publish","4":"format-standard","5":"has-post-thumbnail","7":"category-espana","8":"tag-breaking-news","9":"tag-breakingnews","10":"tag-es","11":"tag-espana","12":"tag-featured-news","13":"tag-featurednews","14":"tag-headlines","15":"tag-latest-news","16":"tag-latestnews","17":"tag-news","18":"tag-noticias","19":"tag-noticias-destacadas","20":"tag-noticiasdestacadas","21":"tag-spain","22":"tag-titulares","23":"tag-ultimas-noticias","24":"tag-ultimasnoticias"},"share_on_mastodon":{"url":"https:\/\/pubeurope.com\/@es\/115642895259984933","error":""},"_links":{"self":[{"href":"https:\/\/www.europesays.com\/es\/wp-json\/wp\/v2\/posts\/264957","targetHints":{"allow":["GET"]}}],"collection":[{"href":"https:\/\/www.europesays.com\/es\/wp-json\/wp\/v2\/posts"}],"about":[{"href":"https:\/\/www.europesays.com\/es\/wp-json\/wp\/v2\/types\/post"}],"author":[{"embeddable":true,"href":"https:\/\/www.europesays.com\/es\/wp-json\/wp\/v2\/users\/2"}],"replies":[{"embeddable":true,"href":"https:\/\/www.europesays.com\/es\/wp-json\/wp\/v2\/comments?post=264957"}],"version-history":[{"count":0,"href":"https:\/\/www.europesays.com\/es\/wp-json\/wp\/v2\/posts\/264957\/revisions"}],"wp:featuredmedia":[{"embeddable":true,"href":"https:\/\/www.europesays.com\/es\/wp-json\/wp\/v2\/media\/264958"}],"wp:attachment":[{"href":"https:\/\/www.europesays.com\/es\/wp-json\/wp\/v2\/media?parent=264957"}],"wp:term":[{"taxonomy":"category","embeddable":true,"href":"https:\/\/www.europesays.com\/es\/wp-json\/wp\/v2\/categories?post=264957"},{"taxonomy":"post_tag","embeddable":true,"href":"https:\/\/www.europesays.com\/es\/wp-json\/wp\/v2\/tags?post=264957"}],"curies":[{"name":"wp","href":"https:\/\/api.w.org\/{rel}","templated":true}]}}