{"id":264959,"date":"2025-12-01T06:28:41","date_gmt":"2025-12-01T06:28:41","guid":{"rendered":"https:\/\/www.europesays.com\/es\/264959\/"},"modified":"2025-12-01T06:28:41","modified_gmt":"2025-12-01T06:28:41","slug":"la-programacion-cultural-de-alcala-de-guadaira-para-diciembre-une-tradicion-y-contemporaneidad-y-fomenta-las-senas-de-identidad","status":"publish","type":"post","link":"https:\/\/www.europesays.com\/es\/264959\/","title":{"rendered":"La programaci\u00f3n cultural de Alcal\u00e1 de Guada\u00edra para diciembre une tradici\u00f3n y contemporaneidad y fomenta las se\u00f1as de identidad"},"content":{"rendered":"<p>\n La programaci\u00f3n cultural de Alcal\u00e1 de Guada\u00edra en diciembre \u201cunir\u00e1 tradici\u00f3n y contemporaneidad cumpliendo con los objetivos de dise\u00f1ar espect\u00e1culos de calidad para todos los p\u00fablicos y durante todo el a\u00f1o que adem\u00e1s difundan las se\u00f1as de identidad de la ciudad\u201d. As\u00ed lo ha explicado el delegado de Cultura, Christopher Rivas, en la presentaci\u00f3n de las citas culturales de diciembre, en la que llegan importantes figuras del panorama nacional, como Falete o Poveda en el flamenco, o humoristas de la talla de Morera o \u00c1lex O&#8217;Dogherty, adem\u00e1s del ballet Cl\u00e1sico Internacional o la centenaria Banda de M\u00fasica de Alcal\u00e1 de Guada\u00edra, entre eventos de m\u00fasica, teatro, circo o exposiciones.\n  <\/p>\n<p>\u00a0\n  <\/p>\n<p>Rivas insiste en que \u201cla cultura, durante todo el a\u00f1o, pero muy especialmente en diciembre, forma parte de la vida social de la ciudad y con esta programaci\u00f3n se demuestra la fortaleza de la cultura en Alcal\u00e1. Ello es consecuencia del concienzudo trabajo en el dise\u00f1o y la organizaci\u00f3n, ya que no se trata de eventos aislados, sino que responden a una estrategia planificada para que en Alcal\u00e1 la cultura est\u00e9 abierta 365 d\u00edas al a\u00f1o en sus m\u00faltiples espacios esc\u00e9nicos, culturales expositivos o muse\u00edsticos\u201d.\n  <\/p>\n<p>\u00a0\n  <\/p>\n<p>Entre los espect\u00e1culos del Auditorio Riberas del Guada\u00edra estar\u00e1n Falete en conmemoraci\u00f3n del D\u00eda de la \u2018Bandera de Andaluc\u00eda\u2019 el 4 de diciembre, Miguel Poveda el 12, el Ballet Cl\u00e1sico Internacional el 11 con el Cascanueces, adem\u00e1s de distintos espect\u00e1culos de humor como Juan Amadeo, Sergio Bezos, Morera o Alex O&#8217;Doguerty, adem\u00e1s del Concierto de Navidad de la Banda de M\u00fasica de Alcal\u00e1 el 22 de diciembre o los musicales de Annie o Alad\u00edn.\n  <\/p>\n<p>\u00a0\n  <\/p>\n<p>El teatro Guti\u00e9rrez de Alba tambi\u00e9n tendr\u00e1 una actividad, por ejemplo con el Circo Alas el 14 de diciembre, o los teatros Alquiler o Smog, la m\u00fasica de Radio F\u00f3rmula o el popular espect\u00e1culo infantil las Guerreras K-Pop.\n  <\/p>\n<p>\u00a0\n  <\/p>\n<p>El Centro San Miguel acoger\u00e1 las t\u00edpicas zambombas que llenar\u00e1n el barrio de flamenco, y el Museo y la Casa de la Cultura se llenar\u00e1n de exposiciones. Entre ellas la de Manuel de Arco \u2018la luz de Alcal\u00e1 en el Museo, o la exposici\u00f3n anual de la Asociaci\u00f3n Fotogr\u00e1fica Alcalare\u00f1a (AFA) en la Casa de la Cultura que se unir\u00e1 a \u2018Reflejos de \u00c1frica de Mundo Orenda\u2019, y otras muestras como la de La Cal de Mor\u00f3n en colaboraci\u00f3n con Diputaci\u00f3n. Destaca en este punto la exposici\u00f3n \u2018Alcal\u00e1 de Guada\u00edra. 100 a\u00f1os de ciudad\u2019 en la Harinera del Guada\u00edra.<strong><\/strong>\n  <\/p>\n<p>\u00a0\n  <\/p>\n<p>Programaci\u00f3n:\u00a0 <a href=\"https:\/\/www.alcaladeguadaira.es\/agenda\" rel=\"nofollow noopener\" target=\"_blank\">https:\/\/www.alcaladeguadaira.es\/agenda<\/a>\n      <\/p>\n","protected":false},"excerpt":{"rendered":"La programaci\u00f3n cultural de Alcal\u00e1 de Guada\u00edra en diciembre \u201cunir\u00e1 tradici\u00f3n y contemporaneidad cumpliendo con los objetivos de&hellip;\n","protected":false},"author":2,"featured_media":264960,"comment_status":"","ping_status":"","sticky":false,"template":"","format":"standard","meta":{"footnotes":""},"categories":[5],"tags":[24471,24470,24478,24469,1250,17,18,777,209,24474,168,24489,2026,24491,24480,25,24,13,14,24488,24487,24490,24492,24473,11,2178,3624,15235,891,6850,19,20,6688,24483,24054,24497,4044,24493,9,10,15,16,24477,24482,24415,24472,12365,24496,1922,24485,24481,24479,24475,24484,19497,24486,1171,23,24494,12,24476,4664,21,22,24495],"class_list":{"0":"post-264959","1":"post","2":"type-post","3":"status-publish","4":"format-standard","5":"has-post-thumbnail","7":"category-titulares","8":"tag-accesibilidad","9":"tag-administracion-electronica","10":"tag-agenda-de-actividades","11":"tag-alcala-de-guadaira","12":"tag-ayuntamiento","13":"tag-breaking-news","14":"tag-breakingnews","15":"tag-ciudad","16":"tag-cultura","17":"tag-datos-abiertos","18":"tag-deportes","19":"tag-desarrollo-economico","20":"tag-educacion","21":"tag-edusi","22":"tag-equipamientos","23":"tag-es","24":"tag-espana","25":"tag-featured-news","26":"tag-featurednews","27":"tag-feria-de-alcala","28":"tag-fiestas-mayores","29":"tag-formacion-y-empleo","30":"tag-gestion-tributaria","31":"tag-gobierno-abierto","32":"tag-headlines","33":"tag-igualdad","34":"tag-infancia","35":"tag-infraestructura","36":"tag-inmigrantes","37":"tag-juventud","38":"tag-latest-news","39":"tag-latestnews","40":"tag-medio-ambiente","41":"tag-molinos","42":"tag-movilidad-urbana","43":"tag-movilidad-y-transporte","44":"tag-mujeres","45":"tag-museo-de-alcala","46":"tag-news","47":"tag-noticias","48":"tag-noticias-destacadas","49":"tag-noticiasdestacadas","50":"tag-oferta-de-empleo","51":"tag-oromana","52":"tag-participacion-ciudadana","53":"tag-personas-con-discapacidad","54":"tag-personas-mayores","55":"tag-punto-limpio","56":"tag-redes-sociales","57":"tag-secretaria","58":"tag-sede-electronica","59":"tag-servicio-de-quejas-y-sugerencias","60":"tag-servicios-destacados","61":"tag-servicios-municipales","62":"tag-servicios-sociales","63":"tag-servicios-urbanos","64":"tag-sevilla","65":"tag-spain","66":"tag-teatro-auditorio-riberas-del-guadaira","67":"tag-titulares","68":"tag-tramites-y-servicios","69":"tag-turismo","70":"tag-ultimas-noticias","71":"tag-ultimasnoticias","72":"tag-universidad-popular"},"share_on_mastodon":{"url":"","error":"Validation failed: Text character limit of 500 exceeded"},"_links":{"self":[{"href":"https:\/\/www.europesays.com\/es\/wp-json\/wp\/v2\/posts\/264959","targetHints":{"allow":["GET"]}}],"collection":[{"href":"https:\/\/www.europesays.com\/es\/wp-json\/wp\/v2\/posts"}],"about":[{"href":"https:\/\/www.europesays.com\/es\/wp-json\/wp\/v2\/types\/post"}],"author":[{"embeddable":true,"href":"https:\/\/www.europesays.com\/es\/wp-json\/wp\/v2\/users\/2"}],"replies":[{"embeddable":true,"href":"https:\/\/www.europesays.com\/es\/wp-json\/wp\/v2\/comments?post=264959"}],"version-history":[{"count":0,"href":"https:\/\/www.europesays.com\/es\/wp-json\/wp\/v2\/posts\/264959\/revisions"}],"wp:featuredmedia":[{"embeddable":true,"href":"https:\/\/www.europesays.com\/es\/wp-json\/wp\/v2\/media\/264960"}],"wp:attachment":[{"href":"https:\/\/www.europesays.com\/es\/wp-json\/wp\/v2\/media?parent=264959"}],"wp:term":[{"taxonomy":"category","embeddable":true,"href":"https:\/\/www.europesays.com\/es\/wp-json\/wp\/v2\/categories?post=264959"},{"taxonomy":"post_tag","embeddable":true,"href":"https:\/\/www.europesays.com\/es\/wp-json\/wp\/v2\/tags?post=264959"}],"curies":[{"name":"wp","href":"https:\/\/api.w.org\/{rel}","templated":true}]}}