{"id":264961,"date":"2025-12-01T06:33:25","date_gmt":"2025-12-01T06:33:25","guid":{"rendered":"https:\/\/www.europesays.com\/es\/264961\/"},"modified":"2025-12-01T06:33:25","modified_gmt":"2025-12-01T06:33:25","slug":"el-extenista-ha-sido-distinguido-con-el-primer-dimoni-dhonor","status":"publish","type":"post","link":"https:\/\/www.europesays.com\/es\/264961\/","title":{"rendered":"el extenista ha sido distinguido con el primer Dimoni d&#8217;Honor"},"content":{"rendered":"<p id=\"enw4cx_2fu\" data-wc=\"81\">El Estadio del RCD Mallorca, Son Moix, ha vivid este s\u00e1bado 29 de noviembre una de esas jornadas que trascienden lo deportivo. <strong>Rafa Nadal,\u00a0<\/strong>considerado uno de los mejores deportistas espa\u00f1oles de todos los tiempos, ha recibido un nuevo reconocimiento, esta vez fuera del \u00e1mbito estrictamente ten\u00edstico. El extenista ha sido distinguido con<strong>\u00a0el primer Dimoni d\u2019Honor, un galard\u00f3n creado por el club bermell\u00f3n para premiar a personalidades baleares cuya trayectoria y valores han dejado una huella imborrable en la sociedad.<\/strong><\/p>\n<p> <img src=\"https:\/\/www.europesays.com\/es\/wp-content\/uploads\/2025\/12\/819b9f7fcb9f-gettyimages-2249013930.jpg\"   width=\"1024\" height=\"683\" loading=\"lazy\" decoding=\"async\" alt=\" Alfonso Diaz, SEO del RCD Mallorca, entrega a Rafa Nadal el Dimoni d'Honor\" fetchpriority=\"auto\" class=\"image ho-image\"\/>\u00a9 Getty Images Alfonso Diaz, SEO del RCD Mallorca, entrega a Rafa Nadal el Dimoni d&#8217;Honor<\/p>\n<p id=\"eGtDk7OwVuq\" data-wc=\"92\">En un comunicado oficial, el club bermell\u00f3n subray\u00f3:\u00a0\u201cEl Mallorca quiere reconocer p\u00fablicamente la trayectoria del tenista mallorqu\u00edn, un referente mundial cuyo legado trasciende lo deportivo. Su esp\u00edritu de superaci\u00f3n, su compromiso, su humildad y su extraordinaria carrera le han convertido en una figura admirada en todo el mundo y en un orgullo para Mallorca y para Espa\u00f1a.\u201d\u00a0El escrito a\u00f1ad\u00eda que, con este homenaje, \u201cel mallorquinismo desea agradecer a Rafa Nadal todo lo que ha significado \u2014y sigue significando\u2014 para la isla, para el deporte y para varias generaciones de aficionados.\u201d<\/p>\n<p> <img src=\"https:\/\/www.europesays.com\/es\/wp-content\/uploads\/2025\/12\/3c492806c770-g62qyhxxwaacdfl.png\"   width=\"1024\" height=\"1024\" loading=\"lazy\" decoding=\"async\" alt=\"Media Image\" fetchpriority=\"auto\" class=\"image ho-image\"\/>\u00a9 rcdmallorcaoficial<\/p>\n<p id=\"e1xUScpT6mx\" data-wc=\"79\">El acto se ha celebrado unos minutos antes del encuentro de la jornada 14 de LaLiga EA Sports frente a Osasuna. Alfonso D\u00edaz, CEO de Negocio del club, acompa\u00f1\u00f3 a Nadal al c\u00e9sped para entregarle la distinci\u00f3n. El extenista, visiblemente emocionado, pos\u00f3 con el once titular y salud\u00f3 al banquillo rival antes de retirarse entre una ovaci\u00f3n cerrada. La grada le agradeci\u00f3 no solo sus 22 t\u00edtulos de Grand Slam, sino tambi\u00e9n su capacidad de inspirar a generaciones enteras.<\/p>\n<p> <img src=\"https:\/\/www.europesays.com\/es\/wp-content\/uploads\/2025\/12\/e99cc6321f91-saveclipapp58667407222114279393417564022227439923786423n-1.jpg\"   width=\"576\" height=\"1024\" loading=\"lazy\" decoding=\"async\" alt=\"Rafa Nadal agradeciendo a la afici\u00f3n bermellona este reconocimiento\" fetchpriority=\"auto\" class=\"image ho-image\"\/>\u00a9 rcdmallorcaoficialRafa Nadal agradeciendo a la afici\u00f3n bermellona este reconocimiento<\/p>\n<p id=\"epJucuWib14\" data-wc=\"78\">El Dimoni d\u2019Honor nace como s\u00edmbolo del mallorquinismo. Inspirado en la mascota del club, pretende reconocer a figuras que encarnan la excelencia, la humildad y el compromiso social. Que Rafa Nadal sea el primero en recibirlo no es casualidad: su nombre est\u00e1 ligado a la isla y al Mallorca desde hace a\u00f1os. Antes de la entrega, el coro del Colegio Sant Josep Obrer ha amenizado el ambiente con una buena actuaci\u00f3n del Eye of the Tiger de Survivor.<\/p>\n<p> <img src=\"https:\/\/www.europesays.com\/es\/wp-content\/uploads\/2025\/12\/596f428bc177-21075777-87ff-4dad-a9de-425ee04d6d22-567.jpg\"   width=\"1024\" height=\"682\" loading=\"lazy\" decoding=\"async\" alt=\"El Dimoni d'Honor que ha recibido Rafa Nadal\" fetchpriority=\"auto\" class=\"image ho-image\"\/>\u00a9 www.rcdmallorca.esEl Dimoni d&#8217;Honor que ha recibido Rafa Nadal<\/p>\n<p id=\"ehpN_DiWzI\" data-wc=\"101\">Aunque es madridista confeso \u2014fue nombrado Socio de Honor del Real Madrid en 2011\u2014, Rafa Nadal mantiene tambi\u00e9n un v\u00ednculo muy especial con el club bermell\u00f3n. En 2010, el manacor\u00ed lleg\u00f3 a formar parte del accionariado del Mallorca, reforzando as\u00ed su conexi\u00f3n con el equipo de su tierra. Para la afici\u00f3n, Nadal es uno de los suyos: un mallorqu\u00edn que nunca ha perdido la ra\u00edz ni el contacto con la isla. La ovaci\u00f3n de Son Moix fue un reconocimiento sincero, un gesto que refleja el agradecimiento de la afici\u00f3n y la conexi\u00f3n entre deporte y la tierra que le vio nacer.<\/p>\n<p>Un a\u00f1o lleno de homenajes<\/p>\n<p id=\"euOkQtrub5a\" data-wc=\"103\">Este reconocimiento llega en un a\u00f1o muy especial para Nadal, el primero tras su retirada oficial del tenis en noviembre de 2024, cuando jug\u00f3 su \u00faltimo partido de la Copa Davis con Espa\u00f1a. Apenas unos meses despu\u00e9s,<a class=\"hm-link ho-link\" href=\"https:\/\/www.hola.com\/us-es\/celebrities\/20250525834059\/rafa-nadal-asi-fue-el-impresionante-homenaje-al-tenista-en-roland-garros\/\" data-mrf-recirculation=\"article-body-link\" rel=\"nofollow noopener\" target=\"_blank\">\u00a0Roland Garros le dedicaba una emotiva ceremonia<\/a> en la pista Philippe-Chatrier, donde el p\u00fablico parisino se rindi\u00f3 al \u201cRey de la tierra batida\u201d en un homenaje inolvidable. \u00a0Como tambi\u00e9n lo fue el pasado 3 de octubre. Ese d\u00eda el extenista fue investido <strong>doctor\u00a0<\/strong><strong>honoris causa<\/strong><strong>\u00a0por la Universidad de Salamanca<\/strong>, convirti\u00e9ndose en el primer deportista en recibir<a class=\"hm-link ho-link\" href=\"https:\/\/www.hola.com\/actualidad\/20251003859536\/rafa-nadal-doctor-honoris-causa-honor-serprimer-deportista-recibir-distincion\/\" rel=\"noopener nofollow\" target=\"_blank\" data-mrf-recirculation=\"article-body-link\">\u00a0esta distinci\u00f3n en la instituci\u00f3n m\u00e1s antigua de Espa\u00f1a<\/a>.\u00a0<\/p>\n<p> <img src=\"https:\/\/www.europesays.com\/es\/wp-content\/uploads\/2025\/11\/a9bf283a4184-gettyimages-2185023620.jpg\"   width=\"1024\" height=\"682\" loading=\"lazy\" decoding=\"async\" alt=\"La despedida de Rafa Nadal del tenis profesional tras ser eliminado en los cuartos de final de la Copa Davis\" fetchpriority=\"auto\" class=\"image ho-image\"\/>\u00a9 NurPhoto via Getty ImagesLa despedida de Rafa Nadal del tenis profesional tras ser eliminado en los cuartos de final de la Copa Davis<\/p>\n<p> <img src=\"https:\/\/www.europesays.com\/es\/wp-content\/uploads\/2025\/12\/f3dc2e85457a-gettyimages-2238973607.jpg\"   width=\"1024\" height=\"682\" loading=\"lazy\" decoding=\"async\" alt=\"Rafa Nadal nombrado doctor honoris causa por la Universidad de Salamanca\" fetchpriority=\"auto\" class=\"image ho-image\"\/>\u00a9 Europa Press via Getty ImagesRafa Nadal nombrado doctor honoris causa por la Universidad de Salamanca<\/p>\n<p id=\"eYvEED-PsXg\" data-wc=\"96\">Lejos de las pistas, Nadal ha iniciado una nueva etapa vital. A punto de cumplir 40 a\u00f1os, \u00a0Nadal est\u00e1 volcado en<a class=\"hm-link ho-link\" href=\"https:\/\/www.hola.com\/actualidad\/20251019862390\/seis-anos-boda-rafa-nadal-mery-perello-asi-ha-cambiado-vida-tenista\/\" data-mrf-recirculation=\"article-body-link\" rel=\"nofollow noopener\" target=\"_blank\">\u00a0su familia y en su papel como padre:<\/a> disfruta de sus dos hijos \u2014Rafa, de tres a\u00f1os, y el peque\u00f1o Miquel, que naci\u00f3 el pasado mes de agosto\u2014 \u00a0y de una rutina mucho m\u00e1s tranquila en Mallorca. Tambi\u00e9n dedica buena parte de su tiempo a su academia en Manacor, que ha cumplido nueve a\u00f1os y se ha convertido en un referente internacional. All\u00ed, el esp\u00edritu de Rafa \u2014esfuerzo, humildad, respeto\u2014 se transmite a nuevas generaciones.<\/p>\n<p id=\"enZmQsLf4EX\" data-wc=\"67\">En entrevistas recientes, como la concedida al exjugador de f\u00fatbol Jorge Valdano, presentador de Universo Valdano (Movistar Plus+), Nadal reflexionaba sobre la transici\u00f3n que est\u00e1 viviendo tras dejar la alta competici\u00f3n y las exigencias que esta requer\u00eda: \u201cCompetir me apasionaba, pero el cuerpo no daba.\u201d Sus palabras mostraron la vulnerabilidad de un campe\u00f3n que, tras dos d\u00e9cadas en la \u00e9lite, se enfrenta ahora a la reinvenci\u00f3n personal.<\/p>\n<p> <img src=\"https:\/\/www.europesays.com\/es\/wp-content\/uploads\/2025\/12\/0b757e6e771c-dlu595109038.jpg\"   width=\"1024\" height=\"682\" loading=\"lazy\" decoding=\"async\" alt=\"Rafa Nadal, hace muy pocos d\u00edas en una entrevista para Movistar+\" fetchpriority=\"auto\" class=\"image ho-image\"\/>\u00a9 GTRESRafa Nadal, hace muy pocos d\u00edas en una entrevista para Movistar+<\/p>\n<p id=\"eI0wXiOOtkz\" data-wc=\"99\">Sin duda, este Dimoni d\u2019Honor que ha recibido hoy, ha sido especialmente significativo para \u00e9l. No solo reconoce su extraordinaria carrera deportiva, sino tambi\u00e9n su compromiso con el Mallorca y con la identidad balear. Para la afici\u00f3n, Rafael Nadal es uno de los suyos: un mallorqu\u00edn que nunca ha perdido la conexi\u00f3n con su tierra. La ovaci\u00f3n de Son Moix ha sido mucho m\u00e1s que un aplauso: es el reconocimiento colectivo a un paisano ejemplar, que dentro de las pistas ha marcado la historia del tenis mundial y fuera de ellas ha llevado siempre con orgullo su identidad balear.\u00a0<\/p>\n","protected":false},"excerpt":{"rendered":"El Estadio del RCD Mallorca, Son Moix, ha vivid este s\u00e1bado 29 de noviembre una de esas jornadas&hellip;\n","protected":false},"author":2,"featured_media":264962,"comment_status":"","ping_status":"","sticky":false,"template":"","format":"standard","meta":{"footnotes":""},"categories":[274],"tags":[517,168,25,24,6894,23,167,327,326],"class_list":{"0":"post-264961","1":"post","2":"type-post","3":"status-publish","4":"format-standard","5":"has-post-thumbnail","7":"category-tenis","8":"tag-actualidad","9":"tag-deportes","10":"tag-es","11":"tag-espana","12":"tag-rafa-nadal","13":"tag-spain","14":"tag-sports","15":"tag-tenis","16":"tag-tennis"},"share_on_mastodon":{"url":"https:\/\/pubeurope.com\/@es\/115642919724221548","error":""},"_links":{"self":[{"href":"https:\/\/www.europesays.com\/es\/wp-json\/wp\/v2\/posts\/264961","targetHints":{"allow":["GET"]}}],"collection":[{"href":"https:\/\/www.europesays.com\/es\/wp-json\/wp\/v2\/posts"}],"about":[{"href":"https:\/\/www.europesays.com\/es\/wp-json\/wp\/v2\/types\/post"}],"author":[{"embeddable":true,"href":"https:\/\/www.europesays.com\/es\/wp-json\/wp\/v2\/users\/2"}],"replies":[{"embeddable":true,"href":"https:\/\/www.europesays.com\/es\/wp-json\/wp\/v2\/comments?post=264961"}],"version-history":[{"count":0,"href":"https:\/\/www.europesays.com\/es\/wp-json\/wp\/v2\/posts\/264961\/revisions"}],"wp:featuredmedia":[{"embeddable":true,"href":"https:\/\/www.europesays.com\/es\/wp-json\/wp\/v2\/media\/264962"}],"wp:attachment":[{"href":"https:\/\/www.europesays.com\/es\/wp-json\/wp\/v2\/media?parent=264961"}],"wp:term":[{"taxonomy":"category","embeddable":true,"href":"https:\/\/www.europesays.com\/es\/wp-json\/wp\/v2\/categories?post=264961"},{"taxonomy":"post_tag","embeddable":true,"href":"https:\/\/www.europesays.com\/es\/wp-json\/wp\/v2\/tags?post=264961"}],"curies":[{"name":"wp","href":"https:\/\/api.w.org\/{rel}","templated":true}]}}