{"id":264967,"date":"2025-12-01T06:37:12","date_gmt":"2025-12-01T06:37:12","guid":{"rendered":"https:\/\/www.europesays.com\/es\/264967\/"},"modified":"2025-12-01T06:37:12","modified_gmt":"2025-12-01T06:37:12","slug":"el-madrileno-se-afianza-en-el-liderato","status":"publish","type":"post","link":"https:\/\/www.europesays.com\/es\/264967\/","title":{"rendered":"El Madrile\u00f1o se afianza en el liderato"},"content":{"rendered":"<p data-mrf-recirculation=\"Links P\u00e1rrafos\" class=\"ue-c-article__paragraph paragraph ue-c-article--first-letter-highlighted\">El <strong>Atl\u00e9tico Madrile\u00f1o<\/strong> se afianza en el liderato (ya aventaja en dos puntos al <strong>Europa <\/strong>a pesar de que a\u00fan tiene pendiente la disputa del encuentro aplazado frente al <strong>Marbella<\/strong>) despu\u00e9s de un triunfo resuelto, en un visto y no visto, en los cinco primeros minutos de la segunda parte.<br \/>Hab\u00eda perdonado claras ocasiones el <strong>Teruel <\/strong>en la primera (<strong>Sergio Moreno<\/strong> se encontrar\u00eda con el palo y <strong>Merencio <\/strong>no acertar\u00eda a empujar un bal\u00f3n pr\u00e1cticamente en boca de gol), algo que pagar\u00eda en cuanto aflor\u00f3 el talento de los atacantes rojiblancos.<\/p>\n<p data-mrf-recirculation=\"Links P\u00e1rrafos\" class=\"ue-c-article__paragraph paragraph\">As\u00ed, nada m\u00e1s volver de los vestuarios, <strong>Cubo <\/strong>castigar\u00eda un fallo en el despeje de <strong>Relu <\/strong>con una gran conducci\u00f3n y una mejor definici\u00f3n. A rengl\u00f3n seguido, ser\u00eda <strong>Rayane <\/strong>el que controlar\u00eda al borde del \u00e1rea un buen servicio de <strong>Bellotti<\/strong> (tambi\u00e9n hab\u00eda dado el pase en la acci\u00f3n del 1-0)para poner el bal\u00f3n donde nunca pod\u00eda llegar <strong>G\u00e1lvez<\/strong>. Y poco despu\u00e9s, en el 64\u2019, el campe\u00f3n de Europa sub 19 brindar\u00eda una asistencia de lujo para que <strong>Arnau Ortiz<\/strong> pusiera la sentencia al partido definitivamente.<\/p>\n<p>Clara superioridad<\/p>\n<p data-mrf-recirculation=\"Links P\u00e1rrafos\" class=\"ue-c-article__paragraph paragraph\">Desde entonces, los de <strong>Fernando Torres <\/strong>vivir\u00edan una pl\u00e1cida segunda mitad, por m\u00e1s que <strong>Puric <\/strong>tuviera que sacar un bal\u00f3n bajo palos (en la primera hab\u00eda sido<strong> Julio D\u00edaz<\/strong> el que ayudar\u00eda a <strong>Esquivel <\/strong>a sacar un doble remate de <strong>Van Rijn<\/strong>) o que el VAR, como hab\u00eda sucedido tambi\u00e9n antes del descanso, impidiera que el gol del Teruel subiera al marcador por un fuera de juego milim\u00e9trico. <br \/>El oficio para mantenerse vivo en el partido, primero, y la calidad para marcar las diferencias, despu\u00e9s, distancian al filial (con el debut del mexicano <strong>N\u00e1jera <\/strong>incluido) en lo m\u00e1s alto.<\/p>\n<p data-mrf-recirculation=\"Links P\u00e1rrafos\" class=\"ue-c-article__paragraph paragraph\"><strong>FICHA T\u00c9CNICA<\/strong><\/p>\n<p data-mrf-recirculation=\"Links P\u00e1rrafos\" class=\"ue-c-article__paragraph paragraph\">Ciudad Deportiva Alcal\u00e1 \t1.014 espectadores<\/p>\n<p data-mrf-recirculation=\"Links P\u00e1rrafos\" class=\"ue-c-article__paragraph paragraph\"><strong>ATL\u00c9TICO MADRILE\u00d1O<\/strong>\u00a0Esquivel; Bo\u00f1ar, Puric (72\u2019 Spina), Dani Mart\u00ednez, Julio D\u00edaz; Bellotti, Morcillo; Iker Luque (TA 39\u2019) (68\u2019 N\u00e1jera), Rayane (TA 20\u2019) (84\u2019 Omar Janneh), Arnau Ortiz (84\u2019 Koke Mota); Cubo (68&#8242; Sits)<\/p>\n<p data-mrf-recirculation=\"Links P\u00e1rrafos\" class=\"ue-c-article__paragraph paragraph\"><strong>Entrenador<\/strong>: Fernando Torres<\/p>\n<p data-mrf-recirculation=\"Links P\u00e1rrafos\" class=\"ue-c-article__paragraph paragraph\"><strong>TERUEL <\/strong>G\u00e1lvez; A. Rodr\u00edguez, Van Rijn, Abraham, Goyo; Relu (TA 45+8\u2019) (57\u2019 Joseda), Hugo Red\u00f3n (77\u2019 Blesa), Albisua, Merencio (57\u2019 Teddy), Padilla (77\u2019 Fonda) y Sergio Moreno (65\u2019 Ayman)<\/p>\n<p data-mrf-recirculation=\"Links P\u00e1rrafos\" class=\"ue-c-article__paragraph paragraph\"><strong>Entrenador<\/strong>: Vicente Parras<\/p>\n<p data-mrf-recirculation=\"Links P\u00e1rrafos\" class=\"ue-c-article__paragraph paragraph\"><strong>Goles <\/strong>1-0 46\u2019 Cubo 2-0 51\u2019 Rayane 3-0 64\u2019 Arnau Ortiz<\/p>\n<p data-mrf-recirculation=\"Links P\u00e1rrafos\" class=\"ue-c-article__paragraph paragraph\"><strong>\u00c1rbitro<\/strong>: S\u00e1nchez S\u00e1nchez (extreme\u00f1o)<\/p>\n","protected":false},"excerpt":{"rendered":"El Atl\u00e9tico Madrile\u00f1o se afianza en el liderato (ya aventaja en dos puntos al Europa a pesar de&hellip;\n","protected":false},"author":2,"featured_media":264968,"comment_status":"","ping_status":"","sticky":false,"template":"","format":"standard","meta":{"footnotes":""},"categories":[268],"tags":[168,25,24,280,282,281,23,167],"class_list":{"0":"post-264967","1":"post","2":"type-post","3":"status-publish","4":"format-standard","5":"has-post-thumbnail","7":"category-futbol","8":"tag-deportes","9":"tag-es","10":"tag-espana","11":"tag-football","12":"tag-futbol","13":"tag-soccer","14":"tag-spain","15":"tag-sports"},"share_on_mastodon":{"url":"https:\/\/pubeurope.com\/@es\/115642934645961144","error":""},"_links":{"self":[{"href":"https:\/\/www.europesays.com\/es\/wp-json\/wp\/v2\/posts\/264967","targetHints":{"allow":["GET"]}}],"collection":[{"href":"https:\/\/www.europesays.com\/es\/wp-json\/wp\/v2\/posts"}],"about":[{"href":"https:\/\/www.europesays.com\/es\/wp-json\/wp\/v2\/types\/post"}],"author":[{"embeddable":true,"href":"https:\/\/www.europesays.com\/es\/wp-json\/wp\/v2\/users\/2"}],"replies":[{"embeddable":true,"href":"https:\/\/www.europesays.com\/es\/wp-json\/wp\/v2\/comments?post=264967"}],"version-history":[{"count":0,"href":"https:\/\/www.europesays.com\/es\/wp-json\/wp\/v2\/posts\/264967\/revisions"}],"wp:featuredmedia":[{"embeddable":true,"href":"https:\/\/www.europesays.com\/es\/wp-json\/wp\/v2\/media\/264968"}],"wp:attachment":[{"href":"https:\/\/www.europesays.com\/es\/wp-json\/wp\/v2\/media?parent=264967"}],"wp:term":[{"taxonomy":"category","embeddable":true,"href":"https:\/\/www.europesays.com\/es\/wp-json\/wp\/v2\/categories?post=264967"},{"taxonomy":"post_tag","embeddable":true,"href":"https:\/\/www.europesays.com\/es\/wp-json\/wp\/v2\/tags?post=264967"}],"curies":[{"name":"wp","href":"https:\/\/api.w.org\/{rel}","templated":true}]}}