{"id":264969,"date":"2025-12-01T06:38:18","date_gmt":"2025-12-01T06:38:18","guid":{"rendered":"https:\/\/www.europesays.com\/es\/264969\/"},"modified":"2025-12-01T06:38:18","modified_gmt":"2025-12-01T06:38:18","slug":"susanna-griso-brilla-con-un-top-de-aire-nupcial-en-la-fiesta-de-atresmedia-y-desvela-el-deseo-para-su-boda-quiero-bailar","status":"publish","type":"post","link":"https:\/\/www.europesays.com\/es\/264969\/","title":{"rendered":"Susanna Griso brilla con un top de aire nupcial en la fiesta de Atresmedia y desvela el deseo para su boda: \u00abQuiero bailar\u00bb"},"content":{"rendered":"<p><img loading=\"lazy\" decoding=\"async\" src=\"https:\/\/www.europesays.com\/es\/wp-content\/uploads\/2025\/10\/1760450890_434_100x100_informalia-logo.jpg\" itemtype=\"\/\/schema.org\/ImageObject\" itemprop=\"url\" alt=\"Informalia\" width=\"64\" height=\"64\" pinger-seen=\"true\"\/><\/p>\n<p>Este fin de semana, Las Palmas de Gran Canaria han acogido el <b>Atresplayer Day<\/b>, unas jornadas en las que la cadena de San Sebasti\u00e1n de los Reyes ha aprovechado para presentar algunas de las <a href=\"https:\/\/www.eleconomista.es\/informalia\/television\/noticias\/13668607\/11\/25\/la-segunda-edicion-de-drag-race-all-stars-un-programa-con-roberto-leal-o-un-reality-con-lola-lolita-todas-las-novedades-de-atresplayer.html\" title=\"La segunda edici\u00f3n de Drag Race All Stars, un programa con Roberto Leal o un reality con Lola Lolita: todas las novedades de Atresplayer\" rel=\"nofollow noopener\" target=\"_blank\">novedades que llegar\u00e1n en 2026<\/a>, ya a la vuelta de la esquina.<\/p>\n<p>Hasta all\u00ed se han desplazado varios de los rostros m\u00e1s habituales de Antena 3, entre ellos <b>Susanna Griso<\/b>, que ante las c\u00e1maras ha desvelado algunos detalles de su boda con Luis Enr\u00edquez, con quien sale desde febrero, <a href=\"https:\/\/www.eleconomista.es\/informalia\/television\/noticias\/13244113\/02\/25\/exclusiva-susanna-griso-ya-aviso-de-que-estaba-abierta-al-amor-sale-con-luis-enriquez-ex-ceo-de-vocento.html\" title=\"Exclusiva: Susanna Griso ya avis\u00f3 de que estaba &quot;abierta al amor&quot;: sale con Luis Enr\u00edquez, ex Ceo de Vocento\" rel=\"nofollow noopener\" target=\"_blank\">tal y como contamos en exclusiva desde Informalia<\/a>, y a quien dar\u00e1 el \u00abs\u00ed, quiero\u00bb el pr\u00f3ximo verano en la Costa Brava. En esta ocasi\u00f3n, <b>el exconsejero de Vocento acompa\u00f1\u00f3 a su prometida <\/b>en una cita muy especial para la periodista, que celebra dos d\u00e9cadas al frente de Espejo P\u00fablico. Aunque no pos\u00f3 junto a ella en el photocall.<\/p>\n<p>                            <img decoding=\"async\" src=\"https:\/\/www.europesays.com\/es\/wp-content\/uploads\/2025\/12\/770x_susanna-griso.jpg\" loading=\"lazy\"\/><\/p>\n<p>La periodista catalana apost\u00f3 en esta ocasi\u00f3n por un conjunto en blanco y negro: <b>un top satinado en tono nude, de manga a la sisa y decorado con peque\u00f1as perlas,<\/b> que combin\u00f3 con un pantal\u00f3n de vestir negro, de pinzas y corte acampanado.<\/p>\n<p>Fue precisamente all\u00ed, en el photocall, donde la presentadora confes\u00f3 que est\u00e1 \u00abshockqueada\u00bb ante el revuelo que ha generado su boda. \u00abNo s\u00e9\u2026 no tengo la sensaci\u00f3n de que mi boda pueda despertar tanto inter\u00e9s\u00bb. En este sentido, Griso a\u00f1ad\u00eda: <b>\u00abMe lo tomo con mucha calma<\/b>, no dejo que me estrese\u00bb.<\/p>\n<p>Adem\u00e1s, adelant\u00f3 algunas pinceladas de c\u00f3mo ser\u00e1 su gran d\u00eda: <b>\u00abVoy a ir muy sencilla. Es una excusa para celebrar con los amigos<\/b> e intento quitarme de encima el protocolo, los trajes, los tacones altos y esas cosas\u2026\u00bb. Y es que Susanna reconoci\u00f3 que lo \u00fanico que pide para su boda es poder bailar tranquilamente.<\/p>\n<p>La fiesta canaria de Atresmedia<\/p>\n<p>                            <img decoding=\"async\" src=\"https:\/\/www.europesays.com\/es\/wp-content\/uploads\/2025\/12\/770x_gran-wayoming.jpg\" loading=\"lazy\"\/><\/p>\n<p>                            Sandra Sabat\u00e9s y Wyoming<\/p>\n<p>Entre otros de los rostros destacados de Atresplayer, tambi\u00e9n estuvieron <b>Sandra Sabat\u00e9s<\/b>, que escogi\u00f3 un vestido burdeos de tirantes y falda plisada, y El <b>Gran Wyoming<\/b>, que pos\u00f3 a su lado con una llamativa camisa en rojo pasi\u00f3n.<\/p>\n<p>                            <img decoding=\"async\" src=\"https:\/\/www.europesays.com\/es\/wp-content\/uploads\/2025\/12\/770x_gloria-serra.jpg\" loading=\"lazy\"\/><\/p>\n<p>                            Gloria Serra<\/p>\n<p>La presentadora de Equipo de Investigaci\u00f3n, <b>Gloria Serra<\/b>, se decant\u00f3, por su parte, por un traje fucsia que combin\u00f3 con un chaleco blanco impoluto. Tambi\u00e9n pudimos ver a la reportera de Informativos, <b>Noor Ben Yessef<\/b>, una de las mejor vestidas de la noche, con <b>un conjunto satinado en tono nude y raya diplom\u00e1tica<\/b>, que remat\u00f3 con una gabardina efecto piel a juego y sandalias de tac\u00f3n de metacrilato.<\/p>\n<p>                            <img decoding=\"async\" src=\"https:\/\/www.europesays.com\/es\/wp-content\/uploads\/2025\/12\/770x_noor-been.jpg\" loading=\"lazy\"\/><\/p>\n<p>                            Noor Ben Yessef<\/p>\n<p>Por el photocall tambi\u00e9n desfil\u00f3 el actor <b>Rodolfo Sancho<\/b>, que en el \u00faltimo a\u00f1o ha estado marcado por la medi\u00e1tica condena de su hijo, Daniel Sancho, <a href=\"https:\/\/www.eleconomista.es\/informalia\/famosos\/noticias\/13616362\/10\/25\/daniel-sancho-preso-en-tailandia-comparte-un-inquietante-video-en-redes-sociales-y-desata-la-locura-estas-bien-bro.html\" title=\"Daniel Sancho, preso en Tailandia, comparte un inquietante v\u00eddeo en redes sociales y desata la locura: &quot;\u00bfEst\u00e1s bien, bro?&quot;\" rel=\"nofollow noopener\" target=\"_blank\">sentenciado en Tailandia por el asesinato y descuartizamiento del cirujano<\/a> colombiano Edwin Arrieta.<\/p>\n<p>                            <img decoding=\"async\" src=\"https:\/\/www.europesays.com\/es\/wp-content\/uploads\/2025\/12\/770x_rodolfo-sancho.jpg\" loading=\"lazy\"\/><\/p>\n<p>                            Rodolfo Sancho<\/p>\n<p>WhatsApp<a href=\"https:\/\/api.whatsapp.com\/send?text=https:\/\/www.eleconomista.es\/informalia\/famosos\/noticias\/13669501\/11\/25\/susanna-griso-brilla-con-un-top-de-aire-nupcial-en-la-fiesta-de-atresmedia-y-desvela-su-deseo-para-la-boda-quiero-bailar.html?utm_source%3Dwhatsapp%26utm_medium%3Dshare_button&amp;id=1648118629957_whatsapp\" target=\"_blank\" data-action=\"share\/whatsapp\/share\" aria-label=\"Compartir en Whatsapp\" rel=\"nofollow noopener\"><\/a>Facebook<a id=\"fb-share\" href=\"#\" target=\"_blank\" rel=\"noopener noreferrer\" aria-label=\"Compartir en Facebook\"><\/a>Twitter<a href=\"https:\/\/twitter.com\/share?text=Susanna+Griso+brilla+con+un+top+de+aire+nupcial+en+la+fiesta+de+Atresmedia+y+desvela+el+deseo+para+su+boda%3A+%22Quiero+bailar%22&amp;url=https:\/\/www.eleconomista.es\/informalia\/famosos\/noticias\/13669501\/11\/25\/susanna-griso-brilla-con-un-top-de-aire-nupcial-en-la-fiesta-de-atresmedia-y-desvela-su-deseo-para-la-boda-quiero-bailar.html&amp;via=Informalia&amp;id=1648118839245_twitter\" target=\"_blank\" aria-label=\"Compartir en Twitter\" rel=\"nofollow noopener\"><\/a>Linkedin<a onclick=\"return abrirLinkedin();\" href=\"https:\/\/www.linkedin.com\/shareArticle?text=Susanna+Griso+brilla+con+un+top+de+aire+nupcial+en+la+fiesta+de+Atresmedia+y+desvela+el+deseo+para+su+boda%3A+%22Quiero+bailar%22&amp;url=https:\/\/www.eleconomista.es\/informalia\/famosos\/noticias\/13669501\/11\/25\/susanna-griso-brilla-con-un-top-de-aire-nupcial-en-la-fiesta-de-atresmedia-y-desvela-su-deseo-para-la-boda-quiero-bailar.html&amp;mini=true\" target=\"_blank\" aria-label=\"Compartir en linkedin\" rel=\"nofollow noopener\"><\/a>Beloud<a href=\"https:\/\/beloud.com\/share?text=Susanna+Griso+brilla+con+un+top+de+aire+nupcial+en+la+fiesta+de+Atresmedia+y+desvela+el+deseo+para+su+boda%3A+%22Quiero+bailar%22&amp;url=https:\/\/www.eleconomista.es\/informalia\/famosos\/noticias\/13669501\/11\/25\/susanna-griso-brilla-con-un-top-de-aire-nupcial-en-la-fiesta-de-atresmedia-y-desvela-su-deseo-para-la-boda-quiero-bailar.html&amp;via=Informalia&amp;id=1648118839245_beloud\" target=\"_blank\" aria-label=\"Compartir en beloud\" rel=\"nofollow noopener\"><\/a>Bluesky<a href=\"https:\/\/bsky.app\/intent\/compose?text=https:\/\/bsky.app\/intent\/compose?text=https:\/\/www.eleconomista.es\/informalia\/famosos\/noticias\/13669501\/11\/25\/susanna-griso-brilla-con-un-top-de-aire-nupcial-en-la-fiesta-de-atresmedia-y-desvela-su-deseo-para-la-boda-quiero-bailar.html&amp;url=https:\/\/www.eleconomista.es\/informalia\/famosos\/noticias\/13669501\/11\/25\/susanna-griso-brilla-con-un-top-de-aire-nupcial-en-la-fiesta-de-atresmedia-y-desvela-su-deseo-para-la-boda-quiero-bailar.html&amp;via=elEconomistaes&amp;id=1648118839245_bluesky\" target=\"_blank\" aria-label=\"Compartir en bluesky\" rel=\"nofollow noopener\"><\/a><\/p>\n<p><script async src=\"https:\/\/platform.twitter.com\/widgets.js\" charset=\"utf-8\"><\/script><\/p>\n","protected":false},"excerpt":{"rendered":"Este fin de semana, Las Palmas de Gran Canaria han acogido el Atresplayer Day, unas jornadas en las&hellip;\n","protected":false},"author":2,"featured_media":264970,"comment_status":"","ping_status":"","sticky":false,"template":"","format":"standard","meta":{"footnotes":""},"categories":[174],"tags":[255,146,147,25,24,256,260,23],"class_list":{"0":"post-264969","1":"post","2":"type-post","3":"status-publish","4":"format-standard","5":"has-post-thumbnail","7":"category-famosos","8":"tag-celebrities","9":"tag-entertainment","10":"tag-entretenimiento","11":"tag-es","12":"tag-espana","13":"tag-famosos","14":"tag-gente","15":"tag-spain"},"share_on_mastodon":{"url":"https:\/\/pubeurope.com\/@es\/115642941149918543","error":""},"_links":{"self":[{"href":"https:\/\/www.europesays.com\/es\/wp-json\/wp\/v2\/posts\/264969","targetHints":{"allow":["GET"]}}],"collection":[{"href":"https:\/\/www.europesays.com\/es\/wp-json\/wp\/v2\/posts"}],"about":[{"href":"https:\/\/www.europesays.com\/es\/wp-json\/wp\/v2\/types\/post"}],"author":[{"embeddable":true,"href":"https:\/\/www.europesays.com\/es\/wp-json\/wp\/v2\/users\/2"}],"replies":[{"embeddable":true,"href":"https:\/\/www.europesays.com\/es\/wp-json\/wp\/v2\/comments?post=264969"}],"version-history":[{"count":0,"href":"https:\/\/www.europesays.com\/es\/wp-json\/wp\/v2\/posts\/264969\/revisions"}],"wp:featuredmedia":[{"embeddable":true,"href":"https:\/\/www.europesays.com\/es\/wp-json\/wp\/v2\/media\/264970"}],"wp:attachment":[{"href":"https:\/\/www.europesays.com\/es\/wp-json\/wp\/v2\/media?parent=264969"}],"wp:term":[{"taxonomy":"category","embeddable":true,"href":"https:\/\/www.europesays.com\/es\/wp-json\/wp\/v2\/categories?post=264969"},{"taxonomy":"post_tag","embeddable":true,"href":"https:\/\/www.europesays.com\/es\/wp-json\/wp\/v2\/tags?post=264969"}],"curies":[{"name":"wp","href":"https:\/\/api.w.org\/{rel}","templated":true}]}}