{"id":264979,"date":"2025-12-01T06:45:10","date_gmt":"2025-12-01T06:45:10","guid":{"rendered":"https:\/\/www.europesays.com\/es\/264979\/"},"modified":"2025-12-01T06:45:10","modified_gmt":"2025-12-01T06:45:10","slug":"ante-el-estigma-del-vih-somos-la-respuesta","status":"publish","type":"post","link":"https:\/\/www.europesays.com\/es\/264979\/","title":{"rendered":"\u00abAnte el estigma del VIH, somos la respuesta\u00bb"},"content":{"rendered":"<p>Cuando Leonel Navarro recuerda el d\u00eda en que le diagnosticaron VIH, se queda unos segundos en silencio. A\u00fan puede sentir aquel \u00abbalde de agua fr\u00eda\u00bb  &#8230; cay\u00e9ndole encima. Ten\u00eda 23 a\u00f1os y acababa de enterarse de que su pareja, que hab\u00eda tenido contactos sexuales fuera de la relaci\u00f3n, hab\u00eda dado positivo. \u00abSent\u00ed que todo se hab\u00eda ido al carajo\u00bb, dice ahora \u2013con 26 a\u00f1os y siendo un activista &#8216;vihvisible&#8217;\u2013, manteniendo su carga viral indetectable desde hace tiempo. Aquel d\u00eda, en plena incertidumbre, decidi\u00f3 guardarse la noticia durante semanas para no alarmar a su familia. \u00abHasta que ya no pude m\u00e1s y se lo cont\u00e9 a mi madre. Ella fue mi pilar\u00bb, recuerda.<\/p>\n<p class=\"v-p\">Ese pilar, ese sost\u00e9n, falta a veces en las historias de algunas mujeres en Cantabria. Durante el pasado a\u00f1o se registraron cuarenta nuevos diagn\u00f3sticos de VIH, el 25% en mujeres, una cifra superior a la media de los \u00faltimos cinco a\u00f1os, cuando representaban el 20%. Y aunque los nuevos casos siguen siendo mayoritariamente masculinos, la tendencia entre mujeres crece en silencio. Como si la estad\u00edstica les fuera \u00abpisando los talones\u00bb, en palabras de Luis Viloria, jefe de Epidemiolog\u00eda del Hospital Valdecilla de Santander, pero nadie terminara de mirar hacia ellas. Una realidad merecedora de rese\u00f1ar en este 1 de diciembre, D\u00eda Mundial de la Lucha contra el Sida.<\/p>\n<p class=\"v-p\">Una de esas mujeres es Maite (nombre ficticio). Vive con el virus desde hace cinco a\u00f1os. Su diagn\u00f3stico tambi\u00e9n lleg\u00f3 envuelto en \u00abdesconcierto\u00bb. Comenz\u00f3 con s\u00edntomas sin explicaci\u00f3n y termin\u00f3 ingresada en Psiquiatr\u00eda, \u00absin estabilidad emocional y sin apoyo\u00bb dentro de su propia casa. \u00abMis hijos no lo comprendieron. Con algunos de ellos s\u00ed he sentido humillaci\u00f3n. Nunca se habl\u00f3 del tema\u00bb, explica. Y a\u00fan hoy, a\u00f1os despu\u00e9s, sigue sintiendo esa distancia que \u00abpesa m\u00e1s que el virus\u00bb. Aun as\u00ed, insiste en que tambi\u00e9n ha encontrado cari\u00f1o fuera: en amistades y, ahora, en su pareja, que conoce su diagn\u00f3stico. \u00abMe siento arropada. Eso te cambia la vida\u00bb.<\/p>\n<p class=\"v-p\">La vida de Alba (nombre elegido por ella) avanzaba como pod\u00eda cuando, el pasado mes de febrero, escuch\u00f3 la misma noticia que un d\u00eda recibieron Leonel y Maite. Llevaba meses saliendo de una relaci\u00f3n marcada por el maltrato psicol\u00f3gico y f\u00edsico. Su mejor amiga, preocupada, le sugiri\u00f3 hacerse una prueba. La anal\u00edtica se la hicieron a las ocho de la ma\u00f1ana. A mediod\u00eda ya la estaban llamando de Valdecilla. \u00abAh\u00ed se me derrumb\u00f3 todo\u00bb, relata emocionada. En la consulta, entre l\u00e1grimas, confirm\u00f3 sus peores temores: su expareja lo sab\u00eda y nunca se lo hab\u00eda dicho. \u00abSent\u00ed rabia, ira, mucho miedo\u00bb, declara. Empez\u00f3 el tratamiento, denunci\u00f3 la agresi\u00f3n y acudi\u00f3 a Accas (Asociaci\u00f3n Ciudadana C\u00e1ntabra Anti Sida), donde encontr\u00f3 ese apoyo psicol\u00f3gico que necesitaba para \u00abno desmoronarme\u00bb.<\/p>\n<p class=\"v-p\">Su caso, aunque extremo, no es aislado en un contexto donde las relaciones \u00edntimas son, hoy, la v\u00eda de transmisi\u00f3n m\u00e1s frecuente. En Cantabria, de estos casos, en 2024 el 60% se produjo por v\u00eda sexual entre hombres y el 40% entre parejas heterosexuales, seg\u00fan los \u00faltimos registros consolidados. Y aunque la ciencia ha cambiado la realidad del virus \u2013las personas indetectables no transmiten el VIH, algo ya incuestionable\u2013, las relaciones afectivas y el estigma siguen siendo lo que m\u00e1s duele. <\/p>\n<p class=\"v-p\"><strong>Nuevos comienzos<\/strong><\/p>\n<p class=\"v-p\">Leonel lo sabe bien. Aunque participa en actividades, charlas y grupos de j\u00f3venes con VIH, sigue sintiendo ese temblor en las relaciones sociales: \u00abCuando alguien me pide el Instagram, dudo. Porque tengo cosas publicadas de mi proceso. Y no quiero que me pongan una etiqueta sin conocerme\u00bb. Aun as\u00ed, decidi\u00f3 hacerse visible. \u00abAnte el estigma, somos la respuesta\u00bb, repite. Con firmeza, a\u00fan cuando tambi\u00e9n \u00e9l, como todos, tiene d\u00edas en los que pesa lo vivido: \u00abEs una monta\u00f1a rusa. Aunque estoy indetectable y no hay que tener miedo\u00bb.<\/p>\n<p class=\"v-p\">Maite, por su parte, aprendi\u00f3 a convivir con la enfermedad hasta el punto de que a veces \u00abse olvida\u00bb de que la tiene. Toma su medicaci\u00f3n, trabaja y socializa. \u00abLlevo una vida normal. Me cuido m\u00e1s que nunca. Y me encuentro mejor que antes\u00bb. Ha aprendido a sostenerse a s\u00ed misma: \u00abLa vida sigue, y yo quiero disfrutarla. Quiero mi estabilidad, mi casa, mi tranquilidad\u00bb.<\/p>\n<p class=\"v-p\">Alba todav\u00eda est\u00e1 en ese camino. Ha pasado a un tratamiento inyectable que le ofrece m\u00e1s libertad y menos recordatorios diarios. Sigue en terapia y construye poco a poco una normalidad distinta. \u00abNo tengo miedo al virus. Miedo tuve antes, miedo me dio \u00e9l. Esto es otra cosa\u00bb, expresa. Lo que m\u00e1s le duele, sin embargo, es la imposibilidad de contarlo fuera de un c\u00edrculo muy \u00edntimo. \u00abNo podr\u00eda soportar la mirada de otros\u00bb, confiesa. Fue en la Fiesta del Orgullo donde por primera vez sinti\u00f3 que pod\u00eda ser ella sin esconder nada. \u00abFue el \u00fanico lugar donde he podido ser libre\u00bb, destaca.<\/p>\n<p class=\"v-p\"><strong>D\u00eda Mundial<\/strong><\/p>\n<p class=\"v-p\">Hoy se celebra el D\u00eda Mundial de la Lucha contra el SIDA y, aunque muchas veces se confunde con el VIH, no son lo mismo. VIH es el virus; el sida es la fase avanzada de la infecci\u00f3n, cuando el sistema inmunitario queda gravemente debilitado. Hoy, gracias a los antirretrovirales, la mayor\u00eda jam\u00e1s llega a esa fase. De los casos registrados, el \u00faltimo a\u00f1o solo siete estaban en esa segunda fase.<\/p>\n","protected":false},"excerpt":{"rendered":"Cuando Leonel Navarro recuerda el d\u00eda en que le diagnosticaron VIH, se queda unos segundos en silencio. A\u00fan&hellip;\n","protected":false},"author":2,"featured_media":264980,"comment_status":"","ping_status":"","sticky":false,"template":"","format":"standard","meta":{"footnotes":""},"categories":[92],"tags":[1575,25,24,30520,165,8013,166,23,6877],"class_list":{"0":"post-264979","1":"post","2":"type-post","3":"status-publish","4":"format-standard","5":"has-post-thumbnail","7":"category-salud","8":"tag-ante","9":"tag-es","10":"tag-espana","11":"tag-estigma","12":"tag-health","13":"tag-respuesta","14":"tag-salud","15":"tag-spain","16":"tag-vih"},"share_on_mastodon":{"url":"https:\/\/pubeurope.com\/@es\/115642966060323192","error":""},"_links":{"self":[{"href":"https:\/\/www.europesays.com\/es\/wp-json\/wp\/v2\/posts\/264979","targetHints":{"allow":["GET"]}}],"collection":[{"href":"https:\/\/www.europesays.com\/es\/wp-json\/wp\/v2\/posts"}],"about":[{"href":"https:\/\/www.europesays.com\/es\/wp-json\/wp\/v2\/types\/post"}],"author":[{"embeddable":true,"href":"https:\/\/www.europesays.com\/es\/wp-json\/wp\/v2\/users\/2"}],"replies":[{"embeddable":true,"href":"https:\/\/www.europesays.com\/es\/wp-json\/wp\/v2\/comments?post=264979"}],"version-history":[{"count":0,"href":"https:\/\/www.europesays.com\/es\/wp-json\/wp\/v2\/posts\/264979\/revisions"}],"wp:featuredmedia":[{"embeddable":true,"href":"https:\/\/www.europesays.com\/es\/wp-json\/wp\/v2\/media\/264980"}],"wp:attachment":[{"href":"https:\/\/www.europesays.com\/es\/wp-json\/wp\/v2\/media?parent=264979"}],"wp:term":[{"taxonomy":"category","embeddable":true,"href":"https:\/\/www.europesays.com\/es\/wp-json\/wp\/v2\/categories?post=264979"},{"taxonomy":"post_tag","embeddable":true,"href":"https:\/\/www.europesays.com\/es\/wp-json\/wp\/v2\/tags?post=264979"}],"curies":[{"name":"wp","href":"https:\/\/api.w.org\/{rel}","templated":true}]}}