{"id":264981,"date":"2025-12-01T06:46:13","date_gmt":"2025-12-01T06:46:13","guid":{"rendered":"https:\/\/www.europesays.com\/es\/264981\/"},"modified":"2025-12-01T06:46:13","modified_gmt":"2025-12-01T06:46:13","slug":"avance-de-la-promesa-capitulo-de-hoy-lunes-1-de-diciembre-carlo-llega-al-palacio-de-los-lujan-el-mundo","status":"publish","type":"post","link":"https:\/\/www.europesays.com\/es\/264981\/","title":{"rendered":"Avance de &#039;La Promesa&#039;, cap\u00edtulo de hoy, lunes 1 de diciembre: Carlo llega al palacio de los Luj\u00e1n &#8211; El Mundo"},"content":{"rendered":"<ol>\n<li><a href=\"https:\/\/news.google.com\/rss\/articles\/CBMiiAFBVV95cUxOLU9aZ1BjalpDMkZRbDQwbWwtelJfakszQ20xbW5UNkxOVFRHdTFDdklZWlNLWmdfSzJ4Q1FJY19VcXk1MUJFMGtfZzZOaFBQLUt5bHI0QzBKdmEyRGJRaEZKbTJNeTBLeFhBR2M5Ry1TU0pTcDhKbDJ6RlpObHRHcXF2NnFvSWJz0gGIAUFVX3lxTFBmTUNiNmxjRGpLTWRDZkN6ck55bDBvbDk4ZTc4ZzR0eVRoSTdES2xrWTczSFN4cHJRcG5pWHo5Z3JjRE9waHAzZ191aG9CZENDTUYyaFcza1lRTHlHakl5Smx6anlJUXoxN1JIU0YwNl9GQnREdzVNWkprZUxGdGRSa21oY0g0ODQ?oc=5\" target=\"_blank\" rel=\"nofollow noopener\">Avance de &#8216;La Promesa&#8217;, cap\u00edtulo de hoy, lunes 1 de diciembre: Carlo llega al palacio de los Luj\u00e1n<\/a>&nbsp;&nbsp;El Mundo<\/li>\n<li><a href=\"https:\/\/news.google.com\/rss\/articles\/CBMiiAFBVV95cUxOY3JXVWFPU1o2RUtGRjB6a2xSS0p3di1ZX2w1cFJoZGYtSEZ6cTZYbmtqWVZJZ19sSExKMXdCU0FMYVNvcHZFdWRNQzUtdGFWUmxjUW5IZk9kWk1CSkE4MVNqUGhKcmppRWVHWHh0RWRobkZPREhtN1FqTkFKaXFBWG1rYm9Mc2ZR0gGIAUFVX3lxTE1nRVBWXzVhdV9lckNvWUVPaU5IS0xKWUwzUzdlbGJLaDNBSmNEeVFMYUxFc0kzQUlISlQ4VDVDV24tUGdZay1hLUV0RHBrUEV1QVNJZDhDOUQzeHZWRkZ5ZGFDck1QbkhPSkNwc2RfeE5sRUxIWmpXcTlhWjd4U0I0WjllLXV4UGQ?oc=5\" target=\"_blank\" rel=\"nofollow noopener\">Avance semanal de &#8216;La Promesa&#8217; del 1 al 4 de diciembre: Llega un nuevo lacayo, \u00c1ngela est\u00e1 desesperada y el servicio sigue perdiendo derechos<\/a>&nbsp;&nbsp;El Mundo<\/li>\n<li><a href=\"https:\/\/news.google.com\/rss\/articles\/CBMi1gFBVV95cUxQdXc1Y2JuVEw0dmR2TlZTekdzMGsteVpRZ1lDM2JEVVM0N2tiYlZyOVpPYWdyNER0MXpidHFZRnk4Tk82ckpOaXNmZTY5SEZqWEgxM1hMVU1JM2FoVUVmb1gxVlJsa0ZnQ0tQaWVQd1J6VmRPV2ZGc1BTcWg3Rlc2WnFpMmo0OTFUemcwV1hpaTVIaGpIbENVdkdHdXNLVEJpSUZBZXFIb2poSWstSkcxRXFsZHhUVDZvZHNCN2NyM0hzOWlyYV9iNTJBYWE4b1J6VDJhTDl30gHbAUFVX3lxTFBSMy1pZjdsMzJFVS1Ma09QVGhYWUM2QVZXQjFhWFZTTmhwOWlwSEd1QTZjQ3BKMzBxUkxRVW9BM0hZcEdGUEQ3WVlwVm9tSlUwUUk4MWt6dEFscFFWQS1jOWI4ZHBrcmNHWVhoVEVqN1VDMlEtWXI5Vy1PUWhWZjF6WXpCQ0hBa3NtYXdtcHNqSmpoZ2dpMGd2Qm9PLWI3NzBJb2RLVlZOdTdQS2lQRUdpY2ZuZ0Z0dzRUWDBWcFFPVEozdmVpV1hLeHU0OTh5b1lYai1jb0w5STRydw?oc=5\" target=\"_blank\" rel=\"nofollow noopener\">Avance del episodio 727 de &#8216;La Promesa&#8217;: Relaciones al l\u00edmite y dos nuevas incorporaciones<\/a>&nbsp;&nbsp;La Vanguardia<\/li>\n<li><a href=\"https:\/\/news.google.com\/rss\/articles\/CBMilgFBVV95cUxOaEFpZUdDbFg2NWtMRjJ1cXhqYnZuaDhJbFJPY215eGZpMEVEQzlLRW9LdVBNUVcxR0xLT0ZJRktBQktEVm1lcVRzbmRlTVZuXzI3eC1NaVhXTWRzeXpwbXFNdmVfRVhxODlhaTBkNXZaT29WZm1mYVJ1QUIxcEl2cnFaT3I1eHJnNnNtTWxkMmZjS0F5TVHSAZYBQVVfeXFMUDI2c3N6b2N1OFhSRHl0dklheEhlUnlIbE9YanV5Tms3eWFQZ05kVWVyU3ZZVVVlUWUyX3h5YVlmTjVBbFBhMjhYSTRIOTJlVEk5UXh4MmpIU052S1p1cmZqLVd6WjgzVDVtNnRkekplU0hPMGltSUI5aHA2SHM5ZU9NUEdzcm5jb1M4Uzc5bDZXUnN2c1lR?oc=5\" target=\"_blank\" rel=\"nofollow noopener\">Avance semanal de &#8216;La Promesa&#8217; del 1 al 5 de diciembre: Carlo, el padre del beb\u00e9 que espera Mar\u00eda Fern\u00e1ndez, llega al palacio<\/a>&nbsp;&nbsp;RTVE.es<\/li>\n<li><a href=\"https:\/\/news.google.com\/rss\/articles\/CBMitwFBVV95cUxPTnhTcUpGVmZ5X0Y0V1NGRTBnRFNRWlFCRjZ5M2dFemhXS1ZfWnVvaUV3VUM5MFhtSVVXcUdpT09tNGpyRWpDZTJlTG1JelV3amlJbVVYemxtZmU1U3lqSktQYWk5Q3ZXcnBSdC1RU2dVbXdpbzZ2YnMzVWFyWkxCbGdGaE1nU0xPSWgwQ0h3R1FLel9WcnNBMG5xQ2VaWGY3UEF5VC1FTjFRUkE2Y3lLRmdXbF84TXc?oc=5\" target=\"_blank\" rel=\"nofollow noopener\">&#8216;La Promesa&#8217;, avance del cap\u00edtulo 727 del lunes 1 de diciembre en TVE: Enora, una detective de cuidado<\/a>&nbsp;&nbsp;Diez Minutos<\/li>\n<\/ol>\n","protected":false},"excerpt":{"rendered":"Avance de &#8216;La Promesa&#8217;, cap\u00edtulo de hoy, lunes 1 de diciembre: Carlo llega al palacio de los Luj\u00e1n&nbsp;&nbsp;El&hellip;\n","protected":false},"author":2,"featured_media":264982,"comment_status":"","ping_status":"","sticky":false,"template":"","format":"standard","meta":{"footnotes":""},"categories":[91],"tags":[11030,146,147,25,24,11031,805,23,807,11029,6761],"class_list":{"0":"post-264981","1":"post","2":"type-post","3":"status-publish","4":"format-standard","5":"has-post-thumbnail","7":"category-entretenimiento","8":"tag-cineseries","9":"tag-entertainment","10":"tag-entretenimiento","11":"tag-es","12":"tag-espana","13":"tag-la-promesa","14":"tag-series","15":"tag-spain","16":"tag-television","17":"tag-television-series","18":"tag-tresb"},"share_on_mastodon":{"url":"https:\/\/pubeurope.com\/@es\/115642970072668705","error":""},"_links":{"self":[{"href":"https:\/\/www.europesays.com\/es\/wp-json\/wp\/v2\/posts\/264981","targetHints":{"allow":["GET"]}}],"collection":[{"href":"https:\/\/www.europesays.com\/es\/wp-json\/wp\/v2\/posts"}],"about":[{"href":"https:\/\/www.europesays.com\/es\/wp-json\/wp\/v2\/types\/post"}],"author":[{"embeddable":true,"href":"https:\/\/www.europesays.com\/es\/wp-json\/wp\/v2\/users\/2"}],"replies":[{"embeddable":true,"href":"https:\/\/www.europesays.com\/es\/wp-json\/wp\/v2\/comments?post=264981"}],"version-history":[{"count":0,"href":"https:\/\/www.europesays.com\/es\/wp-json\/wp\/v2\/posts\/264981\/revisions"}],"wp:featuredmedia":[{"embeddable":true,"href":"https:\/\/www.europesays.com\/es\/wp-json\/wp\/v2\/media\/264982"}],"wp:attachment":[{"href":"https:\/\/www.europesays.com\/es\/wp-json\/wp\/v2\/media?parent=264981"}],"wp:term":[{"taxonomy":"category","embeddable":true,"href":"https:\/\/www.europesays.com\/es\/wp-json\/wp\/v2\/categories?post=264981"},{"taxonomy":"post_tag","embeddable":true,"href":"https:\/\/www.europesays.com\/es\/wp-json\/wp\/v2\/tags?post=264981"}],"curies":[{"name":"wp","href":"https:\/\/api.w.org\/{rel}","templated":true}]}}