{"id":264987,"date":"2025-12-01T06:50:15","date_gmt":"2025-12-01T06:50:15","guid":{"rendered":"https:\/\/www.europesays.com\/es\/264987\/"},"modified":"2025-12-01T06:50:15","modified_gmt":"2025-12-01T06:50:15","slug":"suspension-de-asilo-durara-mucho-tiempo-advierte-trump-dw-01-12-2025","status":"publish","type":"post","link":"https:\/\/www.europesays.com\/es\/264987\/","title":{"rendered":"Suspensi\u00f3n de asilo durar\u00e1 \u00abmucho tiempo\u00bb, advierte Trump \u2013 DW \u2013 01\/12\/2025"},"content":{"rendered":"<p>El presidente estadounidense <a class=\"internal-link\" href=\"https:\/\/www.dw.com\/es\/donald-trump\/t-19445010\" rel=\"nofollow noopener\" target=\"_blank\">Donald Trump<\/a> dijo el domingo (30.11.2025) que su gobierno planea mantener suspendidas las decisiones de asilo por \u00abmucho tiempo\u00bb, luego de que un ciudadano afgano supuestamente atacara a dos guardias nacionales cerca de la <a class=\"internal-link\" href=\"https:\/\/www.dw.com\/es\/casa-blanca\/t-36684155\" rel=\"nofollow noopener\" target=\"_blank\">Casa Blanca<\/a>, de los cuales una muri\u00f3.<\/p>\n<p>Ante la pregunta de cu\u00e1nto tiempo durar\u00eda la pausa, Trump dijo que no ten\u00eda en mente \u00abun l\u00edmite de tiempo\u00bb para la medida que, seg\u00fan el Departamento de Seguridad Nacional, est\u00e1 vinculada a una lista de 19 pa\u00edses que tienen restricciones de viaje a Estados Unidos.<\/p>\n<p>\u00abNo queremos a esa gente\u00bb, dijo Trump. \u00ab\u00bfSaben por qu\u00e9 no los queremos? Porque muchos no han sido buenos, y no deben estar en nuestro pa\u00eds\u00bb, agreg\u00f3.<\/p>\n<blockquote class=\"tweet embed\" data-id=\"1995296469159718924\"\/>\n<p>El gobierno Trump congel\u00f3 las decisiones de asilo tras el tiroteo en Washington el 26 de noviembre en el que muri\u00f3 Sarah Beckstrom, de 20 a\u00f1os, y Andrew Wolfe, de 24, qued\u00f3 gravemente herido.<\/p>\n<p>El autor de los disparos fue identificado por las autoridades como Rahmanullah Lakanwal, un afgano de 29 a\u00f1os, que fue arrestado y enfrenta cargos de asesinato en primer grado.<\/p>\n<p><a class=\"internal-link\" href=\"https:\/\/www.dw.com\/es\/acusado-de-ataque-en-washington-se-radicaliz\u00f3-en-eeuu\/a-74960328\" rel=\"nofollow noopener\" target=\"_blank\">Al sospechoso le fue concedido asilo en abril de 2025<\/a>, bajo el gobierno Trump, pero seg\u00fan los jefes del FBI, la CIA y el Departamento de Seguridad Nacional, Lakanwal lleg\u00f3 al pa\u00eds sin supervisi\u00f3n adecuada debido a pol\u00edticas de asilo laxas del gobierno de Joe Biden.<\/p>\n<p>Tras el tiroteo, Trump escribi\u00f3 que planeaba \u00abpausar permanentemente la migraci\u00f3n de todos los pa\u00edses del tercer mundo para permitir que el sistema estadounidense se recupere por completo\u00bb.<\/p>\n<p>Al ser preguntado sobre qu\u00e9 nacionalidades ser\u00edan afectadas, el Departamento de Seguridad Nacional mencion\u00f3\u00a0<a class=\"internal-link\" href=\"https:\/\/www.dw.com\/es\/eeuu-revisar\u00e1-green-cards-de-migrantes-de-19-pa\u00edses\/a-74932914\" rel=\"nofollow noopener\" target=\"_blank\">una lista de 19 pa\u00edses<\/a>, incluyendo a Afganist\u00e1n, Cuba, Hait\u00ed, Ir\u00e1n y Birmania, que ya enfrentan restricciones de viaje a Estados Unidos desde junio.<\/p>\n<p>gs (afp, reuters)<\/p>\n","protected":false},"excerpt":{"rendered":"El presidente estadounidense Donald Trump dijo el domingo (30.11.2025) que su gobierno planea mantener suspendidas las decisiones de&hellip;\n","protected":false},"author":2,"featured_media":264988,"comment_status":"","ping_status":"","sticky":false,"template":"","format":"standard","meta":{"footnotes":""},"categories":[42],"tags":[17,18,13,14,11,61,62,63,64,19,20,9,10,15,16,12,21,22,65,66,67],"class_list":{"0":"post-264987","1":"post","2":"type-post","3":"status-publish","4":"format-standard","5":"has-post-thumbnail","7":"category-internacional","8":"tag-breaking-news","9":"tag-breakingnews","10":"tag-featured-news","11":"tag-featurednews","12":"tag-headlines","13":"tag-internacional","14":"tag-international","15":"tag-international-news","16":"tag-internationalnews","17":"tag-latest-news","18":"tag-latestnews","19":"tag-news","20":"tag-noticias","21":"tag-noticias-destacadas","22":"tag-noticiasdestacadas","23":"tag-titulares","24":"tag-ultimas-noticias","25":"tag-ultimasnoticias","26":"tag-world","27":"tag-world-news","28":"tag-worldnews"},"share_on_mastodon":{"url":"https:\/\/pubeurope.com\/@es\/115642985990707280","error":""},"_links":{"self":[{"href":"https:\/\/www.europesays.com\/es\/wp-json\/wp\/v2\/posts\/264987","targetHints":{"allow":["GET"]}}],"collection":[{"href":"https:\/\/www.europesays.com\/es\/wp-json\/wp\/v2\/posts"}],"about":[{"href":"https:\/\/www.europesays.com\/es\/wp-json\/wp\/v2\/types\/post"}],"author":[{"embeddable":true,"href":"https:\/\/www.europesays.com\/es\/wp-json\/wp\/v2\/users\/2"}],"replies":[{"embeddable":true,"href":"https:\/\/www.europesays.com\/es\/wp-json\/wp\/v2\/comments?post=264987"}],"version-history":[{"count":0,"href":"https:\/\/www.europesays.com\/es\/wp-json\/wp\/v2\/posts\/264987\/revisions"}],"wp:featuredmedia":[{"embeddable":true,"href":"https:\/\/www.europesays.com\/es\/wp-json\/wp\/v2\/media\/264988"}],"wp:attachment":[{"href":"https:\/\/www.europesays.com\/es\/wp-json\/wp\/v2\/media?parent=264987"}],"wp:term":[{"taxonomy":"category","embeddable":true,"href":"https:\/\/www.europesays.com\/es\/wp-json\/wp\/v2\/categories?post=264987"},{"taxonomy":"post_tag","embeddable":true,"href":"https:\/\/www.europesays.com\/es\/wp-json\/wp\/v2\/tags?post=264987"}],"curies":[{"name":"wp","href":"https:\/\/api.w.org\/{rel}","templated":true}]}}