{"id":264989,"date":"2025-12-01T06:51:30","date_gmt":"2025-12-01T06:51:30","guid":{"rendered":"https:\/\/www.europesays.com\/es\/264989\/"},"modified":"2025-12-01T06:51:30","modified_gmt":"2025-12-01T06:51:30","slug":"fallece-jose-martinez-librero-de-los-soportales-de-la-catedral-de-murcia-y-figura-historica-del-comercio-local","status":"publish","type":"post","link":"https:\/\/www.europesays.com\/es\/264989\/","title":{"rendered":"Fallece Jos\u00e9 Mart\u00ednez, librero de los soportales de la Catedral de Murcia y figura hist\u00f3rica del comercio local"},"content":{"rendered":"<p><img fetchpriority=\"high\" class=\"v-a-img\" src=\"https:\/\/www.europesays.com\/es\/wp-content\/uploads\/2025\/12\/1491649545-ky7E-U230730635618WrF-1200x840@La Verdad-kg0D-U240407389030D8F-1200x840@La Verdad.jpg\" loading=\"eager\" decoding=\"async\" alt=\"Jos\u00e9 Mart\u00ednez, en la librer\u00eda Ram\u00f3n Jim\u00e9nez de Murcia.\"  width=\"1200\" height=\"840\"\/><\/p>\n<p>Jos\u00e9 Mart\u00ednez, en la librer\u00eda Ram\u00f3n Jim\u00e9nez de Murcia.          Vicente Vic\u00e9ns \/ AGM        <\/p>\n<p>El propietario segu\u00eda trabajando en este negocio emblem\u00e1tico, el m\u00e1s antiguo del sector en la ciudad, tras m\u00e1s de 70 a\u00f1os de carrera<\/p>\n<p><a class=\"v-mdl-ath__fig-a\" href=\"https:\/\/www.laverdad.es\/autor\/antonio-gil-ballesta-3215.html\" title=\"Antonio Gil Ballesta\" rel=\"nofollow noopener\" target=\"_blank\"><br \/>\n<img decoding=\"async\" class=\"v-mdl-ath__img\" src=\"https:\/\/www.europesays.com\/es\/wp-content\/uploads\/2025\/11\/autor-3215-foto-2.jpeg\" alt=\"Antonio Gil Ballesta\"\/><br \/>\n<\/a><\/p>\n<p class=\"v-mdl-ath__p v-mdl-ath__p--6\">\nDomingo, 30 de noviembre 2025, 22:16<\/p>\n<p>| Actualizado 22:35h.<\/p>\n<p class=\"v-p\">Murcia despide a una de las figuras m\u00e1s reconocibles de su comercio local. <a href=\"https:\/\/www.laverdad.es\/culturas\/jose-martinez-rodriguez-libreria-historia-cultura-anos-20250202073525-nt.html\" title=\"www.laverdad.es\" data-voc-vtm-id=\"in-text-traffic\" data-mrf-link=\"www.laverdad.es\" rel=\"nofollow noopener\" target=\"_blank\">Jos\u00e9 Mart\u00ednez Rodr\u00edguez<\/a> (Llano de Brujas, 1938), falleci\u00f3 este domingo a los 87 a\u00f1os de edad despu\u00e9s de una vida dedicada a los libros. Empez\u00f3 a trabajar con apenas 13 a\u00f1os y hasta ahora, m\u00e1s de siete d\u00e9cadas de trabajo despu\u00e9s, segu\u00eda atendiendo con amabilidad a los clientes de la librer\u00eda Ram\u00f3n Jim\u00e9nez, en los soportales de la Catedral de Murcia, la m\u00e1s antigua de la ciudad.<\/p>\n<p class=\"v-p\">\u00abHa descansado en paz, rodeado de sus hijos, Jos\u00e9 y Maite\u00bb, inform\u00f3 la familia en las redes sociales de la librer\u00eda. \u00abToda una vida dedicada a este negocio y todos ustedes que le han acompa\u00f1ado\u00bb, subrayan sobre el decano de los libreros de Murcia. Su trayectoria empez\u00f3 en 1951, siendo apenas un adolescente, y dos a\u00f1os despu\u00e9s el sobrino del due\u00f1o de la librer\u00eda Ram\u00f3n Jim\u00e9nez le ofreci\u00f3 el trabajo. Empez\u00f3 como aprendiz en este negocio hist\u00f3rico del centro, en el que se puso al frente cuando su primer due\u00f1o falleci\u00f3.<\/p>\n<p class=\"v-p\">Con el paso del tiempo, Mart\u00ednez, que naci\u00f3 en plena Guerra Civil en una familia numerosa de ocho hermanos, afianz\u00f3 la librer\u00eda como uno de los establecimientos emblem\u00e1ticos del comercio local de Murcia. Un basti\u00f3n que sigue en pie entre calles del casco hist\u00f3rico en constante transformaci\u00f3n por el crecimientos de franquicias y tiendas de multinacionales.<\/p>\n<p class=\"v-p\">\u00abLos clientes que tenemos son antiguos, los vamos manteniendo, pero cuesta, lo que est\u00e1n haciendo con el centro&#8230;\u00bb, <a href=\"https:\/\/www.laverdad.es\/murcia\/ciudad-murcia\/cierre-negocios-tradicionales-crece-murcia-jubilaciones-nuevos-20250831072407-nt.html\" title=\"www.laverdad.es\" data-voc-vtm-id=\"in-text-traffic\" data-mrf-link=\"www.laverdad.es\" rel=\"nofollow noopener\" target=\"_blank\">lamentaba a LA VERDAD<\/a> para un reportaje sobre el comercio local el pasado mes de agosto, cuando permanec\u00eda tras el mostrador en plena ola de calor. \u00abDesde el resto de sus familiares os comunicamos que vamos a seguir con su legado, tal y como \u00e9l hubiera querido\u00bb, promete hoy la familia. Continuar su legado es, probablemente, su \u00fanico deseo.<\/p>\n<p>Reporta un error<\/p>\n","protected":false},"excerpt":{"rendered":"Jos\u00e9 Mart\u00ednez, en la librer\u00eda Ram\u00f3n Jim\u00e9nez de Murcia. Vicente Vic\u00e9ns \/ AGM El propietario segu\u00eda trabajando en&hellip;\n","protected":false},"author":2,"featured_media":264990,"comment_status":"","ping_status":"","sticky":false,"template":"","format":"standard","meta":{"footnotes":""},"categories":[8],"tags":[17,18,21863,3903,25,24,5992,13,14,20670,11,5229,2467,19,20,5236,2552,825,1478,9,10,15,16,65721,23,12,21,22],"class_list":{"0":"post-264989","1":"post","2":"type-post","3":"status-publish","4":"format-standard","5":"has-post-thumbnail","7":"category-espana","8":"tag-breaking-news","9":"tag-breakingnews","10":"tag-catedral","11":"tag-comercio","12":"tag-es","13":"tag-espana","14":"tag-fallece","15":"tag-featured-news","16":"tag-featurednews","17":"tag-figura","18":"tag-headlines","19":"tag-historica","20":"tag-jose","21":"tag-latest-news","22":"tag-latestnews","23":"tag-librero","24":"tag-local","25":"tag-martinez","26":"tag-murcia","27":"tag-news","28":"tag-noticias","29":"tag-noticias-destacadas","30":"tag-noticiasdestacadas","31":"tag-soportales","32":"tag-spain","33":"tag-titulares","34":"tag-ultimas-noticias","35":"tag-ultimasnoticias"},"share_on_mastodon":{"url":"https:\/\/pubeurope.com\/@es\/115642991166341634","error":""},"_links":{"self":[{"href":"https:\/\/www.europesays.com\/es\/wp-json\/wp\/v2\/posts\/264989","targetHints":{"allow":["GET"]}}],"collection":[{"href":"https:\/\/www.europesays.com\/es\/wp-json\/wp\/v2\/posts"}],"about":[{"href":"https:\/\/www.europesays.com\/es\/wp-json\/wp\/v2\/types\/post"}],"author":[{"embeddable":true,"href":"https:\/\/www.europesays.com\/es\/wp-json\/wp\/v2\/users\/2"}],"replies":[{"embeddable":true,"href":"https:\/\/www.europesays.com\/es\/wp-json\/wp\/v2\/comments?post=264989"}],"version-history":[{"count":0,"href":"https:\/\/www.europesays.com\/es\/wp-json\/wp\/v2\/posts\/264989\/revisions"}],"wp:featuredmedia":[{"embeddable":true,"href":"https:\/\/www.europesays.com\/es\/wp-json\/wp\/v2\/media\/264990"}],"wp:attachment":[{"href":"https:\/\/www.europesays.com\/es\/wp-json\/wp\/v2\/media?parent=264989"}],"wp:term":[{"taxonomy":"category","embeddable":true,"href":"https:\/\/www.europesays.com\/es\/wp-json\/wp\/v2\/categories?post=264989"},{"taxonomy":"post_tag","embeddable":true,"href":"https:\/\/www.europesays.com\/es\/wp-json\/wp\/v2\/tags?post=264989"}],"curies":[{"name":"wp","href":"https:\/\/api.w.org\/{rel}","templated":true}]}}