{"id":264999,"date":"2025-12-01T07:05:10","date_gmt":"2025-12-01T07:05:10","guid":{"rendered":"https:\/\/www.europesays.com\/es\/264999\/"},"modified":"2025-12-01T07:05:10","modified_gmt":"2025-12-01T07:05:10","slug":"punto-final-al-trofeo-ricardo-magdalena-de-arquitectura-con-un-libro-sobre-su-historia","status":"publish","type":"post","link":"https:\/\/www.europesays.com\/es\/264999\/","title":{"rendered":"Punto final al Trofeo Ricardo Magdalena de arquitectura con un libro sobre su historia"},"content":{"rendered":"<p>            Punto final al Trofeo Ricardo Magdalena de arquitectura con un libro sobre su historia                <\/p>\n<p>Punto final al Trofeo Ricardo Magdalena de arquitectura con un libro sobre su historia<\/p>\n<p class=\"epigraph\">La obra pone de relieve que el galard\u00f3n no ha sido suficiente para garantizar la conservaci\u00f3n <br \/>de algunos de los edificios premiados. La obra se presenta este lunes 1 de diciembre en la Biblioteca de Arag\u00f3n<\/p>\n<p class=\"paragraph\">\u00bfSirven para algo los premios de arquitectura? Quiz\u00e1 para no mucho m\u00e1s que <b>embellecer el curr\u00edculo del arquitecto que los ha dise\u00f1ado.<\/b> Al menos en Arag\u00f3n. Varios de los edificios galardonados en el Trofeo Ricardo Magdalena de los a\u00f1os 50-70 del siglo pasado han desaparecido bajo la piqueta o sufrido agresiones importantes. As\u00ed se puede comprobar en las p\u00e1ginas de Cr\u00f3nica de la primera \u00e9poca del Trofeo Ricardo Magdalena, 1958-1973 que acaba de publicar Jos\u00e9 Laborda Yneva dentro de los Cuadernos de Arag\u00f3n de la <a href=\"https:\/\/www.heraldo.es\/noticias\/ocio-y-cultura\/2025\/11\/04\/mainer-el-joven-profesor-que-lo-habia-leido-todo-a-los-20-anos-y-descubrio-las-voces-del-exilio-1867744.html\" title=\"Mainer, el joven profesor que lo hab\u00eda le\u00eddo todo a los 20 a\u00f1os y descubri\u00f3 las voces del exilio\" rel=\"nofollow noopener\" target=\"_blank\">Instituci\u00f3n Fernando el Cat\u00f3lico. <\/a>El libro lo presenta este lunes 1 de diciembre en la Biblioteca de Arag\u00f3n (19.00), en un acto que contar\u00e1 con el arquitecto Basilio Tob\u00edas.<\/p>\n<p>            Conforme a los criterios de<br \/>\n            <a class=\"trustproject_img\" id=\"trustproject_img\" href=\"https:\/\/thetrustproject.org\/\" target=\"_blank\" rel=\"nofollow noopener\" aria-label=\"Trust Project\"><img decoding=\"async\" loading=\"lazy\" src=\"https:\/\/www.heraldo.es\/images\/Trust-Logo-Horizontal.svg\" alt=\"Logo Trust Project\" width=\"200\" height=\"34\"\/><\/a><\/p>\n<p>        <a href=\"https:\/\/www.henneo.com\/\" title=\"Grupo Henneo\" class=\"logo\" rel=\"nofollow noopener\" target=\"_blank\"><br \/>\n            <img decoding=\"async\" src=\"https:\/\/www.heraldo.es\/images\/logo_henneo_gris.svg\" alt=\"Logo Henneo\" width=\"559\" height=\"389\" loading=\"lazy\"\/><br \/>\n        <\/a><\/p>\n<p>\u00a9 HERALDO DE ARAGON EDITORA, S.L.U.<br \/>Tel\u00e9fono 976 765 000 \/ &#8211; P\u00ba. Independencia, 29, 50001 Zaragoza &#8211; CIF: B99288763 &#8211; Inscrita en el Registro Mercantil de Zaragoza al Tomo 3796, Libro 0, Folio 177, Secci\u00f3n 8, Hoja Z-50564<br \/>Queda prohibida toda reproducci\u00f3n sin permiso escrito de la empresa a los efectos del art\u00edculo 32.1, p\u00e1rrafo segundo, de la Ley de Propiedad Intelectual<\/p>\n<p>\n                P\u00ba Independencia, 29, 50001 Zaragoza<br \/> Tel\u00e9fono 976 765 000\n            <\/p>\n<p>                    Actualmente tu navegador no permite ejecutar JavaScript. Para poder disfrutar de nuestro contenido es necesario que lo permita.<br \/>\n                                        <img decoding=\"async\" loading=\"lazy\" alt=\"Heraldo logo\" src=\"https:\/\/dkumiip2e9ary.cloudfront.net\/xalok\/heraldo\/especiales\/hola-de-nuevo\/logo-heraldo.svg\" width=\"215\" height=\"43\"\/><\/p>\n","protected":false},"excerpt":{"rendered":"Punto final al Trofeo Ricardo Magdalena de arquitectura con un libro sobre su historia Punto final al Trofeo&hellip;\n","protected":false},"author":2,"featured_media":265000,"comment_status":"","ping_status":"","sticky":false,"template":"","format":"standard","meta":{"footnotes":""},"categories":[173],"tags":[801,229,233,231,230,232,234,146,147,25,24,448,1496,65722,23,7132,491],"class_list":{"0":"post-264999","1":"post","2":"type-post","3":"status-publish","4":"format-standard","5":"has-post-thumbnail","7":"category-arte-y-diseno","8":"tag-arquitectura","9":"tag-arte","10":"tag-arte-y-diseno","11":"tag-arts","12":"tag-arts-and-design","13":"tag-design","14":"tag-diseno","15":"tag-entertainment","16":"tag-entretenimiento","17":"tag-es","18":"tag-espana","19":"tag-historia","20":"tag-libro","21":"tag-ricardo-magdalena","22":"tag-spain","23":"tag-trofeo","24":"tag-zaragoza"},"share_on_mastodon":{"url":"https:\/\/pubeurope.com\/@es\/115643044654302137","error":""},"_links":{"self":[{"href":"https:\/\/www.europesays.com\/es\/wp-json\/wp\/v2\/posts\/264999","targetHints":{"allow":["GET"]}}],"collection":[{"href":"https:\/\/www.europesays.com\/es\/wp-json\/wp\/v2\/posts"}],"about":[{"href":"https:\/\/www.europesays.com\/es\/wp-json\/wp\/v2\/types\/post"}],"author":[{"embeddable":true,"href":"https:\/\/www.europesays.com\/es\/wp-json\/wp\/v2\/users\/2"}],"replies":[{"embeddable":true,"href":"https:\/\/www.europesays.com\/es\/wp-json\/wp\/v2\/comments?post=264999"}],"version-history":[{"count":0,"href":"https:\/\/www.europesays.com\/es\/wp-json\/wp\/v2\/posts\/264999\/revisions"}],"wp:featuredmedia":[{"embeddable":true,"href":"https:\/\/www.europesays.com\/es\/wp-json\/wp\/v2\/media\/265000"}],"wp:attachment":[{"href":"https:\/\/www.europesays.com\/es\/wp-json\/wp\/v2\/media?parent=264999"}],"wp:term":[{"taxonomy":"category","embeddable":true,"href":"https:\/\/www.europesays.com\/es\/wp-json\/wp\/v2\/categories?post=264999"},{"taxonomy":"post_tag","embeddable":true,"href":"https:\/\/www.europesays.com\/es\/wp-json\/wp\/v2\/tags?post=264999"}],"curies":[{"name":"wp","href":"https:\/\/api.w.org\/{rel}","templated":true}]}}