{"id":265001,"date":"2025-12-01T07:07:12","date_gmt":"2025-12-01T07:07:12","guid":{"rendered":"https:\/\/www.europesays.com\/es\/265001\/"},"modified":"2025-12-01T07:07:12","modified_gmt":"2025-12-01T07:07:12","slug":"el-regreso-de-emily-in-paris-y-largo-adios-a-stranger-things-en-diciembre","status":"publish","type":"post","link":"https:\/\/www.europesays.com\/es\/265001\/","title":{"rendered":"el regreso de \u00abEmily in Paris\u00bb y largo adi\u00f3s a \u00abStranger Things\u00bb en diciembre"},"content":{"rendered":"<p>\t\t\t \t\t \t\t\t\t\t\t\t <strong class=\"pd-l\">Giulia Parmigiani  \/  Netflix \u00a9 2025  <\/strong><\/p>\n<p>\t\t\t\t\t\tVuelven a Filmin las historias de \u00abTodas las criaturas grandes y peque\u00f1as\u00bb<br \/>\n\t\t\t\t\t\t\t\t\t\t\t\t<strong>01 dic 2025<\/strong> . Actualizado a las 05:00 h.\t\t\t\t\t\t<\/p>\n<p class=\"first-paragraph txt\">Para cerrar el a\u00f1o del d\u00e9cimo aniversario de su llegada a Espa\u00f1a, <a href=\"https:\/\/www.lavozdegalicia.es\/temas\/netflix\" rel=\"nofollow noopener\" target=\"_blank\">Netflix<\/a> concluye diciembre con la llegada de dos de sus grandes fen\u00f3menos mundiales en materias de <a href=\"https:\/\/www.lavozdegalicia.es\/temas\/series\" rel=\"nofollow noopener\" target=\"_blank\">series<\/a>: Emily en Paris y nuevos cap\u00edtulos de la inminente despedida de <a href=\"https:\/\/www.lavozdegalicia.es\/temas\/stranger-things\" rel=\"nofollow noopener\" target=\"_blank\">Stranger Things<\/a>. Son dos los t\u00edtulos que protagonizan este mes junto con el regreso de Todas las criaturas grandes y peque\u00f1as y el estreno de Su peor pesadilla.\u00a0<\/p>\n<p class=\"ladillo\"><strong>\u00abSILENCIO\u00bb <\/strong><\/p>\n<p class=\"txt\"><strong>1 de diciembre, en <a href=\"https:\/\/www.lavozdegalicia.es\/temas\/movistar-plus\" rel=\"nofollow noopener\" target=\"_blank\">Movistar Plus<\/a>+. <\/strong>Silencio es la primera serie escrita y dirigida por Eduardo Casanova, con Luc\u00eda D\u00edez, Ana Polvorosa, Mar\u00eda Le\u00f3n, Mariola Fuentes, Leticia Dolera, Omar Ayuso y Carolina Rubio entre sus protagonistas. El director aborda el tema de las vampiresas queer, la peste negra y la pandemia de VIH.<\/p>\n<p class=\"ladillo\"><strong>\u00abEL JUEGO DE GRACIE DARLING\u00bb <\/strong><\/p>\n<p class=\"txt\"><strong>1 de diciembre, en Netflix. <\/strong>Netflix estrena este thriller sobrenatural procedente de Australia que comienza con la desaparici\u00f3n de Gracie durante una sesi\u00f3n de espiritismo. El suceso se produce delante de su mejor amiga, que tiene catorce a\u00f1os. Tres d\u00e9cadas despu\u00e9s, otro caso similar conmociona la ciudad.\u00a0<\/p>\n<p class=\"ladillo\"><strong>\u00abTODAS LAS CRIATURAS GRANDES Y PEQUE\u00d1AS\u00bb <\/strong><\/p>\n<p class=\"txt\"><strong>2 de diciembre en Filmin. <\/strong>Vuelven con su sexta temporada las historias del veterinario James Herriot, una de las series brit\u00e1nicas m\u00e1s exitosas de los \u00faltimos a\u00f1os. En 1945, el final de la Segunda Guerra Mundial es inminente, y con \u00e9l muchos cambios afectar\u00e1n a la familia Skeldale.<\/p>\n<p class=\"ladillo\"><strong>\u00abLOS ABANDONADOS\u00bb <\/strong><\/p>\n<p class=\"txt\"><strong>4 de diciembre en Netflix. <\/strong>Dos familias de distinta clase social encabezadas por sus matriarcas (Lena Headey y Gillian Anderson) luchan por la supremac\u00eda en una tierra sin ley. W\u00e9stern firmado por Kurt Sutter (Sons of Anarchy), ambientado en 1854, evoca la lucha estadounidense entre ricos y pobres, en un lugar fuera del alcance de la justicia.<\/p>\n<p class=\"ladillo\"><strong>\u00abPERCY JACKSON Y LOS DIOSES DEL OLIMPO\u00bb <\/strong><\/p>\n<p class=\"txt\"><strong>10 de diciembre en <a href=\"https:\/\/www.lavozdegalicia.es\/temas\/disney\" rel=\"nofollow noopener\" target=\"_blank\">Disney<\/a>+. <\/strong> Percy Jackson (Walker Scobell) est\u00e1 a punto de zarpar hacia el Mar de los Monstruos. Basada en el segundo libro de la colecci\u00f3n Percy Jackson, de Rick Riordan, la segunda temporada sigue al hijo de Poseid\u00f3n en su viaje n\u00e1utico en compa\u00f1\u00eda de sus amigos Grover y Annabeth para frustrar los intentos de Luke y el tit\u00e1n Cronos de conquistar el Olimpo.<\/p>\n<p class=\"txt\">\u00a0<\/p>\n<p class=\"ladillo\"><strong>\u00abREYKIAVIC FUSION\u00bb <\/strong><\/p>\n<p class=\"txt\"><strong>10 de diciembre en AMC+. <\/strong>Alta cocina y crimen organizado confluyen en este thriller de acci\u00f3n en el que \u00d3lafur Darri \u00d3lafsson (The Severance) da vida a un prestigioso chef que, al salir de la c\u00e1rcel, se ve obligado a aceptar dinero procedente del tr\u00e1fico de drogas para montar su nuevo restaurante.<\/p>\n<p class=\"ladillo\"><strong>\u00abACCIDENTE\u00bb <\/strong><\/p>\n<p class=\"txt\"><strong>10 de diciembre en Netflix. <\/strong>Serie mexicana de suspense dirigida por Klych L\u00f3pez y Gracia Querejeta, y escrita por Leonardo Padr\u00f3n, que arranca su esperada segunda entrega. En ella revela nuevos secretos y personajes tras la tragedia que afect\u00f3 a cuatro familias y en la que, para seguir adelante con sus vidas, deben elegir entre redenci\u00f3n y venganza.<\/p>\n<p class=\"ladillo\"><strong>\u00abEL HOMBRE CONTRA EL BEB\u00c9\u00bb <\/strong><\/p>\n<p class=\"txt\"><strong>11 de diciembre en Netflix. <\/strong>Rowan Atkinson (Mr. Bean) da vida a Trevor, que conf\u00eda en pasar unas Navidades tranquilas al cuidado de un lujoso \u00e1tico, pero se encuentra con otra compa\u00f1\u00eda peque\u00f1a e inesperada. El propio actor brit\u00e1nico es el guionista de una historia de aventuras y desventuras navide\u00f1as.<\/p>\n<p class=\"ladillo\"><strong>\u00abCIUDAD DE SOMBRAS\u00bb <\/strong><\/p>\n<p class=\"txt\"><strong>12 de diciembre, en Netflix. <\/strong>En la fachada de La Pedrera, ic\u00f3nico edificio barcelon\u00e9s de Gaud\u00ed, aparece un cuerpo calcinado. El inspector Milo Malart (Isak F\u00e9rriz), recientemente suspendido de los Mossos d&#8217;Esquadra por insubordinaci\u00f3n, vuelve al servicio y junto a la subinspectora Rebeca Garrido (Ver\u00f3nica Echegui) se embarca en la b\u00fasqueda del responsable de este crimen macabro.<\/p>\n<p class=\"ladillo\"><strong>\u00abINNATO\u00bb <\/strong><\/p>\n<p class=\"txt\"><strong>12 de diciembre, en Netflix. <\/strong>Sara (Elena Anaya) es una psic\u00f3loga que ha dejado atr\u00e1s un traum\u00e1tico pasado como hija de F\u00e9lix Garay (<a href=\"https:\/\/www.lavozdegalicia.es\/temas\/imanol-arias\" rel=\"nofollow noopener\" target=\"_blank\">Imanol Arias<\/a>), un asesino en serie bautizado en su momento por la prensa como \u00abel asesino del gasoil\u00bb. Ahora, la vida id\u00edlica que Sara ha construido junto a su marido Aitor (Roberto \u00c1lamo) y su hijo adolescente Sebas (Teo Soler) se tambalea cuando F\u00e9lix sale de la c\u00e1rcel y una nueva oleada de cr\u00edmenes parece replicar los perpetrados 25 a\u00f1os atr\u00e1s. La familia de Sara no sabe nada de su oscuro pasado, pero ahora debe colaborar con la polic\u00eda para resolver los nuevos casos.<\/p>\n<p class=\"ladillo\"><strong>\u00abSU PEOR PESADILLA\u00bb <\/strong><\/p>\n<p class=\"txt\"><strong>15 de diciembre, en SkyShowtime. <\/strong>Adaptaci\u00f3n de la exitosa novela de Andrea Mara, arranca con una situaci\u00f3n aterradora que acaba desenterrando los secretos m\u00e1s profundos de una comunidad. Cuando Marissa Irvine (Sarah Snook, Succession) acude a recoger a su hijo peque\u00f1o a la casa de un amigo con el que hab\u00eda ido a jugar se encuentra con que la mujer que abre la puerta es una desconocida. El ni\u00f1o no est\u00e1 all\u00ed y nadie ha o\u00eddo hablar de \u00e9l. Dakota Fanning, Jake Lacy y Michael Pe\u00f1a tambi\u00e9n est\u00e1n en el reparto.<\/p>\n<p class=\"ladillo\"><strong>\u00abFALLOUT\u00bb <\/strong><\/p>\n<p class=\"txt\"><strong>17 de diciembre en Prime Video. <\/strong>La segunda entrega de la popular serie de videojuegos Fallout cuenta con la colaboraci\u00f3n de Bethesda y Christopher Nolan como productor ejecutivo. La trama, ambientada doscientos a\u00f1os despu\u00e9s del apocalipsis nuclear, retoma la historia en el punto en que se qued\u00f3 para llevar al espectador a un viaje a trav\u00e9s del p\u00e1ramo de Mojave hasta la ciudad postapocal\u00edptica de New Vegas.<\/p>\n<p class=\"ladillo\"><strong>\u00abEMILY IN PARIS\u00bb <\/strong><\/p>\n<p class=\"txt\"><strong>18 de diciembre en Netflix. <\/strong>Al final de la temporada anterior, Emily Cooper (Lily Collins) abandon\u00f3 Par\u00eds para dirigirse a Italia, donde ahora contin\u00faa la historia con nuevos retos profesionales y amorosos de la mano de Marcello.<\/p>\n<p class=\"ladillo\"><strong>\u00abSTRANGER THINGS\u00bb <\/strong><\/p>\n<p class=\"txt\"><strong>26 de diciembre en Netflix. <\/strong>La pandilla de Hawkins volvi\u00f3 a su misi\u00f3n de encontrar y matar a Vecna en <a class=\"link-txt\" href=\"https:\/\/www.lavozdegalicia.es\/noticia\/series\/2025\/11\/26\/stranger-things-regresa-hawkins-acabar-vecna-tres-anos-despues\/0003_202511G26P53991.htm\" rel=\"nofollow noopener\" target=\"_blank\">los cuatro primeros cap\u00edtulos de la \u00faltima temporada de <\/a><a class=\"link-txt\" href=\"https:\/\/www.lavozdegalicia.es\/noticia\/series\/2025\/11\/26\/stranger-things-regresa-hawkins-acabar-vecna-tres-anos-despues\/0003_202511G26P53991.htm\" rel=\"nofollow noopener\" target=\"_blank\">Stranger Things<\/a>, estrenados hace unos d\u00edas. La despedida continuar\u00e1 con tres nuevos episodios en las primeras horas del 26 de diciembre (2 de la madrugada hora peninsular) y un apote\u00f3sico final que se emitir\u00e1 a la misma hora del 1 de enero. Mientras, los creadores de la serie, los hermanos Duffer, recomiendan volver a ver cuatro cap\u00edtulos en concreto para repasar las referencias: de la segunda temporada, el cuarto (Will, el sabio) y el sexto (El esp\u00eda), y de la cuarta temporada, el s\u00e9ptimo (La masacre en el laboratorio de Hawkins) y el noveno y \u00faltimo (El plan).<\/p>\n<p>&#13;<br \/>\n\tArchivado en:&#13;<br \/>\n\t\t\t\t\t<a href=\"https:\/\/www.lavozdegalicia.es\/temas\/series\/\" target=\"_blank\" class=\"mg-l\" rel=\"nofollow noopener\">Series<\/a>&#13;<br \/>\n\t\t\t\t\t<a href=\"https:\/\/www.lavozdegalicia.es\/temas\/netflix\/\" target=\"_blank\" class=\"mg-l\" rel=\"nofollow noopener\">Netflix<\/a>&#13;<br \/>\n\t\t\t\t\t<a href=\"https:\/\/www.lavozdegalicia.es\/temas\/stranger-things\/\" target=\"_blank\" class=\"mg-l\" rel=\"nofollow noopener\">Stranger Things<\/a>&#13;<br \/>\n\t\t\t\t\t<a href=\"https:\/\/www.lavozdegalicia.es\/temas\/imanol-arias\/\" target=\"_blank\" class=\"mg-l\" rel=\"nofollow noopener\">Imanol Arias<\/a>&#13;<br \/>\n\t\t\t\t\t<a href=\"https:\/\/www.lavozdegalicia.es\/temas\/movistar-plus\/\" target=\"_blank\" class=\"mg-l\" rel=\"nofollow noopener\">Movistar Plus<\/a>&#13;<br \/>\n\t\t\t        \t&#13;<\/p>\n","protected":false},"excerpt":{"rendered":"Giulia Parmigiani \/ Netflix \u00a9 2025 Vuelven a Filmin las historias de \u00abTodas las criaturas grandes y peque\u00f1as\u00bb&hellip;\n","protected":false},"author":2,"featured_media":265002,"comment_status":"","ping_status":"","sticky":false,"template":"","format":"standard","meta":{"footnotes":""},"categories":[171],"tags":[1060,146,147,25,24,45776,1878,152,805,23,57225,214],"class_list":{"0":"post-265001","1":"post","2":"type-post","3":"status-publish","4":"format-standard","5":"has-post-thumbnail","7":"category-tv","8":"tag-disney","9":"tag-entertainment","10":"tag-entretenimiento","11":"tag-es","12":"tag-espana","13":"tag-imanol-arias","14":"tag-movistar-plus","15":"tag-netflix","16":"tag-series","17":"tag-spain","18":"tag-stranger-things","19":"tag-tv"},"share_on_mastodon":{"url":"https:\/\/pubeurope.com\/@es\/115643052391298912","error":""},"_links":{"self":[{"href":"https:\/\/www.europesays.com\/es\/wp-json\/wp\/v2\/posts\/265001","targetHints":{"allow":["GET"]}}],"collection":[{"href":"https:\/\/www.europesays.com\/es\/wp-json\/wp\/v2\/posts"}],"about":[{"href":"https:\/\/www.europesays.com\/es\/wp-json\/wp\/v2\/types\/post"}],"author":[{"embeddable":true,"href":"https:\/\/www.europesays.com\/es\/wp-json\/wp\/v2\/users\/2"}],"replies":[{"embeddable":true,"href":"https:\/\/www.europesays.com\/es\/wp-json\/wp\/v2\/comments?post=265001"}],"version-history":[{"count":0,"href":"https:\/\/www.europesays.com\/es\/wp-json\/wp\/v2\/posts\/265001\/revisions"}],"wp:featuredmedia":[{"embeddable":true,"href":"https:\/\/www.europesays.com\/es\/wp-json\/wp\/v2\/media\/265002"}],"wp:attachment":[{"href":"https:\/\/www.europesays.com\/es\/wp-json\/wp\/v2\/media?parent=265001"}],"wp:term":[{"taxonomy":"category","embeddable":true,"href":"https:\/\/www.europesays.com\/es\/wp-json\/wp\/v2\/categories?post=265001"},{"taxonomy":"post_tag","embeddable":true,"href":"https:\/\/www.europesays.com\/es\/wp-json\/wp\/v2\/tags?post=265001"}],"curies":[{"name":"wp","href":"https:\/\/api.w.org\/{rel}","templated":true}]}}