{"id":265007,"date":"2025-12-01T07:11:12","date_gmt":"2025-12-01T07:11:12","guid":{"rendered":"https:\/\/www.europesays.com\/es\/265007\/"},"modified":"2025-12-01T07:11:12","modified_gmt":"2025-12-01T07:11:12","slug":"las-historias-sirven-para-que-la-gente-se-haga-preguntas","status":"publish","type":"post","link":"https:\/\/www.europesays.com\/es\/265007\/","title":{"rendered":"\u201cLas historias sirven para que la gente se haga preguntas\u201d"},"content":{"rendered":"<p>Carla Sim\u00f3n (Barcelona, 1986) lleva m\u00e1s de una d\u00e9cada explorando en cortos, documentales y una trilog\u00eda multipremiada de largometrajes la historia que rodea su infancia: la de unos padres atrapados por la hero\u00edna en los ochenta y arrasados por el sida, dos epidemias que avanzaron en Espa\u00f1a entre la marginaci\u00f3n, <a href=\"https:\/\/www.agenciasinc.es\/Reportajes\/Desterrar-el-estigma-piedra-angular-para-acabar-con-el-VIH\" target=\"_blank\" rel=\"nofollow noopener\">el estigma<\/a> y la falta de una respuesta social a la altura. Libre de VIH al nacer y adoptada por su t\u00edo materno, creci\u00f3 entre huecos que son tambi\u00e9n generacionales, y que hoy reconstruye a trav\u00e9s del cine.<\/p>\n<p>En <a href=\"https:\/\/www.imdb.com\/title\/tt5897636\/?ref_=nm_flmg_job_1_accord_1_cdt_t_7\" target=\"_blank\" rel=\"nofollow noopener\">Verano 1993 (2017)<\/a> revivi\u00f3 su orfandad tras la muerte de su madre \u2014una de las 4 227 personas fallecidas por sida aquel a\u00f1o\u2014 y de su padre por el mismo motivo a\u00f1os antes. Con <a href=\"https:\/\/www.imdb.com\/title\/tt32538648\/?ref_=nm_flmg_job_1_accord_1_cdt_t_1\" target=\"_blank\" rel=\"nofollow noopener\">Romer\u00eda<\/a>, estrenada en septiembre tras el \u00e9xito internacional de <a href=\"https:\/\/www.imdb.com\/title\/tt11930126\/?ref_=nm_flmg_job_1_accord_1_cdt_t_3\" target=\"_blank\" rel=\"nofollow noopener\">Alcarr\u00e0s (2022)<\/a>, retoma ese viaje \u00edntimo hacia unos or\u00edgenes fragmentados por el silencio familiar.<\/p>\n<p>En v\u00edsperas del 1 de diciembre, D\u00eda Mundial del Sida, Sim\u00f3n conversa con SINC desde Barcelona sobre memoria, determinantes sociales y la necesidad de iluminar desde el cine esa parte ocultada de nuestra historia.<\/p>\n<p><strong>Romer\u00eda culmina una larga b\u00fasqueda personal. \u00bfQu\u00e9 ha cambiado en tu forma de mirar a tus padres y su historia desde que iniciaste ese proceso?<\/strong><\/p>\n<p>Me he sentido liberada de todas aquellas preguntas y de la frustraci\u00f3n por no poder entender bien su historia a trav\u00e9s de los relatos de mi familia. Cuando alguien muere de VIH y adem\u00e1s hay por medio una adicci\u00f3n a la hero\u00edna, la memoria de toda la familia se transforma. Aparte, hab\u00eda circunstancias que realmente no sab\u00edan de su juventud porque ellos desaparecieron durante un tiempo.<\/p>\n<p>Hay muchas cosas que me hubiera gustado preguntarles, pero no est\u00e1n aqu\u00ed. Eso me generaba una curiosidad dif\u00edcil de saciar, y a trav\u00e9s del cine, he conseguido crear las im\u00e1genes que me faltaban y reparar esos huecos. Hay cosas que nunca sabr\u00e9, pero he hecho suficientes preguntas para entenderlo de alguna manera.<\/p>\n<p><strong>Tu abuela materna ni siquiera sab\u00eda de qu\u00e9 falleci\u00f3 su hija, \u00bfes as\u00ed?<\/strong><\/p>\n<p>Por parte materna eran siete hermanos, hijos de padres cat\u00f3licos, y decidieron no contar a mis abuelos de qu\u00e9 muri\u00f3 mi madre. Un d\u00eda mi abuela me dijo: \u201cUna amiga m\u00eda va diciendo mentiras de lo que muri\u00f3 tu madre\u201d. Cuando ya eran mayores lo hablamos abiertamente, porque cuando hice Verano 1993 mi abuela a\u00fan viv\u00eda y la vio. Ten\u00eda reparos con que yo contara esto de manera abierta, pero le expliqu\u00e9 el porqu\u00e9. Y me di cuenta de que s\u00ed lo sab\u00eda, pero prefer\u00edan hacer como que no.<\/p>\n<p>      <img decoding=\"async\" src=\"https:\/\/www.europesays.com\/es\/wp-content\/uploads\/2025\/11\/1763666232_46_quotebefore.png\"\/><\/p>\n<p>Cuando alguien muere de VIH y adem\u00e1s hay por medio una adicci\u00f3n a la hero\u00edna, la memoria de toda la familia se transforma<\/p>\n<p>      <img decoding=\"async\" src=\"https:\/\/www.europesays.com\/es\/wp-content\/uploads\/2025\/11\/1763666232_151_quoteafter.png\"\/><\/p>\n<p>                    <img decoding=\"async\" src=\"https:\/\/www.europesays.com\/es\/wp-content\/uploads\/2025\/12\/Romeri-a_-C-QuimVives_ElasticaFilms_2-1.jpg\" alt=\"Fotograma de la pel\u00edcula 'Romer\u00eda'. \/ Quim Vives (El\u00e1stica Films)\"\/><\/p>\n<p>Fotograma de la pel\u00edcula &#8216;Romer\u00eda&#8217;. \/ Quim Vives (El\u00e1stica Films)<\/p>\n<p><strong>Verano 1993<\/strong><strong>\u00a0habla de la orfandad. \u00bfC\u00f3mo recuerdas la muerte de tus padres y ese silencio posterior? \u00bfCu\u00e1ndo surge la necesidad de transformarlo en cine?<\/strong><\/p>\n<p>Cuando muri\u00f3 mi madre y me mud\u00e9 con mi nueva familia, no sent\u00ed silencio sobre su muerte, siempre me invitaron a hablarlo. El duelo infantil es complejo, pero me sent\u00ed bien acompa\u00f1ada. Tambi\u00e9n para encajar en esta familia y empezar de nuevo, lo que un ni\u00f1o m\u00e1s necesita. Pero con el VIH s\u00ed ten\u00eda una \u201cversi\u00f3n oficial\u201d: que mi madre hab\u00eda muerto de una enfermedad del h\u00edgado y mi padre en un accidente.<\/p>\n<p>A los 12 a\u00f1os mi madre adoptiva me explic\u00f3 que mis padres hab\u00edan muerto de sida, porque un d\u00eda llegu\u00e9 de la escuela diciendo algo chungo sobre el VIH. Fuimos al m\u00e9dico y pude hacer todas las preguntas, si yo lo ten\u00eda\u2026 Porque no lo hered\u00e9, pero tienes ese miedo. Despu\u00e9s me explic\u00f3 que lo cogieron por drogas, y empec\u00e9 a entender el contexto de su juventud y su adicci\u00f3n. Entonces empec\u00e9 a recontar la historia a mis amigos; no quer\u00eda que circulara una versi\u00f3n que no era.<\/p>\n<p>Me lo contaron cuando lo pod\u00eda gestionar y lo viv\u00ed de manera bastante natural. Combatir el estigma pasa por contarlo con naturalidad, aunque mi posici\u00f3n es c\u00f3moda porque yo no lo tengo. Quien lo tiene decide contarlo o no seg\u00fan su entorno.<\/p>\n<p><strong>En tu generaci\u00f3n, muchos hijos de padres con VIH supieron hacia esa edad que viv\u00edan con el virus. \u00bfHas hablado con personas con una experiencia similar?<\/strong><\/p>\n<p>Viviendo en Londres hice <a href=\"https:\/\/lfs.org.uk\/films-and-filmmakers\/watch-our-films\/1199\/born-positive\" target=\"_blank\" rel=\"nofollow noopener\">el documental Born Positive<\/a> porque ten\u00eda esa curiosidad, y ninguno quer\u00eda salir en c\u00e1mara. Grabamos sus voces y las sincronizamos con actores. Entend\u00ed que hay mil maneras de vivirlo: uno lo supo porque, viendo una serie con un personaje con VIH, su madre le dijo \u201cesto es lo que t\u00fa tienes\u201d; otra de forma menos traum\u00e1tica, pero llevaba tiempo con su pareja y no se lo hab\u00eda contado; otro chico lo sab\u00eda desde peque\u00f1o y ni recordaba el momento porque lo hab\u00eda integrado con naturalidad. Pienso que cuanto antes se entienda, m\u00e1s natural es vivirlo, porque no supone un secreto o un trauma. Pero nacer con una enfermedad de transmisi\u00f3n sexual es complejo, sobre todo en la adolescencia, cuando empiezan las primeras relaciones. Tambi\u00e9n conoc\u00ed gente joven que falleci\u00f3 en esa \u00e9poca en que la transmisi\u00f3n vertical a\u00fan ocurr\u00eda.<\/p>\n<p>      <img decoding=\"async\" src=\"https:\/\/www.europesays.com\/es\/wp-content\/uploads\/2025\/11\/1763666232_46_quotebefore.png\"\/><\/p>\n<p>Nacer con una enfermedad de transmisi\u00f3n sexual es complejo, sobre todo en la adolescencia, cuando empiezan las primeras relaciones<\/p>\n<p>      <img decoding=\"async\" src=\"https:\/\/www.europesays.com\/es\/wp-content\/uploads\/2025\/11\/1763666232_151_quoteafter.png\"\/><\/p>\n<p><strong>Cambia mucho la vivencia del VIH seg\u00fan el contexto. <\/strong><\/p>\n<p>S\u00ed, y tambi\u00e9n es muy particular seg\u00fan el pa\u00eds. En Espa\u00f1a est\u00e1 muy relacionado con la crisis de la hero\u00edna y los 80, y fue el pa\u00eds con una ratio de sida m\u00e1s grande. Pero en Reino Unido tiene mucho que ver con la inmigraci\u00f3n africana y hay mucha variabilidad seg\u00fan cu\u00e1ndo hayan migrado; en EEUU se vincula a la escena homosexual de los 70\u2026 Yo pensaba que Romer\u00eda ser\u00eda una pel\u00edcula muy local, pero luego te das cuenta que el estigma es el mismo en todos lados.<\/p>\n<p>Tambi\u00e9n he conocido mucha gente en mi situaci\u00f3n. Tengo una amiga y una prima cuyos padres tambi\u00e9n fallecieron de VIH. Y tras estrenar Verano 1993, recib\u00ed un mont\u00f3n de mensajes de gente cont\u00e1ndome que era \u201csu misma historia\u201d. Con Romer\u00eda igual: en coloquios alguien te dice \u201cyo ten\u00eda un t\u00edo\u201d o \u201cla amiga de mi madre\u201d\u2026 Si no hablamos mucho m\u00e1s de eso es porque hay empe\u00f1o en no hacerlo.<\/p>\n<p>                    <img decoding=\"async\" src=\"https:\/\/www.europesays.com\/es\/wp-content\/uploads\/2025\/12\/ROMERIA_CABALLITO_70x100_DIGITAL.jpg\" alt=\"Cartel de la pel\u00edcula 'Romer\u00eda'. \/ Elastica Films\"\/><\/p>\n<p>Cartel de la pel\u00edcula &#8216;Romer\u00eda&#8217;. \/ Elastica Films<\/p>\n<p><strong>En 1984, El Pa\u00eds calculaba que <\/strong><a href=\"https:\/\/elpais.com\/diario\/1984\/04\/15\/espana\/450828017_850215.html\" target=\"_blank\" rel=\"nofollow noopener\"><strong>una de cada 500 personas consum\u00eda hero\u00edna<\/strong><\/a><strong>, lo que aliment\u00f3 la epidemia de sida en los 90. Pero estas historias siguen poco contadas. \u00bfPor qu\u00e9 crees que las hemos barrido bajo la alfombra?<\/strong><\/p>\n<p>Se juntan dos tab\u00faes: el sida y la adicci\u00f3n. Y seguimos sin mirar la adicci\u00f3n como lo que es: un momento en que una persona enferma. Adem\u00e1s, c\u00f3mo se ha retratado la hero\u00edna \u2014desde lo s\u00f3rdido, lo cruel, como un viaje al infierno sin salida\u2014 no abarca todas las formas de vivirla. Hay gente que sale, historias felices, pero se cuentan menos. Mi madre sali\u00f3, y luego le lleg\u00f3 el sida. Pero si pensamos en adicciones como viaje de no retorno, tiene una connotaci\u00f3n tan negativa y poco aceptable\u2026 Claro, con cierto nivel de adicci\u00f3n, se vuelven delincuentes y eso pasaba en aquella \u00e9poca. Pero de alguna manera ellos fueron v\u00edctimas de un sistema, que es que entr\u00f3 toda esa droga en Espa\u00f1a.<\/p>\n<p>      <img decoding=\"async\" src=\"https:\/\/www.europesays.com\/es\/wp-content\/uploads\/2025\/11\/1763666232_46_quotebefore.png\"\/><\/p>\n<p>Seguimos sin mirar la adicci\u00f3n como lo que es: un momento en que una persona enferma<\/p>\n<p>      <img decoding=\"async\" src=\"https:\/\/www.europesays.com\/es\/wp-content\/uploads\/2025\/11\/1763666232_151_quoteafter.png\"\/><\/p>\n<p>Y mi pregunta es, \u00bfpor qu\u00e9 no se hizo nada para pararla? Creo que no se ha investigado mucho. Est\u00e1 la teor\u00eda de que mientras estaban en drogas, no estaban en pol\u00edtica en ese momento tan delicado de la transici\u00f3n, con el terrorismo del Pa\u00eds Vasco, donde ca\u00eda mucha gente en la droga, las madres gallegas pidiendo que parara de entrar la droga por ah\u00ed\u2026 Y, sin embargo, sabemos muy poco del recorrido de la hero\u00edna, sobre todo comparado con el de la coca\u00edna. Todo qued\u00f3 reducido a conclusiones muy b\u00e1sicas, sin mirar distintos \u00e1ngulos ni al origen de todo.<\/p>\n<p><strong>La representaci\u00f3n del VIH sigue marcada por el dramatismo de pel\u00edculas como <\/strong><a href=\"https:\/\/www.imdb.com\/title\/tt0107818\/\" target=\"_blank\" rel=\"nofollow noopener\"><strong>Philadelphia (1993)<\/strong><\/a><strong>. Pero ahora llegan miradas distintas, como el humor vamp\u00edrico de <\/strong><a href=\"https:\/\/www.youtube.com\/watch?v=mUAkknEZvSM\" target=\"_blank\" rel=\"nofollow noopener\"><strong>la miniserie Silencio<\/strong><\/a><strong>, de Eduardo Casanova, o la tuya, desde un lugar \u00edntimo. \u00bfNecesitamos nuevas formas de contarlo?<\/strong><\/p>\n<p>S\u00ed. Arrastramos la percepci\u00f3n de nuestros abuelos, quienes juzgaron a una generaci\u00f3n de los ochenta que puso patas arriba los valores conservadores de una Espa\u00f1a reci\u00e9n salida de la dictadura: de repente, a mis abuelos \u201cun poco de derechas\u201d les salieron siete hijos ateos y de izquierdas. Y claro, usaban palabras muy cargadas, como si el VIH fuese un castigo, como si esa gente tuviera que sentirse culpable por abrazar la libertad sin saber las consecuencias, porque ni siquiera sab\u00edan que el virus exist\u00eda; fue una putada y una mala suerte de no saber a qu\u00e9 se aten\u00edan, no un castigo. Necesitamos cambiar ese vocabulario, porque c\u00f3mo hablamos influye mucho en la percepci\u00f3n el mundo.<\/p>\n<p>      <img decoding=\"async\" src=\"https:\/\/www.europesays.com\/es\/wp-content\/uploads\/2025\/11\/1763666232_46_quotebefore.png\"\/><\/p>\n<p>La maternidad te despierta fantasmas inesperados. Tras el parto, por ejemplo, me obsesion\u00e9 con el herpes y entr\u00e9 en una paranoia irracional de poder contagiar a mi hija<\/p>\n<p>      <img decoding=\"async\" src=\"https:\/\/www.europesays.com\/es\/wp-content\/uploads\/2025\/11\/1763666232_151_quoteafter.png\"\/><\/p>\n<p><strong>\u00bfC\u00f3mo has vivido tu maternidad, con un hijo de 3 a\u00f1os y una beb\u00e9 de 5 meses?<\/strong><\/p>\n<p>La maternidad te despierta fantasmas inesperados. Tras el parto, por ejemplo, me obsesion\u00e9 con el herpes \u2014yo tengo muchos\u2014 y entr\u00e9 en una paranoia irracional de poder contagiar a mi hija. Mi pareja me hizo ver que aquello ten\u00eda que ver con mi historia, porque a mi madre le dijeron que ten\u00eda VIH justo tras parirme y le pidieron que no me diera el pecho porque me lo pod\u00eda transmitir. Hasta los nueve meses no supieron si yo lo hab\u00eda heredado. Sin darme cuenta, repet\u00ed ese miedo con otro virus que no ten\u00eda nada que ver; me hizo entender la dimensi\u00f3n de lo que vivi\u00f3 mi madre.<\/p>\n<p><strong>\u00bfC\u00f3mo dialoga tu cine con la ciencia y la educaci\u00f3n sobre una infecci\u00f3n sobre la que sigue habiendo tanta desinformaci\u00f3n?<\/strong><\/p>\n<p>Como me dec\u00eda [el investigador] Bonaventura Clotet, la ciencia ha ido muy r\u00e1pido con el VIH, hasta el punto de poder vivir siendo indetectable, pero a nivel social todo va muy lento. La desinformaci\u00f3n es brutal y a\u00fan hay percepciones del pasado; hay un desequilibrio enorme entre d\u00f3nde estamos a nivel cient\u00edfico y c\u00f3mo se vive socialmente. Hice un corto para educar [<a href=\"https:\/\/www.imdb.com\/title\/tt9889002\/\" target=\"_blank\" rel=\"nofollow noopener\">Despu\u00e9s Tambi\u00e9n<\/a>] y hablando con j\u00f3venes me di cuenta de lo poco que sab\u00edan. Para eso sirven las historias, para que la gente se haga preguntas y, a lo mejor, salga del cine y busque \u201cVIH\u201d.<\/p>\n","protected":false},"excerpt":{"rendered":"Carla Sim\u00f3n (Barcelona, 1986) lleva m\u00e1s de una d\u00e9cada explorando en cortos, documentales y una trilog\u00eda multipremiada de&hellip;\n","protected":false},"author":2,"featured_media":265008,"comment_status":"","ping_status":"","sticky":false,"template":"","format":"standard","meta":{"footnotes":""},"categories":[92],"tags":[25,24,165,166,23],"class_list":{"0":"post-265007","1":"post","2":"type-post","3":"status-publish","4":"format-standard","5":"has-post-thumbnail","7":"category-salud","8":"tag-es","9":"tag-espana","10":"tag-health","11":"tag-salud","12":"tag-spain"},"share_on_mastodon":{"url":"https:\/\/pubeurope.com\/@es\/115643068577893126","error":""},"_links":{"self":[{"href":"https:\/\/www.europesays.com\/es\/wp-json\/wp\/v2\/posts\/265007","targetHints":{"allow":["GET"]}}],"collection":[{"href":"https:\/\/www.europesays.com\/es\/wp-json\/wp\/v2\/posts"}],"about":[{"href":"https:\/\/www.europesays.com\/es\/wp-json\/wp\/v2\/types\/post"}],"author":[{"embeddable":true,"href":"https:\/\/www.europesays.com\/es\/wp-json\/wp\/v2\/users\/2"}],"replies":[{"embeddable":true,"href":"https:\/\/www.europesays.com\/es\/wp-json\/wp\/v2\/comments?post=265007"}],"version-history":[{"count":0,"href":"https:\/\/www.europesays.com\/es\/wp-json\/wp\/v2\/posts\/265007\/revisions"}],"wp:featuredmedia":[{"embeddable":true,"href":"https:\/\/www.europesays.com\/es\/wp-json\/wp\/v2\/media\/265008"}],"wp:attachment":[{"href":"https:\/\/www.europesays.com\/es\/wp-json\/wp\/v2\/media?parent=265007"}],"wp:term":[{"taxonomy":"category","embeddable":true,"href":"https:\/\/www.europesays.com\/es\/wp-json\/wp\/v2\/categories?post=265007"},{"taxonomy":"post_tag","embeddable":true,"href":"https:\/\/www.europesays.com\/es\/wp-json\/wp\/v2\/tags?post=265007"}],"curies":[{"name":"wp","href":"https:\/\/api.w.org\/{rel}","templated":true}]}}