{"id":265024,"date":"2025-12-01T07:26:18","date_gmt":"2025-12-01T07:26:18","guid":{"rendered":"https:\/\/www.europesays.com\/es\/265024\/"},"modified":"2025-12-01T07:26:18","modified_gmt":"2025-12-01T07:26:18","slug":"bartra-se-defiende-de-los-que-le-acusan-de-provocar-la-suspension-de-el-gran-derbi-siempre-lo-hago-en-casa-y-fuera","status":"publish","type":"post","link":"https:\/\/www.europesays.com\/es\/265024\/","title":{"rendered":"Bartra se defiende de los que le acusan de provocar la suspensi\u00f3n de El Gran Derbi: \u00abSiempre lo hago, en casa y fuera\u00bb"},"content":{"rendered":"<p>Admite que su festejo al evitar el tanto cantado de Akor Adams pudo generar \u00abalgo de crispaci\u00f3n\u00bb en la afici\u00f3n nervionense, pero que no lo hizo con maldad: \u00abNatan y yo siempre defendemos a muerte, como si nos fuera la vida, y la celebraci\u00f3n es parte de ello\u00bb<\/p>\n<p class=\"parrafo\">\u00abMuy, muy contento. Adem\u00e1s, ahora tambi\u00e9n, viendo a la gente, estando ah\u00ed con ellos, las <strong>caras<\/strong> de alegr\u00eda&#8230; Eso va m\u00e1s all\u00e1 de cualquier cosa. Hacerles <strong>felices<\/strong> es lo mejor que hay en la vida, y hoy lo hemos hecho tambi\u00e9n. Nos hemos sentido muy <strong>arropados<\/strong> desde ayer en la <strong>concentraci\u00f3n<\/strong>, hoy tambi\u00e9n antes de <strong>El Gran Derbi<\/strong>, cuando \u00edbamos para el estadio. Esa <strong>uni\u00f3n<\/strong> de grupo es clave; al final, con las bajas tan importantes que ten\u00edamos, sab\u00edamos que ten\u00eda que ser una victoria de equipo, de ponerlo todo encima de la mesa. <a href=\"https:\/\/www.estadiodeportivo.com\/futbol\/betis\/fornals-admite-subidon-alegra-que-futbol-haya-prevalecido-20251130-522172.html\" target=\"_blank\" class=\"intext-link\" rel=\"nofollow noopener\">Y estoy muy, muy orgulloso de todos y cada uno de mis compa\u00f1eros<\/a>\u00ab, confesaba <strong>Marc Bartra<\/strong> en los medios oficiales nada m\u00e1s llegar de vuelta a la <strong>Ciudad Deportiva Luis del Sol<\/strong>.<\/p>\n<p>Noticias Relacionadas<img decoding=\"async\" src=\"https:\/\/www.europesays.com\/es\/wp-content\/uploads\/2025\/12\/a81d6862-3e27-4506-8c12-a6db26caef49_800x450.jpeg\" loading=\"lazy\"\/><\/p>\n<p class=\"parrafo\">En cuanto al cap\u00edtulo de merecimientos, para el capit\u00e1n verdiblanco fue un marcador corto: \u00abS\u00ed, recuerdo la de <strong>Abde<\/strong>, incluso la de <strong>Fornals<\/strong> tambi\u00e9n, en el mismo rechace. Pero bueno, creo que hemos hecho un gran partido, con <strong>intensidad<\/strong>, dejando la porter\u00eda a cero, que eso me pone muy, muy contento. <strong>Nos hemos defendido muy bien<\/strong>. Luego, hemos tenido esa <strong>pausa<\/strong> tambi\u00e9n en la segunda parte para tener un poquito m\u00e1s el bal\u00f3n y tambi\u00e9n para irlos a buscar. Metiendo el primer gol hemos ido a buscarles y a <strong>presionarles<\/strong> tambi\u00e9n arriba, y creo que eso tambi\u00e9n ha hecho que les durara menos el bal\u00f3n para poder hacer lo nuestro\u00bb.<\/p>\n<p><img decoding=\"async\" src=\"https:\/\/www.europesays.com\/es\/wp-content\/uploads\/2025\/12\/1a377032-d206-4251-92f0-398b184b8902_800x866.jpeg\" loading=\"lazy\"\/>Personalidad pese a las bajas de Isco, Antony, Amrabat&#8230;<\/p>\n<p class=\"parrafo\">\u00abLo he dicho en el vestuario antes de empezar, que creo que la <strong>uni\u00f3n<\/strong> que hemos creado con este equipo es algo que tiene much\u00edsimo <strong>valor<\/strong> y lo ten\u00edamos que dar ese valor en el campo. Y yo creo que esa es la <strong>prioridad<\/strong> que se ha visto; acaba de haberla en todos los balones, en cada jugada, y creo que as\u00ed ha sido\u00bb.<\/p>\n<p><a class=\"elementos-rel-t2\" href=\"https:\/\/www.estadiodeportivo.com\/futbol\/betis\/altimira-gol-derbi-una-sensacion-muy-bonita-recuerdo-que-llevare-para-toda-vida-20251130-522185.html\" title=\"Altimira y su gol en el derbi: &quot;\ufeffUna sensaci\u00f3n muy bonita y un recuerdo que me llevar\u00e9 para toda la vida&quot;\" rel=\"nofollow noopener\" target=\"_blank\"><\/p>\n<p class=\"titular titulo-4\">Altimira y su gol en el derbi: \u00ab\ufeffUna sensaci\u00f3n muy bonita y un recuerdo que me llevar\u00e9 para toda la vida\u00bb<\/p>\n<p><img decoding=\"async\" src=\"https:\/\/www.europesays.com\/es\/wp-content\/uploads\/2025\/12\/bb891c96-2267-45b7-9411-037e13900c1f_320x180.jpeg\" alt=\"Altimira y su gol en el derbi: &quot;\ufeffUna sensaci\u00f3n muy bonita y un recuerdo que me llevar\u00e9 para toda la vida&quot;\"\/><\/a><a class=\"elementos-rel-t2\" href=\"https:\/\/www.estadiodeportivo.com\/futbol\/betis\/ruibal-valles-20251130-522181.html\" title=\"Ruibal: &quot;Llev\u00e1bamos tiempo siendo superiores en los derbis&quot;\" rel=\"nofollow noopener\" target=\"_blank\"><\/p>\n<p class=\"titular titulo-4\">Ruibal: \u00abLlev\u00e1bamos tiempo siendo superiores en los derbis\u00bb<\/p>\n<p><img decoding=\"async\" src=\"https:\/\/www.europesays.com\/es\/wp-content\/uploads\/2025\/12\/c1ef01b5-714a-4472-a708-cb3585ec21e7_320x180.jpeg\" alt=\"Ruibal: &quot;Llev\u00e1bamos tiempo siendo superiores en los derbis&quot;\"\/><\/a><a class=\"elementos-rel-t2\" href=\"https:\/\/www.estadiodeportivo.com\/futbol\/betis\/pellegrini-hay-equipo-equipo-pero-ganar-derbi-sin-los-que-faltaban-aumenta-merito-20251130-522179.html\" title=\"Pellegrini: &quot;No hay equipo A ni equipo B, pero ganar un derbi sin los que faltaban aumenta el m\u00e9rito&quot;\" rel=\"nofollow noopener\" target=\"_blank\"><\/p>\n<p class=\"titular titulo-4\">Pellegrini: \u00abNo hay equipo A ni equipo B, pero ganar un derbi sin los que faltaban aumenta el m\u00e9rito\u00bb<\/p>\n<p><img decoding=\"async\" src=\"https:\/\/www.europesays.com\/es\/wp-content\/uploads\/2025\/12\/dbe7285a-e508-455b-9c2d-c3c6d060470b_320x180.jpeg\" alt=\"Pellegrini: &quot;No hay equipo A ni equipo B, pero ganar un derbi sin los que faltaban aumenta el m\u00e9rito&quot;\"\/><\/a>Suspensi\u00f3n del partido<\/p>\n<p class=\"parrafo\">\u00abHa habido dos acciones defensivas muy importantes, sobre todo, bueno, a nivel personal, una que ya era pr\u00e1cticamente gol, y de la misma manera que cuando metemos goles, nos sale <strong>celebrarlo<\/strong>, pues con las <strong>pulsaciones<\/strong> como estaban y esa <strong>adrenalina<\/strong> de ver un gol pr\u00e1cticamente hecho, pues me sale celebrarlo siempre. Lo hago en casa, lo hago igual fuera; pueda haber algo de <strong>crispaci\u00f3n<\/strong> o lo que sea, pero yo siempre lo hago para m\u00ed, en el sentido de celebrar la acci\u00f3n, en ning\u00fan caso para provocar nada nunca; es algo que hago siempre, <strong>Natan<\/strong> tambi\u00e9n. Creo que nos tenemos que quedar con eso, que la porter\u00eda estaba a cero, que la defendemos a <strong>muerte<\/strong>, como si nos fuera la vida, y la celebraci\u00f3n es parte de ello\u00bb.<\/p>\n<p>Otra semana importante<\/p>\n<p class=\"parrafo\">\u00abS\u00ed, ahora a por la <strong>Copa<\/strong> y, luego, a por el <strong>Bar\u00e7a<\/strong>. Creo que hemos <strong>demostrado<\/strong> que podemos ganar a cualquier equipo este a\u00f1o, incluso tambi\u00e9n el a\u00f1o pasado, \u00bfno? Sabemos que el <strong>Bar\u00e7a<\/strong> tiene tambi\u00e9n muy buen equipo, un <strong>equipazo<\/strong>, pero vamos a ir a por ellos, a jugarles como sabemos y a por tres puntos m\u00e1s, pero antes la <strong>Copa<\/strong>\u00ab.<\/p>\n<p><img decoding=\"async\" src=\"https:\/\/www.europesays.com\/es\/wp-content\/uploads\/2025\/12\/ef4ebee5-5df1-4be9-9808-eaa51bfd5728_800x746.jpeg\" loading=\"lazy\"\/><\/p>\n","protected":false},"excerpt":{"rendered":"Admite que su festejo al evitar el tanto cantado de Akor Adams pudo generar \u00abalgo de crispaci\u00f3n\u00bb en&hellip;\n","protected":false},"author":2,"featured_media":265025,"comment_status":"","ping_status":"","sticky":false,"template":"","format":"standard","meta":{"footnotes":""},"categories":[268],"tags":[168,60062,25,24,284,280,282,39503,286,2993,281,23,167],"class_list":{"0":"post-265024","1":"post","2":"type-post","3":"status-publish","4":"format-standard","5":"has-post-thumbnail","7":"category-futbol","8":"tag-deportes","9":"tag-el-gran-derbi","10":"tag-es","11":"tag-espana","12":"tag-estadio-deportivo","13":"tag-football","14":"tag-futbol","15":"tag-marc-bartra","16":"tag-real-betis-balompie","17":"tag-sevilla-futbol-club","18":"tag-soccer","19":"tag-spain","20":"tag-sports"},"share_on_mastodon":{"url":"https:\/\/pubeurope.com\/@es\/115643127640905373","error":""},"_links":{"self":[{"href":"https:\/\/www.europesays.com\/es\/wp-json\/wp\/v2\/posts\/265024","targetHints":{"allow":["GET"]}}],"collection":[{"href":"https:\/\/www.europesays.com\/es\/wp-json\/wp\/v2\/posts"}],"about":[{"href":"https:\/\/www.europesays.com\/es\/wp-json\/wp\/v2\/types\/post"}],"author":[{"embeddable":true,"href":"https:\/\/www.europesays.com\/es\/wp-json\/wp\/v2\/users\/2"}],"replies":[{"embeddable":true,"href":"https:\/\/www.europesays.com\/es\/wp-json\/wp\/v2\/comments?post=265024"}],"version-history":[{"count":0,"href":"https:\/\/www.europesays.com\/es\/wp-json\/wp\/v2\/posts\/265024\/revisions"}],"wp:featuredmedia":[{"embeddable":true,"href":"https:\/\/www.europesays.com\/es\/wp-json\/wp\/v2\/media\/265025"}],"wp:attachment":[{"href":"https:\/\/www.europesays.com\/es\/wp-json\/wp\/v2\/media?parent=265024"}],"wp:term":[{"taxonomy":"category","embeddable":true,"href":"https:\/\/www.europesays.com\/es\/wp-json\/wp\/v2\/categories?post=265024"},{"taxonomy":"post_tag","embeddable":true,"href":"https:\/\/www.europesays.com\/es\/wp-json\/wp\/v2\/tags?post=265024"}],"curies":[{"name":"wp","href":"https:\/\/api.w.org\/{rel}","templated":true}]}}