{"id":265026,"date":"2025-12-01T07:27:14","date_gmt":"2025-12-01T07:27:14","guid":{"rendered":"https:\/\/www.europesays.com\/es\/265026\/"},"modified":"2025-12-01T07:27:14","modified_gmt":"2025-12-01T07:27:14","slug":"kim-kardashian-desvela-que-padece-baja-actividad-cerebral-simplemente-no-lo-acepto","status":"publish","type":"post","link":"https:\/\/www.europesays.com\/es\/265026\/","title":{"rendered":"Kim Kardashian desvela que padece \u00abbaja actividad cerebral\u00bb: \u00abSimplemente no lo acepto\u00bb"},"content":{"rendered":"<p id=\"efC-mAyA5j\" data-wc=\"70\">Estamos m\u00e1s que acostumbrados a ver a Kim Kardashian narrar su vida y sus peripecias. A trav\u00e9s de su reality, <strong>Keeping Up With The Kardashian<\/strong><strong>s<\/strong>, la l\u00edder del clan ha abierto su caj\u00f3n de recuerdos y vivencias para compartir con los espectadores todos los cap\u00edtulos m\u00e1s importantes de su vida. En la actualidad,<strong>\u00a0Kim est\u00e1 volcada en el cuidado de sus hijos y en su sue\u00f1o de convertirse en abogada<\/strong>.\u00a0<\/p>\n<p> <img src=\"https:\/\/www.europesays.com\/es\/wp-content\/uploads\/2025\/12\/b6b9a0ff7a4d-gettyimages-2242423059.jpg\"   width=\"1024\" height=\"682\" loading=\"lazy\" decoding=\"async\" alt=\"Kim Kardashian utiliza sus propias experiencias en los divorcios para su papel en 'Todas las de la ley'\" fetchpriority=\"auto\" class=\"image ho-image\"\/>\u00a9 Getty ImagesKim Kardashian utiliza sus propias experiencias en los divorcios para su papel en &#8216;Todas las de la ley&#8217;<\/p>\n<p id=\"e-bSLUjRY6K\" data-wc=\"91\">En un nuevo cap\u00edtulo de la nueva temporada del programa, Kim ha acudido a hacerse una prueba junto a Scott Disick, exmarido de su hermana Kourtney. Ambos acudieron a la cl\u00ednica del conocido especialista Daniel Amen, que ya habr\u00eda hecho un an\u00e1lisis a otros miembros de su familia y que apareci\u00f3 en el a\u00f1o 2022 en el reality. \u00abScott y yo vamos a revisarnos el cerebro hoy con el Dr. Daniel Amen. <strong>\u00c9l realiza estas exploraciones neuronales para ver c\u00f3mo est\u00e1 realmente la salud cerebral<\/strong>\u00ab, contaba la estrella a las c\u00e1maras.<\/p>\n<p> <img src=\"https:\/\/www.europesays.com\/es\/wp-content\/uploads\/2025\/12\/ad3c42684a8b-kimllora.jpg\"   width=\"1024\" height=\"576\" loading=\"lazy\" decoding=\"async\" alt=\"Kim Kardashian rompe en llanto mientras se preparaba para su examen de labarra\" fetchpriority=\"auto\" class=\"image ho-image\"\/>\u00a9 Getty ImagesKim Kardashian rompi\u00f3 a llorar tras conocer que no hab\u00eda superado su examen de acceso a la abogac\u00eda<\/p>\n<p id=\"e_7s_6RJ3le\" data-wc=\"90\">Amen estudi\u00f3 todas las zonas cerebrales de Kim y lleg\u00f3 a una conclusi\u00f3n: descart\u00f3 que Kim tuviera alto riesgo de padecer Alzheimer, pero s\u00ed que la advirti\u00f3 de la actividad en la zona frontal de su cerebro era menor de lo normal. \u00abLa parte frontal de tu cerebro est\u00e1 menos activa de lo que deber\u00eda\u00bb, le explic\u00f3 el doctor. <strong>\u00abCon tus l\u00f3bulos frontales, tal como funcionan ahora, te costar\u00eda m\u00e1s manejar el estr\u00e9s y eso no te conviene, sobre todo mientras estudias y te preparas para los ex\u00e1menes\u00bb<\/strong>, a\u00f1adi\u00f3 Amen.\u00a0<\/p>\n<p> <img src=\"https:\/\/www.europesays.com\/es\/wp-content\/uploads\/2025\/12\/d280cc0da7a0-gettyimages-2242423041.jpg\"   width=\"1080\" height=\"1800\" loading=\"lazy\" decoding=\"async\" alt=\"A pesar de que no pas\u00f3 el examen de la barra, Kim Kardashian no se rendir\u00e1 y seguir\u00e1 prepar\u00e1ndose para pasarlo.\" fetchpriority=\"auto\" class=\"image ho-image\"\/>\u00a9 Corbis via Getty ImagesKim Kardashian se ha mostrado perpleja tras el diagn\u00f3stico del Doctor Amen<\/p>\n<p id=\"epsFXTnTI3m\" data-wc=\"96\">La estrella y empresaria se qued\u00f3 paralizada ante tal diagn\u00f3stico, neg\u00e1ndose a procesar la informaci\u00f3n que el experto acababa de darle. <strong>\u00abNo puede ser, simplemente no lo acepto\u00bb<\/strong>, dijo emocionada y perpleja a partes iguales. Durante el cap\u00edtulo, Kim Kardashian mostr\u00f3 sus dudas a la hora de enfrentarse a las conclusiones a las que lleg\u00f3 el doctor Amen, y ella misma admiti\u00f3 que estaba arrastrando mucho estr\u00e9s a causa de su intenso ritmo de vida y de la preparaci\u00f3n para su examen de abogac\u00eda: un calendario contundente que podr\u00eda estar influyendo negativamente a su salud cerebral.\u00a0<\/p>\n<p> <img src=\"https:\/\/www.europesays.com\/es\/wp-content\/uploads\/2025\/12\/bcf6ebe7b4b8-gettyimages-2245565540.jpg\"   width=\"1024\" height=\"683\" loading=\"lazy\" decoding=\"async\" alt=\"Kim Kardashian\" fetchpriority=\"auto\" class=\"image ho-image\"\/>\u00a9 Getty Images for Disney+Kim Kardashian en el estreno de &#8216;Todas las de la ley&#8217;<br \/>\n\u00abTengo un cerebro maravilloso\u00bb<\/p>\n<p id=\"ewiSATiZq1\" data-wc=\"68\">Antes de recibir su diagn\u00f3stico, Kim admit\u00eda tener \u00abun cerebro maravilloso\u00bb, pero luego lleg\u00f3 el Doctor Amen para confirmarle sus peores sospechas: las \u00ablagunas\u00bb en la parte frontal del \u00f3rgano que le estaban dificultando su manejo en las situaciones de mayor estr\u00e9s. Aun as\u00ed, el experto quiso poner el colof\u00f3n al decirle que \u00abno est\u00e1 terriblemente estresada, ansiosa ni deprimida\u00bb. Y la adulaba: \u00ab<strong>Eres extraordinaria en tu positividad<\/strong>\u00ab.<\/p>\n<p> <img src=\"https:\/\/www.europesays.com\/es\/wp-content\/uploads\/2025\/12\/0ea61fa90e07-1747430216rc.jpg\"   width=\"1024\" height=\"682\" loading=\"lazy\" decoding=\"async\" alt=\"En el rodaje han contado el asesoramiento de una abogada que, casualmente, llev\u00f3 dos de los divorcios de Kim\" fetchpriority=\"auto\" class=\"image ho-image\"\/>\u00a9 Disney+En el rodaje de &#8216;Todas las de la ley&#8217; han contado con el asesoramiento de una abogada que, casualmente, llev\u00f3 dos de los divorcios de Kim<\/p>\n<p data-wc=\"129\" id=\"ehfF0qnk5H\">Si hace seis meses Kim estaba radiante de alegr\u00eda <a class=\"hm-link ho-link\" href=\"https:\/\/www.hola.com\/actualidad\/20250522833496\/kim-kardashian-graduada-derecho-celebracion\/\" data-mrf-recirculation=\"article-body-link\" rel=\"nofollow noopener\" target=\"_blank\">celebrando que hab\u00eda conseguido graduarse en Derecho<\/a>, ahora la empresaria ha tenido que enfrentarse a una gran decepci\u00f3n al suspender su examen de acceso a la abogac\u00eda, un gran desaf\u00edo que llevaba mucho tiempo preparando. La estrella de realities\u00a0no ha dudado en contar todo el proceso, en el que no han faltado las l\u00e1grimas y que no ha terminado como ella esperaba. <a class=\"hm-link ho-link\" href=\"https:\/\/www.hola.com\/actualidad\/20251117867921\/kim-kardashian-suspende-examen-abogacia\/\" rel=\"noopener nofollow\" target=\"_blank\" data-mrf-recirculation=\"article-body-link\"><strong>Curiosamente, acaba de estrenar su serie\u00a0Todas las de la ley, que cuenta con Kim en el reparto interpretando, precisamente, a una abogada<\/strong><\/a>. Un sue\u00f1o que, por el momento, solo ha cumplido en la ficci\u00f3n.<\/p>\n","protected":false},"excerpt":{"rendered":"Estamos m\u00e1s que acostumbrados a ver a Kim Kardashian narrar su vida y sus peripecias. A trav\u00e9s de&hellip;\n","protected":false},"author":2,"featured_media":265027,"comment_status":"","ping_status":"","sticky":false,"template":"","format":"standard","meta":{"footnotes":""},"categories":[174],"tags":[517,255,1060,146,147,25,24,256,7903,23,807],"class_list":{"0":"post-265026","1":"post","2":"type-post","3":"status-publish","4":"format-standard","5":"has-post-thumbnail","7":"category-famosos","8":"tag-actualidad","9":"tag-celebrities","10":"tag-disney","11":"tag-entertainment","12":"tag-entretenimiento","13":"tag-es","14":"tag-espana","15":"tag-famosos","16":"tag-kim-kardashian","17":"tag-spain","18":"tag-television"},"share_on_mastodon":{"url":"https:\/\/pubeurope.com\/@es\/115643131478964703","error":""},"_links":{"self":[{"href":"https:\/\/www.europesays.com\/es\/wp-json\/wp\/v2\/posts\/265026","targetHints":{"allow":["GET"]}}],"collection":[{"href":"https:\/\/www.europesays.com\/es\/wp-json\/wp\/v2\/posts"}],"about":[{"href":"https:\/\/www.europesays.com\/es\/wp-json\/wp\/v2\/types\/post"}],"author":[{"embeddable":true,"href":"https:\/\/www.europesays.com\/es\/wp-json\/wp\/v2\/users\/2"}],"replies":[{"embeddable":true,"href":"https:\/\/www.europesays.com\/es\/wp-json\/wp\/v2\/comments?post=265026"}],"version-history":[{"count":0,"href":"https:\/\/www.europesays.com\/es\/wp-json\/wp\/v2\/posts\/265026\/revisions"}],"wp:featuredmedia":[{"embeddable":true,"href":"https:\/\/www.europesays.com\/es\/wp-json\/wp\/v2\/media\/265027"}],"wp:attachment":[{"href":"https:\/\/www.europesays.com\/es\/wp-json\/wp\/v2\/media?parent=265026"}],"wp:term":[{"taxonomy":"category","embeddable":true,"href":"https:\/\/www.europesays.com\/es\/wp-json\/wp\/v2\/categories?post=265026"},{"taxonomy":"post_tag","embeddable":true,"href":"https:\/\/www.europesays.com\/es\/wp-json\/wp\/v2\/tags?post=265026"}],"curies":[{"name":"wp","href":"https:\/\/api.w.org\/{rel}","templated":true}]}}