{"id":265030,"date":"2025-12-01T07:30:28","date_gmt":"2025-12-01T07:30:28","guid":{"rendered":"https:\/\/www.europesays.com\/es\/265030\/"},"modified":"2025-12-01T07:30:28","modified_gmt":"2025-12-01T07:30:28","slug":"que-fue-de-labrador-el-mitico-concursante-de-gandia-shore-que-desaparecio-de-la-television","status":"publish","type":"post","link":"https:\/\/www.europesays.com\/es\/265030\/","title":{"rendered":"Qu\u00e9 fue de Labrador, el m\u00edtico concursante de \u2018Gand\u00eda Shore\u2019 que desapareci\u00f3 de la televisi\u00f3n"},"content":{"rendered":"<p class=\"\">En los \u00faltimos a\u00f1os, pocas figuras televisivas han llegado a tener la relevancia y el renombre que, en su d\u00eda, logr\u00f3 obtener <b>Jos\u00e9 Labrador<\/b>, conocido com\u00fanmente en el \u00e1mbito de la peque\u00f1a pantalla como <b>Labrador<\/b>. Y es que, el nacido en Puerto de Sagunto fue capaz de, a lomos de su <b>personalidad irreverente, carisma \u00fanico y frases para el recuerdo<\/b>, hacerse un hueco en la memoria de miles de espectadores durante los 2010.<\/p>\n<p class=\"\">La primera aparici\u00f3n televisiva de Labrador tuvo lugar en el a\u00f1o <b>2012<\/b>, participando en <b>\u2018Gand\u00eda Shore\u2019<\/b>, uno de los realities m\u00e1s recordados de la peque\u00f1a pantalla nacional. <b>\u201cYo a \u2018Gand\u00eda Shore\u2019 no he venido con la intenci\u00f3n de enamorarme\u201d<\/b>, fue su carta de presentaci\u00f3n. Esta frase, que parec\u00eda dejar claras sus intenciones, no envejeci\u00f3 precisamente bien: el joven de 26 a\u00f1os de edad mantuvo una relaci\u00f3n con otras de las grandes figuras del programa: <b>estamos hablando de Ylenia Padilla<\/b>.<\/p>\n<p class=\"\">El paso de Jos\u00e9 Labrador por el pol\u00e9mico y controvertido espacio emitido en MTV le abri\u00f3 las puertas de las grandes cadenas televisivas. De esta manera, el oriundo de Puerto de Sagunto regresar\u00eda a la peque\u00f1a pantalla en el a\u00f1o <b>2015<\/b>. Form\u00f3 parte de <b>\u2018Gran Hermano VIP\u2019<\/b>, dando comienzo a su <b>etapa de mayor relevancia medi\u00e1tica<\/b>. Entre <b>2015 y 2016<\/b>, el joven pasar\u00eda por<b> \u2018Supervivientes\u2019 y \u2018Mujeres y Hombres y Viceversa\u2019<\/b>, estableci\u00e9ndose como <b>uno de los nombres de referencia, y m\u00e1s pol\u00e9micos<\/b>, dentro de la cadena principal de Mediaset.<\/p>\n<p class=\"\">No obstante, habr\u00eda que esperar hasta el a\u00f1o <b>2020 <\/b>para volver a ver a Labrador en un reality de Telecinco. En esta ocasi\u00f3n, el valenciano particip\u00f3 en <b>\u2018La casa fuerte\u2019<\/b>, un formato en el que Jos\u00e9 Labrador, a sus 34 a\u00f1os, parec\u00eda mostrar que <b>la chuler\u00eda que siempre le hab\u00eda acompa\u00f1ado y caracterizado hasta ese momento era cosa de la edad\u2026<\/b> Algo que, en a\u00f1os posteriores, <b>quedar\u00eda en duda<\/b>.<\/p>\n<p>Vida actual<\/p>\n<p class=\"\">En los \u00faltimos a\u00f1os, Jos\u00e9 Labrador se ha mantenido <b>alejado del \u00e1mbito televisivo<\/b>. En sus redes sociales, m\u00e1s concretamente <b>Instagram<\/b>, el valenciano comparte numerosos <b>detalles de su d\u00eda a d\u00eda<\/b>. Trabaja como <b>fontanero y masajista<\/b> y, en sus tiempos libres, <b>se machaca en el gimnasio<\/b>, cuyos resultados no duda en mostrar siempre que puede. Labrador ha ganado m\u00fasculo, lo que, unido al grado de definici\u00f3n que mantiene, le hace verse <b>grande e imponente<\/b>.<\/p>\n<p>Noticias relacionadas<a href=\"https:\/\/as.com\/tikitakas\/television\/que-fue-de-paula-prendes-la-presentadora-y-actriz-que-alcanzo-la-fama-en-se-lo-que-hicisteis-f202511-n\/\" class=\"s_m_w\" title=\"La int\u00e9rprete ha vuelto a la actualidad participando como invitada en \u2018Pasapalabra\u2019, donde ha promocionado su nuevo proyecto.\" data-tb-link=\"\" rel=\"nofollow noopener\" target=\"_blank\"><img decoding=\"async\" src=\"https:\/\/www.europesays.com\/es\/wp-content\/uploads\/2025\/12\/1764574225_190_7NXWXHX6QFAXVLP3767WXY22LE.jpg\" alt=\"Qu\u00e9 fue de Paula Prendes, la presentadora y actriz que alcanz\u00f3 la fama en \u2018S\u00e9 lo que hicisteis\u2019\" class=\"\" height=\"9\" width=\"16\"   loading=\"lazy\" data-tb-thumbnail=\"\"\/><\/a><a href=\"https:\/\/as.com\/tikitakas\/que-fue-de-ylenia-padilla-exconcursante-de-gandia-shore-y-colaboradora-de-telecinco-n\/?noti=tikitakas_mod_port\" class=\"s_m_w\" title=\"La televisiva, que ha participado en realities shows de Mediaset y MTV, ha vuelto al foco medi\u00e1tico tras un discurso de odio contra el colectivo LGTBIQ+.\" data-tb-link=\"\" rel=\"nofollow noopener\" target=\"_blank\"><img decoding=\"async\" src=\"https:\/\/www.europesays.com\/es\/wp-content\/uploads\/2025\/12\/5LPJXUPXTFMBBAGJSTWKD5CYYE.jpg\" alt=\"Qu\u00e9 fue de Ylenia Padilla, exconcursante de Gand\u00eda Shore y colaboradora de Telecinco\" class=\"\" height=\"9\" width=\"16\"   loading=\"lazy\" data-tb-thumbnail=\"\"\/><\/a><\/p>\n<p class=\"\">Por \u00faltimo, cabe destacar que este <b>lunes, 1 de diciembre<\/b>, Labrador ha sido confirmado como uno de los participantes de <b>\u2018La casa de los gemelos 2\u2019,<\/b> formato conducido y producido por <b>Zona Gemelos<\/b>, con gran relevancia en redes sociales y con el que el valenciano, despu\u00e9s de un periodo alejado del \u00e1mbito medi\u00e1tico, parece volver a querer hacerse notar como durante sus <b>a\u00f1os dorados en \u2018Gand\u00eda Shore\u2019 y en el universo Telecinco<\/b>.<\/p>\n<p class=\"\"><b>\u00a1Tus opiniones importan!<\/b> Comenta en los art\u00edculos y suscr\u00edbete gratis a nuestra <a href=\"https:\/\/asfan.as.com\/newsletters\/\" target=\"_blank\" rel=\"nofollow noopener\" title=\"https:\/\/asfan.as.com\/newsletters\/\">newsletter<\/a> y a las alertas informativas en la <a href=\"https:\/\/as.com\/aplicacion-de-as-n\/\" target=\"_blank\" rel=\"nofollow noopener\" title=\"https:\/\/as.com\/aplicacion-de-as-n\/\">App<\/a> o el canal de <a href=\"https:\/\/www.whatsapp.com\/channel\/0029VaAasdA7j6g745nz9M10\" target=\"_blank\" rel=\"nofollow noopener\" title=\"https:\/\/www.whatsapp.com\/channel\/0029VaAasdA7j6g745nz9M10\">WhatsApp<\/a>. \u00bfBuscas licenciar contenido? Haz clic <a href=\"https:\/\/profesional.elpais.com\/soluciones-sindicacion?utm_medium=interno&amp;utm_source=crosslinking&amp;utm_campaign=sindicacion_as_pie_articulos\" target=\"_blank\" rel=\"nofollow noopener\" title=\"https:\/\/profesional.elpais.com\/soluciones-sindicacion?utm_medium=interno&amp;utm_source=crosslinking&amp;utm_campaign=sindicacion_as_pie_articulos\">aqu\u00ed<\/a><\/p>\n","protected":false},"excerpt":{"rendered":"En los \u00faltimos a\u00f1os, pocas figuras televisivas han llegado a tener la relevancia y el renombre que, en&hellip;\n","protected":false},"author":2,"featured_media":265031,"comment_status":"","ping_status":"","sticky":false,"template":"","format":"standard","meta":{"footnotes":""},"categories":[171],"tags":[146,147,25,24,23,214],"class_list":{"0":"post-265030","1":"post","2":"type-post","3":"status-publish","4":"format-standard","5":"has-post-thumbnail","7":"category-tv","8":"tag-entertainment","9":"tag-entretenimiento","10":"tag-es","11":"tag-espana","12":"tag-spain","13":"tag-tv"},"share_on_mastodon":{"url":"https:\/\/pubeurope.com\/@es\/115643144171166427","error":""},"_links":{"self":[{"href":"https:\/\/www.europesays.com\/es\/wp-json\/wp\/v2\/posts\/265030","targetHints":{"allow":["GET"]}}],"collection":[{"href":"https:\/\/www.europesays.com\/es\/wp-json\/wp\/v2\/posts"}],"about":[{"href":"https:\/\/www.europesays.com\/es\/wp-json\/wp\/v2\/types\/post"}],"author":[{"embeddable":true,"href":"https:\/\/www.europesays.com\/es\/wp-json\/wp\/v2\/users\/2"}],"replies":[{"embeddable":true,"href":"https:\/\/www.europesays.com\/es\/wp-json\/wp\/v2\/comments?post=265030"}],"version-history":[{"count":0,"href":"https:\/\/www.europesays.com\/es\/wp-json\/wp\/v2\/posts\/265030\/revisions"}],"wp:featuredmedia":[{"embeddable":true,"href":"https:\/\/www.europesays.com\/es\/wp-json\/wp\/v2\/media\/265031"}],"wp:attachment":[{"href":"https:\/\/www.europesays.com\/es\/wp-json\/wp\/v2\/media?parent=265030"}],"wp:term":[{"taxonomy":"category","embeddable":true,"href":"https:\/\/www.europesays.com\/es\/wp-json\/wp\/v2\/categories?post=265030"},{"taxonomy":"post_tag","embeddable":true,"href":"https:\/\/www.europesays.com\/es\/wp-json\/wp\/v2\/tags?post=265030"}],"curies":[{"name":"wp","href":"https:\/\/api.w.org\/{rel}","templated":true}]}}