{"id":265032,"date":"2025-12-01T07:33:23","date_gmt":"2025-12-01T07:33:23","guid":{"rendered":"https:\/\/www.europesays.com\/es\/265032\/"},"modified":"2025-12-01T07:33:23","modified_gmt":"2025-12-01T07:33:23","slug":"puede-la-ia-reemplazar-a-un-hijo-muerto-la-inquietante-premisa-de-singular-libertad-digital","status":"publish","type":"post","link":"https:\/\/www.europesays.com\/es\/265032\/","title":{"rendered":"\u00bfPuede la IA reemplazar a un hijo muerto? La inquietante premisa de &#8216;Singular&#8217; &#8211; Libertad Digital"},"content":{"rendered":"<p>Mart\u00edn y Diana fueron pareja en el pasado. Han quedado para pasar el fin de semana en la casa del lago en donde veraneaban y a donde no regresan desde hace doce a\u00f1os. All\u00ed <strong>muri\u00f3 su hijo<\/strong>, y <strong>este fin de semana hubiera cumplido 18 a\u00f1os<\/strong>. Estar\u00e9is pensando que <strong>Singular<\/strong>, que es la pel\u00edcula de la que os hablo esta semana, es un drama, y lo es. Pero la pel\u00edcula tambi\u00e9n bebe de la <strong>ciencia ficci\u00f3n<\/strong>.<\/p>\n<p>La pel\u00edcula comienza present\u00e1ndonos a Diana (<strong>Patricia L\u00f3pez Arnaiz<\/strong>), una mujer que <strong>trabaja con la IA<\/strong>, ha creado una m\u00e1quina y est\u00e1 estudiando sus reacciones y procesamientos mentales humanos, por decirlo de alguna manera. Recibir\u00e1 el mensaje de su exmarido, Mart\u00edn (<strong>Javier Rey<\/strong>), que tambi\u00e9n trabajaba en el sector, pero que lo dej\u00f3 tras la tragedia familiar.<\/p>\n<p>Cuando llegan a la casa del lago la <strong>aparici\u00f3n de un joven que nadie conoce<\/strong> y que tiene un <strong>siniestro parecido a su hijo fallecido<\/strong> har\u00e1 tambalearse todo.<\/p>\n<p><strong>Pincha en el v\u00eddeo <\/strong>para descubrir todos los detalles sin spoilers.<\/p>\n<blockquote>\n<p>T\u00edtulo original: Singular<br \/>G\u00e9nero: Thriller, Ciencia-ficci\u00f3n<br \/>Pa\u00eds: Espa\u00f1a, Finlandia<br \/>A\u00f1o: 2025<br \/>Duraci\u00f3n: 100 minutos<br \/>Direcci\u00f3n: Alberto Gastesi<br \/>Reparto: Patricia L\u00f3pez Arnaiz, Javier Rey<br \/>Fecha de estreno en Espa\u00f1a: 28 de noviembre de 2025<br \/>Distribuidora: Warner Bros.<\/p>\n<\/blockquote>\n","protected":false},"excerpt":{"rendered":"Mart\u00edn y Diana fueron pareja en el pasado. Han quedado para pasar el fin de semana en la&hellip;\n","protected":false},"author":2,"featured_media":265033,"comment_status":"","ping_status":"","sticky":false,"template":"","format":"standard","meta":{"footnotes":""},"categories":[169],"tags":[177,146,147,25,24,176,65728,1636,136,31151,15296,175,42236,3889,61390,23],"class_list":{"0":"post-265032","1":"post","2":"type-post","3":"status-publish","4":"format-standard","5":"has-post-thumbnail","7":"category-cine","8":"tag-cine","9":"tag-entertainment","10":"tag-entretenimiento","11":"tag-es","12":"tag-espana","13":"tag-film","14":"tag-hijo-muerto","15":"tag-ia","16":"tag-inteligencia-artificial","17":"tag-javier-rey","18":"tag-luto","19":"tag-movies","20":"tag-patricia-lopez-arnaiz","21":"tag-sector-del-cine","22":"tag-singular","23":"tag-spain"},"share_on_mastodon":{"url":"https:\/\/pubeurope.com\/@es\/115643154836617701","error":""},"_links":{"self":[{"href":"https:\/\/www.europesays.com\/es\/wp-json\/wp\/v2\/posts\/265032","targetHints":{"allow":["GET"]}}],"collection":[{"href":"https:\/\/www.europesays.com\/es\/wp-json\/wp\/v2\/posts"}],"about":[{"href":"https:\/\/www.europesays.com\/es\/wp-json\/wp\/v2\/types\/post"}],"author":[{"embeddable":true,"href":"https:\/\/www.europesays.com\/es\/wp-json\/wp\/v2\/users\/2"}],"replies":[{"embeddable":true,"href":"https:\/\/www.europesays.com\/es\/wp-json\/wp\/v2\/comments?post=265032"}],"version-history":[{"count":0,"href":"https:\/\/www.europesays.com\/es\/wp-json\/wp\/v2\/posts\/265032\/revisions"}],"wp:featuredmedia":[{"embeddable":true,"href":"https:\/\/www.europesays.com\/es\/wp-json\/wp\/v2\/media\/265033"}],"wp:attachment":[{"href":"https:\/\/www.europesays.com\/es\/wp-json\/wp\/v2\/media?parent=265032"}],"wp:term":[{"taxonomy":"category","embeddable":true,"href":"https:\/\/www.europesays.com\/es\/wp-json\/wp\/v2\/categories?post=265032"},{"taxonomy":"post_tag","embeddable":true,"href":"https:\/\/www.europesays.com\/es\/wp-json\/wp\/v2\/tags?post=265032"}],"curies":[{"name":"wp","href":"https:\/\/api.w.org\/{rel}","templated":true}]}}