{"id":265037,"date":"2025-12-01T07:36:16","date_gmt":"2025-12-01T07:36:16","guid":{"rendered":"https:\/\/www.europesays.com\/es\/265037\/"},"modified":"2025-12-01T07:36:16","modified_gmt":"2025-12-01T07:36:16","slug":"el-reloj-de-hawkins-va-por-libre-en-la-serie-de-netflix","status":"publish","type":"post","link":"https:\/\/www.europesays.com\/es\/265037\/","title":{"rendered":"el reloj de Hawkins va por libre en la serie de Netflix"},"content":{"rendered":"<p class=\"c-paragraph\">En la quinta temporada de <b><a href=\"https:\/\/www.20minutos.es\/cinemania\/series\/stranger-things-5-cuando-llega-volumen-2-temporada-final-fechas-estreno-netflix_6903484_0.html\" rel=\"nofollow noopener\" target=\"_blank\">Stranger Things<\/a><\/b>, los fans no solo se reencontrar\u00e1n con <a href=\"https:\/\/www.20minutos.es\/cinemania\/series\/stranger-things-google-hawkins-netflix_6899380_0.html\" rel=\"nofollow noopener\" target=\"_blank\">Hawkins<\/a>, sino tambi\u00e9n con versiones m\u00e1s j\u00f3venes de sus personajes favoritos. Noah Schnapp y <b><a href=\"\">Millie Bobby Brown<\/a><\/b> han sido objeto de <b>un innovador proceso de rejuvenecimiento digital<\/b>, combinando CGI con dobles de cuerpo m\u00e1s j\u00f3venes para retratar a Will y Once en las escenas de flashback.<\/p>\n<p class=\"c-paragraph\">La t\u00e9cnica, m\u00e1s que un simple efecto visual, ha sido un proceso colaborativo. <a href=\"https:\/\/www.20minutos.es\/cinemania\/series\/noah-schnapp-stranger-things-israel-malinterpretado-5209628\/\" rel=\"nofollow noopener\" target=\"_blank\">Schnapp<\/a> trabaj\u00f3 directamente con Luke Kokotek, quien interpreta a Will de 11 a\u00f1os, mientras que Brown acompa\u00f1\u00f3 a Martie Blair en su papel de la joven Eleven. \u00abTrabaj\u00e9 con la ni\u00f1a peque\u00f1a, dici\u00e9ndole: &#8216;Est\u00e1 bien, simplemente est\u00e1 bien'\u00bb, explic\u00f3 Brown, destacando la cercan\u00eda necesaria <b>para que la actuaci\u00f3n fuera lo m\u00e1s aut\u00e9ntica posible<\/b>.<\/p>\n<p class=\"c-paragraph\">Esto se debe a que, adem\u00e1s de que la\u00a0nueva temporada llega m\u00e1s de<a href=\"https:\/\/www.20minutos.es\/cinemania\/series\/stranger-things-resumen-antes-temporada-4-5004741\/\" rel=\"nofollow noopener\" target=\"_blank\"> tres a\u00f1os que la anterior<\/a>, ninguna de ellas se ha ajustado a la cronolog\u00eda real de sus rodajes, como s\u00ed ocurri\u00f3 con otras franquicias <a href=\"https:\/\/www.20minutos.es\/cinemania\/series\/actores-harry-potter-colegio-construido-set-rodaje-serie-5732286\/\" rel=\"nofollow noopener\" target=\"_blank\">protagonizadas por ni\u00f1os<\/a> como <b>Harry Potter<\/b>.\u00a0La historia original, ambientada en los a\u00f1os 80, se desarrolla a un ritmo diferente al que marca el mundo real, en el que los actores, inevitablemente, han crecido.\u00a0<\/p>\n<p class=\"c-paragraph\">Los eventos de la primera temporada arrancaron en <b>noviembre de 1983<\/b>, con la desaparici\u00f3n de Will y la fuga de Eleven del laboratorio, y culminar\u00e1n en<b> noviembre de 1987<\/b>, a\u00f1o y medio despu\u00e9s de<a href=\"https:\/\/www.20minutos.es\/cinemania\/series\/stranger-things-todo-lo-que-falta-por-resolver-en-el-final-de-la-temporada-4-5010112\/\" rel=\"nofollow noopener\" target=\"_blank\"> los sucesos de la cuarta temporada<\/a>. Entre medias, Hawkins ha visto veranos interminables, oto\u00f1os con nuevos aliados y primaveras marcadas por tensiones sobrenaturales.<\/p>\n<p class=\"c-paragraph\">Cada salto temporal se acompa\u00f1a de flashbacks estrat\u00e9gicos que exploran el pasado de personajes clave. <b>Desde la infancia de Once en el laboratorio hasta la historia de Henry Creel\/Vecna en 1959<\/b>, estos recuerdos profundizan en los sucesos que han moldeado el mundo del Rev\u00e9s y justifican las acciones presentes de los protagonistas.<\/p>\n<p class=\"c-paragraph\"><b>Entre la primera y la segunda temporada de Stranger Things transcurre casi un a\u00f1o<\/b>: los hechos saltan a octubre de 1984, cuando el grupo de Kali Prasad (Ocho) mata a un antiguo compa\u00f1ero del Doctor Brenner, los chicos conocen a Max y Will empieza a experimentar inquietantes visiones del Mundo del Rev\u00e9s. Despu\u00e9s, <b>la narraci\u00f3n avanza al verano de 1985<\/b> para situar la tercera temporada en plenas vacaciones, y<b> da otro salto breve de apenas cinco meses para llegar a marzo de 1986<\/b>, momento en el que se desarrolla la cuarta entrega, marcada por la separaci\u00f3n de los personajes y una acci\u00f3n concentrada en una semana.<\/p>\n<p class=\"c-paragraph\"><b>La historia prosigue en noviembre de 1987<\/b>, cuando arranca la quinta temporada. Lo hace coincidiendo con el aniversario de la desaparici\u00f3n de Will, un punto temporal que sit\u00faa la trama a\u00f1o y medio despu\u00e9s de los sucesos vistos en la temporada 4.<\/p>\n<p class=\"c-paragraph\">Gracias a la combinaci\u00f3n de efectos visuales avanzados y una planificaci\u00f3n meticulosa, la temporada final no solo cierra la historia principal, sino que tambi\u00e9n refuerza la conexi\u00f3n emocional entre el pasado y el presente. Los espectadores experimentar\u00e1n c\u00f3mo <b>cada detalle hist\u00f3rico de Hawkins influye en la aventura contempor\u00e1nea.<\/b><\/p>\n","protected":false},"excerpt":{"rendered":"En la quinta temporada de Stranger Things, los fans no solo se reencontrar\u00e1n con Hawkins, sino tambi\u00e9n con&hellip;\n","protected":false},"author":2,"featured_media":265038,"comment_status":"","ping_status":"","sticky":false,"template":"","format":"standard","meta":{"footnotes":""},"categories":[91],"tags":[9730,65729,146,147,25,24,36578,3840,23,379],"class_list":{"0":"post-265037","1":"post","2":"type-post","3":"status-publish","4":"format-standard","5":"has-post-thumbnail","7":"category-entretenimiento","8":"tag-desconcertante","9":"tag-desfasado","10":"tag-entertainment","11":"tag-entretenimiento","12":"tag-es","13":"tag-espana","14":"tag-hawkins","15":"tag-reloj","16":"tag-spain","17":"tag-va"},"share_on_mastodon":{"url":"https:\/\/pubeurope.com\/@es\/115643166636305530","error":""},"_links":{"self":[{"href":"https:\/\/www.europesays.com\/es\/wp-json\/wp\/v2\/posts\/265037","targetHints":{"allow":["GET"]}}],"collection":[{"href":"https:\/\/www.europesays.com\/es\/wp-json\/wp\/v2\/posts"}],"about":[{"href":"https:\/\/www.europesays.com\/es\/wp-json\/wp\/v2\/types\/post"}],"author":[{"embeddable":true,"href":"https:\/\/www.europesays.com\/es\/wp-json\/wp\/v2\/users\/2"}],"replies":[{"embeddable":true,"href":"https:\/\/www.europesays.com\/es\/wp-json\/wp\/v2\/comments?post=265037"}],"version-history":[{"count":0,"href":"https:\/\/www.europesays.com\/es\/wp-json\/wp\/v2\/posts\/265037\/revisions"}],"wp:featuredmedia":[{"embeddable":true,"href":"https:\/\/www.europesays.com\/es\/wp-json\/wp\/v2\/media\/265038"}],"wp:attachment":[{"href":"https:\/\/www.europesays.com\/es\/wp-json\/wp\/v2\/media?parent=265037"}],"wp:term":[{"taxonomy":"category","embeddable":true,"href":"https:\/\/www.europesays.com\/es\/wp-json\/wp\/v2\/categories?post=265037"},{"taxonomy":"post_tag","embeddable":true,"href":"https:\/\/www.europesays.com\/es\/wp-json\/wp\/v2\/tags?post=265037"}],"curies":[{"name":"wp","href":"https:\/\/api.w.org\/{rel}","templated":true}]}}