{"id":265043,"date":"2025-12-01T07:39:09","date_gmt":"2025-12-01T07:39:09","guid":{"rendered":"https:\/\/www.europesays.com\/es\/265043\/"},"modified":"2025-12-01T07:39:09","modified_gmt":"2025-12-01T07:39:09","slug":"trump-justifica-indulto-a-expresidente-de-honduras-dw-01-12-2025","status":"publish","type":"post","link":"https:\/\/www.europesays.com\/es\/265043\/","title":{"rendered":"Trump justifica indulto a expresidente de Honduras \u2013 DW \u2013 01\/12\/2025"},"content":{"rendered":"<p>El presidente estadounidense, <a class=\"internal-link\" href=\"https:\/\/www.dw.com\/es\/donald-trump\/t-19445010\" rel=\"nofollow noopener\" target=\"_blank\">Donald Trump<\/a>, dijo este domingo (30.11.2025) que tras una evaluaci\u00f3n encontr\u00f3 que el Gobierno del expresidente <a class=\"internal-link\" href=\"https:\/\/www.dw.com\/es\/joe-biden\/t-62463399\" rel=\"nofollow noopener\" target=\"_blank\">Joe Biden<\/a> \u00able tendi\u00f3 una trampa\u00bb al exmandatario hondure\u00f1o <a class=\"internal-link\" href=\"https:\/\/www.dw.com\/es\/hern\u00e1ndez-juan-orlando\/t-39728206\" rel=\"nofollow noopener\" target=\"_blank\">Juan Orlando Hern\u00e1ndez<\/a> (2014-2022), condenado en 2024 en Estados Unidos por tres cargos de narcotr\u00e1fico, por lo que <a class=\"internal-link\" href=\"https:\/\/www.dw.com\/es\/trump-indulta-al-expresidente-de-honduras-juan-orlando-hern\u00e1ndez\/a-74947538\" rel=\"nofollow noopener\" target=\"_blank\">decidi\u00f3 concederle un indulto<\/a>.<\/p>\n<p>\u00abLa gente de Honduras realmente pens\u00f3 que le hab\u00edan tendido una trampa (\u2026) una trampa de la Administraci\u00f3n Biden, y analic\u00e9 los hechos y estuve de acuerdo con ellos\u00bb, explic\u00f3 el mandatario a la prensa a bordo del Air Force One de regreso a la capital estadounidense.<\/p>\n<p>Trump no cit\u00f3 evidencias sobre la supuesta trampa tendida al exmandatario hondure\u00f1o. Eso s\u00ed, el presidente no culp\u00f3 directamente a Biden sino a los asesores que ten\u00eda el dem\u00f3crata en su periodo presidencial (2021-2025).<\/p>\n<blockquote class=\"tweet embed\" data-id=\"1995293412078272970\"\/>\n<p>\u00abSi alguien vende drogas (en un pa\u00eds), eso no significa que se deba arrestar al presidente y meterlo en la c\u00e1rcel de por vida\u00bb, valor\u00f3 Trump sobre el caso de Hern\u00e1ndez.<\/p>\n<p>El presidente anunci\u00f3 el indulto el pasado viernes en un mensaje en su red social Truth Social, en el que reiter\u00f3 su <a class=\"internal-link\" href=\"https:\/\/www.dw.com\/es\/honduras-candidata-oficialista-denuncia-injerencia-de-trump\/a-74954850\" rel=\"nofollow noopener\" target=\"_blank\">apoy\u00f3 al candidato conservador Nasry &#8216;Tito&#8217; Asfura<\/a>, del Partido Nacional, que disputa las elecciones presidenciales en Honduras este domingo.<\/p>\n<p>Hern\u00e1ndez fue investigado por la DEA desde 2013<\/p>\n<p>Hern\u00e1ndez lleg\u00f3 extraditado en abril de 2022 a Estados Unidos, donde en marzo de 2024 lo sentenciaron a 45 a\u00f1os de prisi\u00f3n por tres cargos de narcotr\u00e1fico y armas, m\u00e1s cinco a\u00f1os de libertad vigilada.<\/p>\n<p>El expresidente hondure\u00f1o estuvo en la mira de la Justicia de Estados Unidos desde 2013, seg\u00fan documentos entregados por el Departamento de Justicia a los tribunales neoyorquinos en 2019, cuando Trump estaba en su primer periodo presidencial.<\/p>\n<p>De acuerdo a la Fiscal\u00eda estadounidense, Hern\u00e1ndez form\u00f3 parte de un grupo de personas investigadas por la Agencia Antidrogas (DEA) desde el a\u00f1o 2013, en el que fue electo, por actividades \u00abrelacionadas con la importaci\u00f3n de coca\u00edna a EE.UU.\u00bb<\/p>\n<p>El documento fue hecho p\u00fablico dentro del caso contra el hermano del expresidente, Juan Antonio &#8216;Tony&#8217; Hern\u00e1ndez Alvarado, condenado a cadena perpetua por cargos relacionados con el tr\u00e1fico de coca\u00edna a Estados Unidos.<\/p>\n<p>jc (efe, ap)<\/p>\n","protected":false},"excerpt":{"rendered":"El presidente estadounidense, Donald Trump, dijo este domingo (30.11.2025) que tras una evaluaci\u00f3n encontr\u00f3 que el Gobierno del&hellip;\n","protected":false},"author":2,"featured_media":265044,"comment_status":"","ping_status":"","sticky":false,"template":"","format":"standard","meta":{"footnotes":""},"categories":[42],"tags":[17,18,13,14,11,61,62,63,64,19,20,9,10,15,16,12,21,22,65,66,67],"class_list":{"0":"post-265043","1":"post","2":"type-post","3":"status-publish","4":"format-standard","5":"has-post-thumbnail","7":"category-internacional","8":"tag-breaking-news","9":"tag-breakingnews","10":"tag-featured-news","11":"tag-featurednews","12":"tag-headlines","13":"tag-internacional","14":"tag-international","15":"tag-international-news","16":"tag-internationalnews","17":"tag-latest-news","18":"tag-latestnews","19":"tag-news","20":"tag-noticias","21":"tag-noticias-destacadas","22":"tag-noticiasdestacadas","23":"tag-titulares","24":"tag-ultimas-noticias","25":"tag-ultimasnoticias","26":"tag-world","27":"tag-world-news","28":"tag-worldnews"},"share_on_mastodon":{"url":"","error":""},"_links":{"self":[{"href":"https:\/\/www.europesays.com\/es\/wp-json\/wp\/v2\/posts\/265043","targetHints":{"allow":["GET"]}}],"collection":[{"href":"https:\/\/www.europesays.com\/es\/wp-json\/wp\/v2\/posts"}],"about":[{"href":"https:\/\/www.europesays.com\/es\/wp-json\/wp\/v2\/types\/post"}],"author":[{"embeddable":true,"href":"https:\/\/www.europesays.com\/es\/wp-json\/wp\/v2\/users\/2"}],"replies":[{"embeddable":true,"href":"https:\/\/www.europesays.com\/es\/wp-json\/wp\/v2\/comments?post=265043"}],"version-history":[{"count":0,"href":"https:\/\/www.europesays.com\/es\/wp-json\/wp\/v2\/posts\/265043\/revisions"}],"wp:featuredmedia":[{"embeddable":true,"href":"https:\/\/www.europesays.com\/es\/wp-json\/wp\/v2\/media\/265044"}],"wp:attachment":[{"href":"https:\/\/www.europesays.com\/es\/wp-json\/wp\/v2\/media?parent=265043"}],"wp:term":[{"taxonomy":"category","embeddable":true,"href":"https:\/\/www.europesays.com\/es\/wp-json\/wp\/v2\/categories?post=265043"},{"taxonomy":"post_tag","embeddable":true,"href":"https:\/\/www.europesays.com\/es\/wp-json\/wp\/v2\/tags?post=265043"}],"curies":[{"name":"wp","href":"https:\/\/api.w.org\/{rel}","templated":true}]}}