{"id":265045,"date":"2025-12-01T07:40:12","date_gmt":"2025-12-01T07:40:12","guid":{"rendered":"https:\/\/www.europesays.com\/es\/265045\/"},"modified":"2025-12-01T07:40:12","modified_gmt":"2025-12-01T07:40:12","slug":"la-corona-empresarial-de-telle-la-reina-de-las-galletas-gullon-tras-enfrentarse-a-sus-hijos-economia","status":"publish","type":"post","link":"https:\/\/www.europesays.com\/es\/265045\/","title":{"rendered":"La corona empresarial de \u2018Telle\u2019, la reina de las galletas Gull\u00f3n tras enfrentarse a sus hijos | Econom\u00eda"},"content":{"rendered":"<p class=\"\">La enorme f\u00e1brica verde y el lema Gull\u00f3n irrumpen cuando la autov\u00eda A-62 cruza por Aguilar de Campoo (Palencia, 6.800 habitantes). El gigante galletero destaca visual y econ\u00f3micamente en esta localidad del norte palentino, desde donde se fabrican y distribuyen toneladas y toneladas de productos dulces con una reina en el cat\u00e1logo, la galleta, y otra en el organigrama: Mar\u00eda Teresa Rodr\u00edguez, Telle, de 84 a\u00f1os y responsable de que la firma <a href=\"https:\/\/cincodias.elpais.com\/companias\/2025-01-14\/gullon-preve-llegar-a-los-1000-millones-en-ventas-en-2030-impulsada-por-el-mercado-exterior.html\" target=\"_self\" rel=\"nofollow noopener\" title=\"https:\/\/cincodias.elpais.com\/companias\/2025-01-14\/gullon-preve-llegar-a-los-1000-millones-en-ventas-en-2030-impulsada-por-el-mercado-exterior.html\">se haya convertido en referente internacional en el sector.<\/a> <\/p>\n<p class=\"\">La jefa de este basti\u00f3n alimentario desde 1983 recibe este lunes el premio Reino de Espa\u00f1a de manos de Felipe VI a la trayectoria empresarial tras no pocos esfuerzos en finanzas y hasta familiares, pues lleg\u00f3 a enfrentarse con sus hijos por la direcci\u00f3n de la compa\u00f1\u00eda. La hoy presidenta de honor deleg\u00f3 el mando en su hija Lourdes Gull\u00f3n en 2019 y mantiene a sus tres hijos varones en el equipo directivo tras intentar estos descabalgarla en 2009 aunque los tribunales dieron la raz\u00f3n a la matriarca. <a href=\"https:\/\/cincodias.elpais.com\/companias\/2024-01-11\/gullon-vende-un-record-de-630-millones-y-apunta-a-compras-en-europa.html\" target=\"_self\" rel=\"nofollow noopener\" title=\"https:\/\/cincodias.elpais.com\/companias\/2024-01-11\/gullon-vende-un-record-de-630-millones-y-apunta-a-compras-en-europa.html\">El grupo sigue creciendo<\/a>, emplea a m\u00e1s de 2.200 personas, trae riqueza a Aguilar y factur\u00f3 en 2024 casi 700 millones de euros.<\/p>\n<p class=\"\">El imperio comenz\u00f3 modestamente en 1892 a cargo de Jos\u00e9 Gull\u00f3n con Aguilar como enclave privilegiado para trabajar con el cereal de Tierra de Campos junto al az\u00facar venido de ultramar desde el puerto de Santander. La galletera fue avanzando hasta que Mar\u00eda Teresa Rodr\u00edguez asumi\u00f3 el poder en 1983 al fallecer su esposo y jefe de la firma, Jos\u00e9 Manuel Gull\u00f3n, en un accidente de tr\u00e1fico. Ella, hasta entonces, se dedicaba a la labor dom\u00e9stica y a la crianza de sus tres hijos. El suceso la hizo aliarse con su socio Juan Miguel Mart\u00ednez Gabald\u00f3n en 1985, hoy actual consejero delegado y director general, para mantener la pujanza y aspirar a m\u00e1s mercados tras ir posicion\u00e1ndose en el espa\u00f1ol: Gull\u00f3n era una de las cinco galleteras de la provincia de Palencia y hoy es la \u00fanica que resiste. <\/p>\n<p class=\"\">La veterana empresaria palentina ya no da entrevistas y en su lugar toma la palabra Gabald\u00f3n, de 71 a\u00f1os, para describir esa expansi\u00f3n en el mercado del dulce. \u201cSiempre ha sido un reto profesional tremendo, como una droga, hemos dedicado la vida a la empresa y atravesado todas las etapas, desde no tener recursos humanos y econ\u00f3micos, ni una empresa automatizada y hacerlo todo manual, a los retos a los que nos enfrentamos con mucha ilusi\u00f3n\u201d, explica el alto cargo, quien recuerda su fichaje tras trabajar en Burgos para una compa\u00f1\u00eda alemana. Poco a poco, \u201ccomprando maquinaria de segunda mano y ampliando naves, <a href=\"https:\/\/cincodias.elpais.com\/cincodias\/2005\/08\/22\/empresas\/1124717990_850215.html\" target=\"_self\" rel=\"nofollow noopener\" title=\"https:\/\/cincodias.elpais.com\/cincodias\/2005\/08\/22\/empresas\/1124717990_850215.html\">sacando productos nuevos<\/a>, hemos ido conquistando el mercado, salimos al exterior para internacionalizarnos. Somos de los cinco mayores galleteros europeos\u201d. <\/p>\n<p class=\"\">Gabald\u00f3n define a la matriarca como \u201cuna mujer entregada a la empresa, adapt\u00f3 su personalidad a la compa\u00f1\u00eda y la hizo excelente\u201d. \u201cEs una l\u00edder nata, en habilidades sociales y de comunicaci\u00f3n transmitiendo ideas, escucha a todo el mundo, explica a la gente del pueblo las cosas, los entiende\u2026 tiene mucha empat\u00eda y cercan\u00eda\u201d, destaca en lo personal, incidiendo en el olfato comercial y una \u201cvisi\u00f3n estrat\u00e9gica del negocio\u201d que les hizo ser pioneros en la galleta integral en Espa\u00f1a o lanzar en 1990 los primeros art\u00edculos sin az\u00facar, sin\u00f3nimo de \u201cliderazgo y notoriedad\u201d. La apodada Telle \u201cconf\u00eda mucho en el equipo, no se pone medallas\u201d y \u201ces muy sencilla y austera, \u00edntegra y transparente\u201d. <\/p>\n<p class=\"\">El gran reto de Gull\u00f3n vino desde dentro, cuando en 2009 el menor del clan, F\u00e9lix, quiso ascender en la estructura y desbancar a Gabald\u00f3n, si bien su madre se neg\u00f3. No solo esta negativa disgust\u00f3 a los hijos, quienes tambi\u00e9n recelaban de que la principal accionista nunca repartiera los dividendos de la galletera sino que los reinvirtiera. El 26 de septiembre de ese a\u00f1o, el consejo de la empresa se vivi\u00f3 una pinza entre sus v\u00e1stagos y los hermanos de la palentina, que unieron sus votos para echar a Gabald\u00f3n y retirarle la presidencia a la hoy premio Reino de Espa\u00f1a,<a href=\"https:\/\/cincodias.elpais.com\/cincodias\/2019\/06\/17\/companias\/1560776928_295832.html\" target=\"_self\" rel=\"nofollow noopener\" title=\"https:\/\/cincodias.elpais.com\/cincodias\/2019\/06\/17\/companias\/1560776928_295832.html\"> a quien s\u00ed apoy\u00f3 Lourdes, la actual l\u00edder. <\/a><\/p>\n<p class=\"\">La agraviada acudi\u00f3 a la justicia <a href=\"https:\/\/cincodias.elpais.com\/cincodias\/2019\/11\/21\/companias\/1574349889_442731.html\" target=\"_self\" rel=\"nofollow noopener\" title=\"https:\/\/cincodias.elpais.com\/cincodias\/2019\/11\/21\/companias\/1574349889_442731.html\">y convoc\u00f3 una junta extraordinaria<\/a> esgrimiendo que ostentaba el 55% del capital de Gull\u00f3n y el 80% de los derechos de voto. El 1 de septiembre de 2010 los tres hijos y los dos hermanos de Telle le impidieron acceder a las oficinas para celebrar la junta exigida por el juez, la cual tuvo lugar finalmente en el coche materno junto a Lourdes Gull\u00f3n y la notaria de Aguilar de Campoo. As\u00ed acordaron eliminar el consejo, erigirse como administradora \u00fanica, echar a sus hijos y reubicar a Gabald\u00f3n. Este evita ahondar en el tema: \u201cHa sabido resolver bien la situaci\u00f3n con la familia, ha antepuesto los intereses de la compa\u00f1\u00eda y actu\u00f3 como una profesional y como madre, de manera callada\u201d. Ella ha quedado desde aquel episodio como presidenta de honor tras delegar el mando a Lourdes como presidenta del consejo de Administraci\u00f3n. El resto de los hijos participa en el equipo directivo salvo uno que cambi\u00f3 de empresa y busc\u00f3 futuro en otro lado.<\/p>\n<p class=\"\">La galletera, que exporta a 125 pa\u00edses, mantiene su \u00e9xito y ha rebasado los 697 millones de euros de facturaci\u00f3n en 2024 como referencia en empresa familiar centenaria en el sector de la alimentaci\u00f3n. El grupo genera 2.200 puestos de trabajo directos, m\u00e1s los siempre dif\u00edciles de cuantificar indirectos, tras incorporar de una sentada 323 vacantes. La cifra global casi dobla la que hab\u00eda en 2018 pese a las crisis de los \u00faltimos a\u00f1os, desde la pandemia a la inflaci\u00f3n. <\/p>\n<p class=\"\">Fuentes sindicales de Gull\u00f3n detallan que la veterana empresaria sigue visitando la planta junto a su hija, la actual jefa. \u201cSi no fuera por esa idea suya, quiz\u00e1s las cosas hubieran sido de otra manera, y siendo as\u00ed se ha enriquecido la zona y se ha hecho crecer en econ\u00f3micamente\u201d, indican, satisfechos con su af\u00e1n por reinvertir beneficios en \u201cenriquecer la zona\u201d.<\/p>\n<p class=\"\">La alcaldesa de Aguilar de Campo, Mar\u00eda Jos\u00e9 Ortega (PP), celebra la relaci\u00f3n \u201cf\u00e1cil\u201d con Telle, de quien ha sido casi vecina, y ensalza que \u201csiempre ha primado el inter\u00e9s de la empresa conjug\u00e1ndolo con el municipio\u201d. \u201cA Mar\u00eda Teresa la quiere todo el mundo en Aguilar, han valorado c\u00f3mo ha sido capaz de salir adelante en los momentos dif\u00edciles y sacar adelante la empresa cuando falleci\u00f3 su marido\u201d, indica la regidora, apuntando que \u201cha manejado las situaciones familiares con mano izquierda, dej\u00e1ndose asesorar\u201d. Ortega valora la iniciativa de la palentina y que haya dado relevancia a Aguilar: \u201cEsa labor de hormiguita ha hecho que tengamos una empresa de galletas referente. Es desarrollo para toda la comarca e incluso a m\u00e1s de 100 kil\u00f3metros\u201d.<\/p>\n","protected":false},"excerpt":{"rendered":"La enorme f\u00e1brica verde y el lema Gull\u00f3n irrumpen cuando la autov\u00eda A-62 cruza por Aguilar de Campoo&hellip;\n","protected":false},"author":2,"featured_media":265046,"comment_status":"","ping_status":"","sticky":false,"template":"","format":"standard","meta":{"footnotes":""},"categories":[8],"tags":[29318,3214,17,18,65732,95,25,24,2891,13,14,14628,65731,65730,11,2893,19,20,9,10,15,16,6442,23,12,21,22],"class_list":{"0":"post-265045","1":"post","2":"type-post","3":"status-publish","4":"format-standard","5":"has-post-thumbnail","7":"category-espana","8":"tag-aguilar-de-campoo","9":"tag-alimentacion","10":"tag-breaking-news","11":"tag-breakingnews","12":"tag-cereales","13":"tag-economia","14":"tag-es","15":"tag-espana","16":"tag-fabricas","17":"tag-featured-news","18":"tag-featurednews","19":"tag-galletas","20":"tag-galletas-dieteticas","21":"tag-gullon","22":"tag-headlines","23":"tag-industria","24":"tag-latest-news","25":"tag-latestnews","26":"tag-news","27":"tag-noticias","28":"tag-noticias-destacadas","29":"tag-noticiasdestacadas","30":"tag-palencia","31":"tag-spain","32":"tag-titulares","33":"tag-ultimas-noticias","34":"tag-ultimasnoticias"},"share_on_mastodon":{"url":"https:\/\/pubeurope.com\/@es\/115643182226425347","error":""},"_links":{"self":[{"href":"https:\/\/www.europesays.com\/es\/wp-json\/wp\/v2\/posts\/265045","targetHints":{"allow":["GET"]}}],"collection":[{"href":"https:\/\/www.europesays.com\/es\/wp-json\/wp\/v2\/posts"}],"about":[{"href":"https:\/\/www.europesays.com\/es\/wp-json\/wp\/v2\/types\/post"}],"author":[{"embeddable":true,"href":"https:\/\/www.europesays.com\/es\/wp-json\/wp\/v2\/users\/2"}],"replies":[{"embeddable":true,"href":"https:\/\/www.europesays.com\/es\/wp-json\/wp\/v2\/comments?post=265045"}],"version-history":[{"count":0,"href":"https:\/\/www.europesays.com\/es\/wp-json\/wp\/v2\/posts\/265045\/revisions"}],"wp:featuredmedia":[{"embeddable":true,"href":"https:\/\/www.europesays.com\/es\/wp-json\/wp\/v2\/media\/265046"}],"wp:attachment":[{"href":"https:\/\/www.europesays.com\/es\/wp-json\/wp\/v2\/media?parent=265045"}],"wp:term":[{"taxonomy":"category","embeddable":true,"href":"https:\/\/www.europesays.com\/es\/wp-json\/wp\/v2\/categories?post=265045"},{"taxonomy":"post_tag","embeddable":true,"href":"https:\/\/www.europesays.com\/es\/wp-json\/wp\/v2\/tags?post=265045"}],"curies":[{"name":"wp","href":"https:\/\/api.w.org\/{rel}","templated":true}]}}