{"id":265053,"date":"2025-12-01T07:50:10","date_gmt":"2025-12-01T07:50:10","guid":{"rendered":"https:\/\/www.europesays.com\/es\/265053\/"},"modified":"2025-12-01T07:50:10","modified_gmt":"2025-12-01T07:50:10","slug":"el-barca-lider-tras-sacarle-6-puntos-en-4-partidos-al-madrid","status":"publish","type":"post","link":"https:\/\/www.europesays.com\/es\/265053\/","title":{"rendered":"\u00a1\u00a1\u00a1El Bar\u00e7a, l\u00edder tras sacarle 6 puntos en 4 partidos al Madrid!!!"},"content":{"rendered":"<p data-gtm-element-container=\"modulo-texto-link\" class=\"paragraph\">El Barcelona es el<strong> nuevo l\u00edder de Primera<\/strong> despu\u00e9s del empate del Real Madrid en Montilivi. Los de<strong> Xabi Alonso <\/strong> igualaron el tanto inicial de <strong>Ounahi <\/strong>a los 45 minutos de partido y despu\u00e9s de que el VAR anulase un gol de <strong>Mbapp\u00e9<\/strong> por mano antes del remate. <strong>De Burgos Bengoetxea<\/strong> hab\u00eda dado el gol, pero fue advertido por el VAR y el tanto no subi\u00f3 al marcador, como no subi\u00f3 uno de Vinicius en el segundo tiempo por claro fuera de juego antes del empate.<\/p>\n<p data-gtm-element-container=\"modulo-texto-link\" class=\"paragraph\"><strong>Mbapp\u00e9 <\/strong>marc\u00f3 desde el punto de penalti y a partir de ese momento el Girona aguant\u00f3 hasta el final de un partido en el que se dieron cuatro puntos de a\u00f1adido. Pese a la proeza, el Girona sigue marcando el descenso, aunque empatado con Osasuna.<\/p>\n<p data-gtm-element-container=\"modulo-texto-link\" class=\"paragraph\">Tras esta jornada, se consuma, pues, <strong>la remontada iniciada por el Barcelona<\/strong> despu\u00e9s del Cl\u00e1sico: ha sumado seis puntos m\u00e1s que el Madrid en s\u00f3lo cuatro partidos. En ese tramo, el Barcelona ha derrotado a Elche, Celta, Athletic y Alav\u00e9s.<\/p>\n<p data-gtm-element-container=\"modulo-texto-link\" class=\"paragraph\">El Barcelona <strong>hab\u00eda ganado el s\u00e1bado al Alav\u00e9s por 3-1<\/strong>, lo que obligaba a los de <strong>Xabi Alonso<\/strong> a vencer para conservar el liderato. Por detr\u00e1s, el Atl\u00e9tico, pr\u00f3ximo rival de los azulgranas, mantiene su l\u00ednea ascendente y venci\u00f3 al Oviedo por 2-0, situ\u00e1ndose <strong>cuarto a s\u00f3lo tres puntos del Barcelona<\/strong>, a dos del Madrid y a uno del Villarreal, tercero. La cabeza, en un pa\u00f1uelo.<\/p>\n<p data-gtm-element-container=\"modulo-texto-link\" class=\"paragraph\">En zona europea, la <strong>Europa League es para el Betis<\/strong>, con 24 puntos, los mismos que el Espanyol tras su valioso triunfo en Vigo, que ir\u00eda a <strong>Conference League<\/strong> con cuatro puntos de margen sobre el Getafe.<\/p>\n<p>    Lee tambi\u00e9n<\/p>\n<p data-gtm-element-container=\"modulo-texto-link\" class=\"paragraph\">El descenso lo sigue marcando pese a su proeza el <strong>Girona, con 12 puntos<\/strong>, a uno de Osasuna y con dos de ventaja sobre Levante y Oviedo. Entre el Mallorca (13 puntos), decimoquinto, y el Oviedo (9), vig\u00e9simo, solamente hay cuatro puntos de diferencia. Y m\u00e1s arriba hay cinco equipos con 16 puntos (Real, Sevilla, Celta, Elche y Rayo) y uno con 15, el Alav\u00e9s.<\/p>\n","protected":false},"excerpt":{"rendered":"El Barcelona es el nuevo l\u00edder de Primera despu\u00e9s del empate del Real Madrid en Montilivi. Los de&hellip;\n","protected":false},"author":2,"featured_media":265054,"comment_status":"","ping_status":"","sticky":false,"template":"","format":"standard","meta":{"footnotes":""},"categories":[268],"tags":[168,25,24,280,282,281,23,167],"class_list":{"0":"post-265053","1":"post","2":"type-post","3":"status-publish","4":"format-standard","5":"has-post-thumbnail","7":"category-futbol","8":"tag-deportes","9":"tag-es","10":"tag-espana","11":"tag-football","12":"tag-futbol","13":"tag-soccer","14":"tag-spain","15":"tag-sports"},"share_on_mastodon":{"url":"https:\/\/pubeurope.com\/@es\/115643221866898235","error":""},"_links":{"self":[{"href":"https:\/\/www.europesays.com\/es\/wp-json\/wp\/v2\/posts\/265053","targetHints":{"allow":["GET"]}}],"collection":[{"href":"https:\/\/www.europesays.com\/es\/wp-json\/wp\/v2\/posts"}],"about":[{"href":"https:\/\/www.europesays.com\/es\/wp-json\/wp\/v2\/types\/post"}],"author":[{"embeddable":true,"href":"https:\/\/www.europesays.com\/es\/wp-json\/wp\/v2\/users\/2"}],"replies":[{"embeddable":true,"href":"https:\/\/www.europesays.com\/es\/wp-json\/wp\/v2\/comments?post=265053"}],"version-history":[{"count":0,"href":"https:\/\/www.europesays.com\/es\/wp-json\/wp\/v2\/posts\/265053\/revisions"}],"wp:featuredmedia":[{"embeddable":true,"href":"https:\/\/www.europesays.com\/es\/wp-json\/wp\/v2\/media\/265054"}],"wp:attachment":[{"href":"https:\/\/www.europesays.com\/es\/wp-json\/wp\/v2\/media?parent=265053"}],"wp:term":[{"taxonomy":"category","embeddable":true,"href":"https:\/\/www.europesays.com\/es\/wp-json\/wp\/v2\/categories?post=265053"},{"taxonomy":"post_tag","embeddable":true,"href":"https:\/\/www.europesays.com\/es\/wp-json\/wp\/v2\/tags?post=265053"}],"curies":[{"name":"wp","href":"https:\/\/api.w.org\/{rel}","templated":true}]}}