{"id":265055,"date":"2025-12-01T07:51:11","date_gmt":"2025-12-01T07:51:11","guid":{"rendered":"https:\/\/www.europesays.com\/es\/265055\/"},"modified":"2025-12-01T07:51:11","modified_gmt":"2025-12-01T07:51:11","slug":"transparencias-encaje-blanco-y-mariposas-el-outfit-que-juana-viale-repitio-en-su-programa","status":"publish","type":"post","link":"https:\/\/www.europesays.com\/es\/265055\/","title":{"rendered":"Transparencias, encaje blanco y mariposas: el outfit que Juana Viale repiti\u00f3 en su programa"},"content":{"rendered":"<p>De cara a las fiestas de fin de a\u00f1o, Juana Viale luci\u00f3 un top y falda blanca con encaje bordado a mano y cristales (Almorzando con Juana &#8211; El Trece)<\/p>\n<p class=\"paragraph\">En la televisi\u00f3n argentina, <b>los domingos al mediod\u00eda tienen como protagonista indiscutida a <\/b><a rel=\"noopener noreferrer nofollow\" href=\"https:\/\/www.infobae.com\/tag\/juana-viale\/\" target=\"_blank\" title=\"https:\/\/www.infobae.com\/tag\/juana-viale\/\"><b>Juana Viale<\/b><\/a>. Instalad\u00edsima desde hace varias temporadas al frente de<a rel=\"noopener noreferrer nofollow\" href=\"https:\/\/www.infobae.com\/tag\/almorzando-con-juana\/\" target=\"_blank\" title=\"https:\/\/www.infobae.com\/tag\/almorzando-con-juana\/\"><b> <\/b><b>Almorzando con Juana<\/b><b> <\/b><\/a>(El Trece), la nieta de <a rel=\"noopener noreferrer nofollow\" href=\"https:\/\/www.infobae.com\/tag\/mirtha-legrand\/\" target=\"_blank\" title=\"https:\/\/www.infobae.com\/tag\/mirtha-legrand\/\"><b>Mirtha Legrand <\/b><\/a>logr\u00f3 reinventar el tradicional ciclo familiar con su frescura, toques de humor y una mirada personal sobre la moda. Cada semana, sus elecciones estil\u00edsticas marcan tendencia tanto en la pantalla como en las redes, y su actitud espont\u00e1nea logra que la audiencia espere tanto por la charla como por el look que va a lucir. Este domingo, Juana volvi\u00f3 a llamar la atenci\u00f3n al sorprender con un outfit especial: decidi\u00f3 reciclar <b>un impactante dise\u00f1o de <\/b><a rel=\"noopener noreferrer nofollow\" href=\"https:\/\/www.infobae.com\/tag\/gino-bogani\/\" target=\"_blank\" title=\"https:\/\/www.infobae.com\/tag\/gino-bogani\/\"><b>Gino Bogani<\/b><\/a><b> que ya hab\u00eda estrenado a\u00f1os atr\u00e1s<\/b>, y lo llev\u00f3 con todo el glamour que la caracteriza.<\/p>\n<p class=\"paragraph\">Con su avasallante personalidad, abri\u00f3 el programa saludando con vitalidad y complicidad. \u201c\u00a1Hola, hola, hola, hola! \u00bfC\u00f3mo est\u00e1n? \u00bfC\u00f3mo est\u00e1n en sus casas?<b> Feliz domingo para todos y todas de toda la Argentina. Ya estamos llegando a fin de a\u00f1o<\/b>\u201d, arranc\u00f3, marcando el tono positivo y cercano que la caracteriza. Aprovech\u00f3 la ocasi\u00f3n para bromear sobre la cuenta regresiva escolar y la inminente llegada de las vacaciones. \u201c<b>\u00a1Sobrevivimos!<\/b> Falta poquito, pero todav\u00eda no cantemos victoria. Los pibes siguen yendo a la escuela&#8230; Pero <b>ya nos estamos preparando para Mar del Plata<\/b>, as\u00ed que&#8230; \u00a1uuuuh! Ya falta muy poquito, ya nos vamos para all\u00e1\u201d.<\/p>\n<p class=\"paragraph\">Al margen del clima festivo y del cl\u00e1sico set familiar, la atenci\u00f3n volvi\u00f3 a girar hacia su outfit. Y esta vez, la conductora opt\u00f3 por reversionar una pieza muy especial dentro de su guardarropas: un conjunto de Bogani,<b> <\/b>su dise\u00f1ador fetiche y sin\u00f3nimo de alta costura argentina, que ya hab\u00eda lucido a\u00f1os atr\u00e1s y que, orgullosa, supo resignificar para este almuerzo. \u201cMiren qu\u00e9 belleza. <b>Tengo un top de encaje bordado a mano con m\u00ednimos cristales y aplicaciones de mariposas y flores, como la pollera de crepe<\/b>. Tiene un tajito muy transparente, muy bonito y muy fresquito\u201d, cont\u00f3 Juana ante la c\u00e1mara, detallando cada uno de los elementos del look, antes de sumar con humor: \u201c<b>Aunque no lo crean, lo us\u00e9 en el 2020. Esto me sigue entrando<\/b>\u201d.<\/p>\n<p><img alt=\"La presentadora reutiliz\u00f3 un dise\u00f1o\" class=\"global-image\" decoding=\"async\" fetchpriority=\"low\" height=\"6000\" loading=\"lazy\" src=\"https:\/\/www.europesays.com\/es\/wp-content\/uploads\/2025\/12\/CYZS2KHNFZE7PIFRSLYDSKHAMI.jpg\" width=\"4000\"\/>La presentadora reutiliz\u00f3 un dise\u00f1o de Bogani bordado a mano, imponiendo tendencia con mariposas, cristales y detalles frescos para el mediod\u00eda (StoryLab)<\/p>\n<p class=\"paragraph\">El recorrido por el look no termin\u00f3 ah\u00ed. Viale aprovech\u00f3 para destacar el trabajo de su equipo de estilismo, siempre a la altura de las circunstancias. \u201cMe pein\u00f3 Juan Fojo, que <b>me hizo un recogido muy bonito en altura<\/b>, y me maquill\u00f3 Cris Sep\u00falveda, con<b> este aleteo de mariposa naranja que me encanta<\/b>. Para ponerle un poco de color a tanta blancura que tengo\u2026\u201d, sum\u00f3, entre risas, invitando a la audiencia a prestar atenci\u00f3n tambi\u00e9n a los peque\u00f1os detalles de c\u00f3mo construir una imagen.<\/p>\n<p class=\"paragraph\">La fascinaci\u00f3n de Juana por su dise\u00f1ador de confianza <a rel=\"noopener noreferrer nofollow\" href=\"https:\/\/www.infobae.com\/teleshow\/2025\/11\/23\/micropaillettes-verdes-corset-drapeado-y-brillo-total-el-look-de-juana-viale-que-conquisto-el-domingo\/\" target=\"_blank\" title=\"https:\/\/www.infobae.com\/teleshow\/2025\/11\/23\/micropaillettes-verdes-corset-drapeado-y-brillo-total-el-look-de-juana-viale-que-conquisto-el-domingo\/\">se reiter\u00f3 en la emisi\u00f3n anterior<\/a>, donde tambi\u00e9n apost\u00f3 a un look de autor nacional para brillar al mediod\u00eda. \u201cY yo me vest\u00ed para la ocasi\u00f3n, para poder pareciera que bailar.<b> Tengo un vestido de micropaillettes verdes con un corset drapeado y en una l\u00ednea l\u00e1piz<\/b>. Esto que ven ac\u00e1 es toda una pieza. No es que son g\u00e9neros pegados. No, como todo, como toda la belleza que hace el se\u00f1or Bogani\u201d, explic\u00f3 en esa transmisi\u00f3n, irrumpiendo en el estudio con un modelo tan elegante y artesanal como audaz, confirmando que la sinton\u00eda creativa entre la musa y el dise\u00f1ador sigue firme.<\/p>\n<p><img alt=\"El domingo pasado, Juana apost\u00f3\" class=\"global-image\" decoding=\"async\" fetchpriority=\"low\" height=\"1919\" loading=\"lazy\" src=\"https:\/\/www.europesays.com\/es\/wp-content\/uploads\/2025\/12\/HPAY453HNJARPKEZ522LDVJEPM.jpg\" width=\"1080\"\/>El domingo pasado, Juana apost\u00f3 por un vestido verde a puro brillo y lentejuelas (Instagram)<\/p>\n<p class=\"paragraph\">Esa vez, su look se complet\u00f3 con un peinado recogido, cola baja y extensiones que sumaban largo y sofisticaci\u00f3n, a cargo de Juan Fojo, su estilista de confianza. Juana, atenta como siempre al gui\u00f1o humor\u00edstico, se ri\u00f3 de su propia cabellera: \u201c\u00a1Ay! \u00bfQu\u00e9 pas\u00f3? <b>Me creci\u00f3 el pelo, no s\u00e9. \u00bfEst\u00e1 la luna creciente? Amo mi pelo, amo mi pelo<\/b>. Todas se lo cortan ahora. Yo ya me lo cort\u00e9 hace dos a\u00f1os y ahora ya me lo estoy dejando largo. La que da clase, da clase\u201d, celebr\u00f3 entre bromas y risas con el equipo detr\u00e1s de c\u00e1maras.<\/p>\n<p class=\"paragraph\">Cada emisi\u00f3n reafirma que Almorzando con Juana es mucho m\u00e1s que una mesa de charla: es escenario, pasarela y carta de amor a la moda nacional. A trav\u00e9s de sus looks, y de la complicidad con Bogani y su equipo de estilistas, la conductora confirma que la elegancia puede ser relajada, que la vanguardia y el humor conviven, y que el glamour aut\u00e9ntico es ese que se puede volver a usar y seguir disfrutando, sin importar el paso del tiempo.<\/p>\n","protected":false},"excerpt":{"rendered":"De cara a las fiestas de fin de a\u00f1o, Juana Viale luci\u00f3 un top y falda blanca con&hellip;\n","protected":false},"author":2,"featured_media":265056,"comment_status":"","ping_status":"","sticky":false,"template":"","format":"standard","meta":{"footnotes":""},"categories":[174],"tags":[255,146,147,25,24,256,23],"class_list":{"0":"post-265055","1":"post","2":"type-post","3":"status-publish","4":"format-standard","5":"has-post-thumbnail","7":"category-famosos","8":"tag-celebrities","9":"tag-entertainment","10":"tag-entretenimiento","11":"tag-es","12":"tag-espana","13":"tag-famosos","14":"tag-spain"},"share_on_mastodon":{"url":"https:\/\/pubeurope.com\/@es\/115643226324764463","error":""},"_links":{"self":[{"href":"https:\/\/www.europesays.com\/es\/wp-json\/wp\/v2\/posts\/265055","targetHints":{"allow":["GET"]}}],"collection":[{"href":"https:\/\/www.europesays.com\/es\/wp-json\/wp\/v2\/posts"}],"about":[{"href":"https:\/\/www.europesays.com\/es\/wp-json\/wp\/v2\/types\/post"}],"author":[{"embeddable":true,"href":"https:\/\/www.europesays.com\/es\/wp-json\/wp\/v2\/users\/2"}],"replies":[{"embeddable":true,"href":"https:\/\/www.europesays.com\/es\/wp-json\/wp\/v2\/comments?post=265055"}],"version-history":[{"count":0,"href":"https:\/\/www.europesays.com\/es\/wp-json\/wp\/v2\/posts\/265055\/revisions"}],"wp:featuredmedia":[{"embeddable":true,"href":"https:\/\/www.europesays.com\/es\/wp-json\/wp\/v2\/media\/265056"}],"wp:attachment":[{"href":"https:\/\/www.europesays.com\/es\/wp-json\/wp\/v2\/media?parent=265055"}],"wp:term":[{"taxonomy":"category","embeddable":true,"href":"https:\/\/www.europesays.com\/es\/wp-json\/wp\/v2\/categories?post=265055"},{"taxonomy":"post_tag","embeddable":true,"href":"https:\/\/www.europesays.com\/es\/wp-json\/wp\/v2\/tags?post=265055"}],"curies":[{"name":"wp","href":"https:\/\/api.w.org\/{rel}","templated":true}]}}