{"id":265057,"date":"2025-12-01T07:52:13","date_gmt":"2025-12-01T07:52:13","guid":{"rendered":"https:\/\/www.europesays.com\/es\/265057\/"},"modified":"2025-12-01T07:52:13","modified_gmt":"2025-12-01T07:52:13","slug":"como-el-estudio-rebuelta-domecq-lleno-de-luz-natural-y-amplitud-este-hogar-de-una-familia-con-ninos-en-madrid","status":"publish","type":"post","link":"https:\/\/www.europesays.com\/es\/265057\/","title":{"rendered":"C\u00f3mo el estudio Rebuelta Domecq llen\u00f3 de luz natural y amplitud este hogar de una familia con ni\u00f1os en Madrid"},"content":{"rendered":"<p>Siempre en movimiento, siempre en familia. As\u00ed son los propietarios de esta preciosa vi\u00advienda ubicada en Madrid, amantes de disfrutar del clima y los amigos a medio camino entre esta ciudad y su <a href=\"https:\/\/www.revistainteriores.es\/ideas-casa\/pareja-26-anos-se-muda-campo-para-reformar-casa-centenaria-sus-abuelos-galicia_11776\" rel=\"nofollow noopener\" target=\"_blank\">adorada Galicia<\/a>; de ah\u00ed que decidieran hacerse con una vivienda en la capital espa\u00f1ola para pasar largas temporadas con los suyos. <strong>Buscaron una <a href=\"https:\/\/www.revistainteriores.es\/ideas-casa\/lidia-molina-arquitecta-espacios-multifuncionales-pueden-ser-trampa-ni-todos-hogares-son-iguales-ni-todas-personas-necesitan-mismo_11768\" rel=\"nofollow noopener\" target=\"_blank\">casa fun\u00adcional<\/a> y bonita, <a href=\"https:\/\/www.revistainteriores.es\/estilo-de-vida\/ana-garcia-interiorista-matrimonios-mas-60-buscan-su-casa-facilidad-uso-mantenimiento-quieren-hogar-que-se-adapte-ellos-no-reves_12061\" rel=\"nofollow noopener\" target=\"_blank\">de f\u00e1cil mantenimiento<\/a>,\u00a0que al mismo tiempo refle\u00adjara su personalidad.<\/strong><\/p>\n","protected":false},"excerpt":{"rendered":"Siempre en movimiento, siempre en familia. As\u00ed son los propietarios de esta preciosa vi\u00advienda ubicada en Madrid, amantes&hellip;\n","protected":false},"author":2,"featured_media":265058,"comment_status":"","ping_status":"","sticky":false,"template":"","format":"standard","meta":{"footnotes":""},"categories":[173],"tags":[229,233,231,230,232,234,146,147,25,24,23],"class_list":{"0":"post-265057","1":"post","2":"type-post","3":"status-publish","4":"format-standard","5":"has-post-thumbnail","7":"category-arte-y-diseno","8":"tag-arte","9":"tag-arte-y-diseno","10":"tag-arts","11":"tag-arts-and-design","12":"tag-design","13":"tag-diseno","14":"tag-entertainment","15":"tag-entretenimiento","16":"tag-es","17":"tag-espana","18":"tag-spain"},"share_on_mastodon":{"url":"https:\/\/pubeurope.com\/@es\/115643229329953679","error":""},"_links":{"self":[{"href":"https:\/\/www.europesays.com\/es\/wp-json\/wp\/v2\/posts\/265057","targetHints":{"allow":["GET"]}}],"collection":[{"href":"https:\/\/www.europesays.com\/es\/wp-json\/wp\/v2\/posts"}],"about":[{"href":"https:\/\/www.europesays.com\/es\/wp-json\/wp\/v2\/types\/post"}],"author":[{"embeddable":true,"href":"https:\/\/www.europesays.com\/es\/wp-json\/wp\/v2\/users\/2"}],"replies":[{"embeddable":true,"href":"https:\/\/www.europesays.com\/es\/wp-json\/wp\/v2\/comments?post=265057"}],"version-history":[{"count":0,"href":"https:\/\/www.europesays.com\/es\/wp-json\/wp\/v2\/posts\/265057\/revisions"}],"wp:featuredmedia":[{"embeddable":true,"href":"https:\/\/www.europesays.com\/es\/wp-json\/wp\/v2\/media\/265058"}],"wp:attachment":[{"href":"https:\/\/www.europesays.com\/es\/wp-json\/wp\/v2\/media?parent=265057"}],"wp:term":[{"taxonomy":"category","embeddable":true,"href":"https:\/\/www.europesays.com\/es\/wp-json\/wp\/v2\/categories?post=265057"},{"taxonomy":"post_tag","embeddable":true,"href":"https:\/\/www.europesays.com\/es\/wp-json\/wp\/v2\/tags?post=265057"}],"curies":[{"name":"wp","href":"https:\/\/api.w.org\/{rel}","templated":true}]}}