{"id":265059,"date":"2025-12-01T07:54:15","date_gmt":"2025-12-01T07:54:15","guid":{"rendered":"https:\/\/www.europesays.com\/es\/265059\/"},"modified":"2025-12-01T07:54:15","modified_gmt":"2025-12-01T07:54:15","slug":"eduardo-casanova-feminiza-a-los-vampiros-en-su-nueva-serie-el-silencio-que-viven-hoy-las-personas-con-vih-es-terrorifico-series-de-television","status":"publish","type":"post","link":"https:\/\/www.europesays.com\/es\/265059\/","title":{"rendered":"Eduardo Casanova feminiza a los vampiros en su nueva serie: \u201cEl silencio que viven hoy las personas con VIH es terror\u00edfico\u201d | Series de Televisi\u00f3n"},"content":{"rendered":"<p class=\"\"><a href=\"https:\/\/elpais.com\/icon\/2024-11-20\/eduardo-casanova-me-siento-profundamente-feo-todos-los-dias.html\" target=\"_self\" rel=\"nofollow noopener\" title=\"https:\/\/elpais.com\/icon\/2024-11-20\/eduardo-casanova-me-siento-profundamente-feo-todos-los-dias.html\">Eduardo Casanova<\/a> (Madrid, 34 a\u00f1os) se disculpa desde la entrada. Le habr\u00eda gustado, dice, tener algo m\u00e1s ordenada y ambientada su casa-oficina-museo-decorado, donde recibe a EL PA\u00cdS en una ma\u00f1ana de noviembre. Aunque lleva a\u00f1o y medio instalado con su pareja en este peque\u00f1o adosado a las afueras de Madrid, <a href=\"https:\/\/elpais.com\/icon\/2024-11-20\/eduardo-casanova-me-siento-profundamente-feo-todos-los-dias.html\" rel=\"nofollow noopener\" target=\"_blank\">su actividad imparable<\/a> apenas le deja tiempo. Cuesta creerlo porque su universo, tan reconocible, lo invade todo. <\/p>\n<p class=\"\">En las paredes y hornacinas del s\u00f3tano donde trabaja conviven modelos anat\u00f3micos, dibujos de enfermedades ven\u00e9reas, un pato disecado de dos cabezas, claquetas y carteles de sus proyectos, su colecci\u00f3n de dentaduras, figuras vintage de La familia Monster y la pr\u00f3tesis de l\u00e1tex que Ana Polvorosa luci\u00f3 en <a href=\"https:\/\/elpais.com\/elpais\/2017\/03\/24\/tentaciones\/1490361024_945661.html\" rel=\"nofollow noopener\" target=\"_blank\">Pieles (2017)<\/a>. Maricarmen, una gatita con cara de ewok, se esconde bajo un sof\u00e1 rosa, color del que Casanova admite estar algo cansado. \u201cEstoy en una fase m\u00e1s verde y sesentera\u201d, comenta mientras se viste para la sesi\u00f3n de fotos, cuyo set montar\u00e1 con mimo su compa\u00f1ero. \u201cLa est\u00e9tica es fundamental\u201d, insiste quien se define como \u201cun guionista y director que a veces act\u00faa por sus amigos\u201d.<\/p>\n<p>M\u00e1s informaci\u00f3n<\/p>\n<p class=\"\">Atento y afectuoso, conversa despu\u00e9s en el mirador de la cocina, en una mesa tomada por mu\u00f1ecos antiguos, para hablar de <a href=\"https:\/\/www.youtube.com\/watch?v=mUAkknEZvSM\" rel=\"nofollow noopener\" target=\"_blank\">Silencio<\/a>, su primera incursi\u00f3n como creador en la ficci\u00f3n seriada. Esta miniserie vamp\u00edrica que Movistar Plus+ <a href=\"https:\/\/elpais.com\/television\/series\/calendario\/\" target=\"_self\" rel=\"nofollow noopener\" title=\"https:\/\/elpais.com\/television\/series\/calendario\/\">estrena este 1 de diciembre<\/a>, D\u00eda Mundial del Sida, aborda <a href=\"https:\/\/elpais.com\/salud-y-bienestar\/2024-11-30\/sara-del-arco-asesora-en-salud-sexual-hay-quien-cree-que-el-vih-no-existe-y-deja-el-tratamiento.html\" rel=\"nofollow noopener\" target=\"_blank\">el estigma del VIH<\/a> con una mezcla de humor, fantas\u00eda y mirada social que Casanova reivindica como parte del nuevo tono que atraviesa su trabajo. Lo hace siguiendo a una familia de vampiras desde la peste negra medieval \u2014que inutiliza la sangre humana\u2014, al estallido del sida en los ochenta y hasta la actualidad. <\/p>\n<p class=\"\"><b>Pregunta.<\/b> \u00bfEsta es su casa-oficina? <\/p>\n<p class=\"\"><b>Respuesta.<\/b> S\u00ed, me he mudado aqu\u00ed de alquiler. Tengo otra casa con hipoteca, que ojal\u00e1 pueda terminar de pagar, pero me fui del centro porque quer\u00eda un poco de campo sin aislarme. Las Navidades en el centro me dan p\u00e1nico. Aqu\u00ed estoy tranquilo; tengo mi museo de los horrores, mis fricadas que solo entiendo yo, y el espacio donde escribo, preproduzco y vivo. Vivo un poco aislado en un decorado m\u00edo. Necesito un entorno as\u00ed para encerrarme en mis pel\u00edculas e inspirarme al escribir, estar rodeado de mis fricadas, cositas de colecci\u00f3n y eso. Pero este \u00faltimo a\u00f1o y medio ha sido una locura de trabajo y a\u00fan no he podido decorar la casa y el despacho como me gusta. <\/p>\n<p class=\"\"><b>P.<\/b> Bastante han hecho. <\/p>\n<p class=\"\"><b>R.<\/b> Uy, me encantar\u00eda que vinieses el a\u00f1o que viene. Dir\u00edas: \u201cAhora entiendo lo que quer\u00eda hacer este loco con la casa\u201d. Me encanta la decoraci\u00f3n y la est\u00e9tica, en mis trabajos se ve, \u00bfno? Y me reivindico como raro porque aceptarse como raro es pol\u00edtico. Y me gusta vivir en una casa donde las cosas no tienen un precio alt\u00edsimo. Estos mu\u00f1ecos de beb\u00e9s de los sesenta para m\u00ed son coleccionismo, igual que las dentaduras o la anatom\u00eda humana, que me flipa. <\/p>\n<p class=\"\"><b>P.<\/b> Abrir un espacio tan personal como su casa para hacer promoci\u00f3n es infrecuente. <\/p>\n<p class=\"\"><b>R.<\/b> Es raro, pero lo suelo hacer. Poca gente lo entiende, pero cuando se hacen este tipo de entrevistas, viene un fot\u00f3grafo y tiene que buscar un sitio bonito. A m\u00ed me gusta ofrec\u00e9rselo. Y tambi\u00e9n es una forma de mostrar mi mundo sin enga\u00f1os: mis pel\u00edculas son as\u00ed y yo soy as\u00ed. Mi cine no es una fachada ni una provocaci\u00f3n; est\u00e9ticamente es completamente real. Raro, pero real. <\/p>\n<p><img decoding=\"auto\" class=\"_re lazyload a_m-h\" height=\"277\"  width=\"414\"  src=\"https:\/\/www.europesays.com\/es\/wp-content\/uploads\/2025\/12\/Q2ZXH73LGFCUPKABMRAFSRABII.jpg\" loading=\"lazy\"\/>Eduardo Casanova, en su casa de Madrid.Pablo Monge<\/p>\n<p class=\"\"><b>P.<\/b> En Sitges dijo que Silencio marcaba el fin de una etapa \u201cm\u00e1s pedante\u201d y el inicio de otra con m\u00e1s humor. Adem\u00e1s, es su primera serie. <\/p>\n<p class=\"\"><b>R.<\/b> Mi primera serie como showrunner, guionista y director. Ya dirig\u00ed una serie por encargo <a href=\"https:\/\/elpais.com\/television\/2023-03-13\/no-es-solo-nacho.html\" rel=\"nofollow noopener\" target=\"_blank\">(Nacho, sobre Nacho Vidal)<\/a> , donde pude poner mi sello, pero esta es completamente m\u00eda. As\u00ed que s\u00ed, es mi primera serie m\u00eda. <\/p>\n<p class=\"\"><b>P.<\/b> \u00bfPor qu\u00e9 este cambio de tono y de formato ahora? <\/p>\n<p class=\"\"><b>R.<\/b> Aunque suene repetitivo, cada vez que terminas un trabajo sientes el fin de una etapa, pero en Silencio el cambio es m\u00e1s evidente: es la primera vez que me decido a hacer una serie y es comedia pura, aunque con contenido social, porque mi trabajo siempre lo tiene. En este caso habla del estigma de las personas con VIH, haciendo un paralelismo con la fantas\u00eda de las vampiras. <\/p>\n<p class=\"\">Estoy en un momento m\u00e1s ligero y menos atormentado. No he estado mucho tiempo atormentado, pero con que lo est\u00e9s una vez ya es much\u00edsimo. Y no es que me apeteciera hacer una comedia, me ha salido as\u00ed. Cuando escribes, te sale lo que tienes dentro. Y me parec\u00eda un tema que puede ser denso y triste, y sobre el que nos falta mucha informaci\u00f3n, as\u00ed que meterle fantas\u00eda y comedia ayuda a que llegue mejor. <\/p>\n<blockquote class=\"a_q\">\n<p>El VIH parece un tema olvidado y no debe serlo\u00bb. <\/p>\n<p>Eduardo Casanova<\/p><\/blockquote>\n<p class=\"\"><b>P.<\/b> En Romer\u00eda, <a href=\"https:\/\/elpais.com\/cultura\/2025-05-21\/carla-simon-cierra-en-cannes-su-trilogia-familiar-romeria-nace-de-la-frustracion-de-no-saber-mucho-sobre-mis-padres.html\" rel=\"nofollow noopener\" target=\"_blank\">Carla Sim\u00f3n tambi\u00e9n aborda el estigma del VIH<\/a>. \u00bfPor qu\u00e9 cree que coinciden ahora dos obras sobre un tema tan inusual? <\/p>\n<p class=\"\"><b>R.<\/b> F\u00edjate que son solo dos obras, pero si analizamos la historia del cine sobre sida o VIH (que son conceptos diferentes), las narrativas siempre son las mismas: memoria, hombres homosexuales, hombres drogadictos, cat\u00e1strofe y muerte. Y creo que estamos a punto de vivir una revoluci\u00f3n. El VIH parece un tema olvidado y no debe serlo. <\/p>\n<p class=\"\">Cuando empez\u00f3 la pandemia en los ochenta, los enfermos y enfermas de sida ten\u00edan que gritar para sobrevivir. Gracias a esos gritos se busc\u00f3 una soluci\u00f3n, aunque tard\u00eda por estigmas como la homofobia o la fobia a las personas que usaban drogas. Lleg\u00f3 una medicaci\u00f3n que, y\u00e9ndome al lenguaje vamp\u00edrico, convierte a las personas en <a href=\"https:\/\/elpais.com\/elpais\/2018\/08\/08\/opinion\/1533746767_380301.html\" rel=\"nofollow noopener\" target=\"_blank\">indetectables, e intransmisibles<\/a>. A nivel m\u00e9dico es muy positivo, pero socialmente el discurso sigue siendo el de entonces. Y el silencio que viven hoy las personas con VIH es terror\u00edfico. <\/p>\n<p class=\"\"><b>P.<\/b> En la serie saca el cartel <a href=\"https:\/\/elpais.com\/babelia\/2025-06-14\/silencio-igual-a-muerte-la-contrahistoria-queer-de-carlos-motta.html\" rel=\"nofollow noopener\" target=\"_blank\">\u201csilencio = muerte\u201d<\/a> de los ochenta. <\/p>\n<p class=\"\"><b>R.<\/b> Es el primer eslogan que usan los activistas del grupo Act Up (Act\u00faa). Para hacer esta serie me he tenido que documentar mucho y en este caso una de las productoras es <a href=\"https:\/\/apoyopositivo.org\/\" rel=\"nofollow noopener\" target=\"_blank\">Apoyo Positivo<\/a>, que es una ONG. El avance m\u00e9dico ha sido incre\u00edble: con una pastilla al d\u00eda o un pinchazo cada dos meses no desarrollas sida, eres intransmisible y la medicaci\u00f3n no tiene efectos secundarios, como antes. Pero lo que sucede hoy con quienes viven con VIH en silencio son much\u00edsimos problemas de salud mental: ansiedad, depresi\u00f3n\u2026 Y eso s\u00ed es mortal. Una infecci\u00f3n tratada no supone ning\u00fan peligro para nadie, pero el silencio s\u00ed lo es. <\/p>\n<p class=\"\">Adem\u00e1s, todos conocemos a personas con VIH, pero no sabemos que lo tienen. A cualquiera que lea esta entrevista le puede pasar con un familiar, un mejor amigo o incluso una pareja sexoafectiva. Vivir as\u00ed es tremendo; creo que es algo que est\u00e1 a punto de reventar y que debe reventar. Y adem\u00e1s quiero dejar claro que ni Silencio ni el VIH son un tema exclusivo LGTB, es una enfermedad que nos puede atravesar a todos y todas. <\/p>\n<p class=\"\"><b>P.<\/b> \u00bfCree que persiste el estigma porque el sexo sigue siendo tab\u00fa? <\/p>\n<p class=\"\"><b>R.<\/b> Ese es el motivo. Esto que voy a decir no es para infravalorar ninguna otra, pero hay enfermedades que te convierten en h\u00e9roe al superarlas. El VIH, por venir del sexo, y en gran medida del sexo homosexual, sigue siendo tab\u00fa y te hace culpable de haberlo adquirido, cuando la culpa no existe. <\/p>\n<p class=\"\"><b>P. <\/b>\u00bfHa cambiado su propia percepci\u00f3n tras hacer la serie? <\/p>\n<p class=\"\"><b>R.<\/b> Claro. Me he concienciado much\u00edsimo sobre salud sexual y la falta de informaci\u00f3n; hacer cine implica empaparte del tema para tratarlo con respeto. Y quiero incidir en algo: aunque este sea el eje, la serie es ligera, entretenida y de comedia. No tiene nada que ver con mis trabajos anteriores m\u00e1s densos, es una serie f\u00e1cil de ver. <\/p>\n<p><img decoding=\"auto\" class=\"_re lazyload a_m-h\" height=\"276\"  width=\"414\"  src=\"https:\/\/www.europesays.com\/es\/wp-content\/uploads\/2025\/12\/RSQIES3PZVAHDIAB27FMA7QSDY.jpg\" loading=\"lazy\"\/>El actor y director, Eduardo Casanova, en su casa de Madrid.Pablo Monge<\/p>\n<p class=\"\"><b>P:<\/b> Vuelve a trabajar con varias de sus actrices fetiche. \u00bfExiste ya el concepto de \u201cchicas Casanova\u201d? <\/p>\n<p class=\"\"><b>R.<\/b> No, eso es para Pedro [Almod\u00f3var], que es el maestro; los dem\u00e1s somos aprendices. Y lo de fetiche me suena raro, como si cosificara a actrices que tambi\u00e9n son mis amigas. No son m\u00edas, trabajan con mucha gente y tienen carreras incre\u00edbles. Pero s\u00ed, suelo trabajar con las mismas porque nos entendemos a la perfecci\u00f3n, son muy amigas y, adem\u00e1s, tengo la suerte de que son, creo, las mejores actrices de este pa\u00eds; en concreto, Ana Polvorosa. <\/p>\n<p class=\"\"><b>P.<\/b> Sin desmerecer a ninguna, Mar\u00eda Le\u00f3n hace un trabajo sobrecogedor. <\/p>\n<p class=\"\"><b>R.<\/b> Es espectacular. <\/p>\n<p class=\"\"><b>P.<\/b> \u00bfC\u00f3mo logra el nivel de confianza y compromiso necesarios para que eso ocurra? <\/p>\n<p class=\"\"><b>R.<\/b> Porque Mar\u00eda es mi hermana y Paco [Le\u00f3n] es mi hermano. Conozco a Mar\u00eda desde antes de que fuese actriz, cuando trabajaba en Cortefiel doblando ropa. Hay una entrega y una confianza enormes para los desnudos o los temas complejos, los tratamos desde un lugar muy familiar. Yo quedo con Mar\u00eda, le cuento cosas y le pregunto c\u00f3mo lo ve. A veces ella o Ana me dicen: \u201c\u00bfEsto por qu\u00e9 no lo hacemos as\u00ed?\u201d. Me siento un poco estafador, porque los personajes de Silencio, en concreto los de Mar\u00eda y Ana, deber\u00edamos firmarlos juntos. La construcci\u00f3n de esos personajes es m\u00eda y de ellas. <\/p>\n<p class=\"\">Con las dem\u00e1s actrices s\u00ed tengo m\u00e1s responsabilidad, pero el personaje de Mar\u00eda viene de Sevilla. Cuando Mar\u00eda habla de su madre, que <a href=\"https:\/\/elpais.com\/cultura\/2014\/04\/29\/actualidad\/1398793525_405123.html\" rel=\"nofollow noopener\" target=\"_blank\">no es en absoluto Carmina [Barrios]<\/a> en la serie, tiene una fuerza distinta a cuando Luc\u00eda D\u00edez, que est\u00e1 incre\u00edble y es la verdadera protagonista, habla de la suya. Tengo una conexi\u00f3n incre\u00edble con mis amigas y con estas actrices. Me siento afortunado y en deuda. <\/p>\n<p><img decoding=\"auto\" class=\"_re lazyload a_m-h\" height=\"233\"  width=\"414\"  src=\"https:\/\/www.europesays.com\/es\/wp-content\/uploads\/2025\/12\/ITEIX5EI5RBKLJ7UCES4RMC4DI.jpg\" loading=\"lazy\"\/>Imagen promocional de la serie &#8216;Silencio&#8217;, de Eduardo Casanova.Movistar Plus+<\/p>\n<p class=\"\"><b>P:<\/b> Si existiera una segunda temporada \u00bfqu\u00e9 le gustar\u00eda desarrollar? <\/p>\n<p class=\"\"><b>R:<\/b> Ya est\u00e1 escrita. No est\u00e1 confirmada, pero rogar\u00e9 a la plataforma que me deje hacerla. Aun as\u00ed, la decisi\u00f3n final es de los verdaderos jefes y jefas, el p\u00fablico. <\/p>\n<p class=\"\">Hay much\u00edsimas cosas que me gustar\u00eda desarrollar: la problem\u00e1tica del VIH es muy amplia, el vampirismo, que es po\u00e9tico, y cada personaje, que dar\u00eda para un spin-off. Lo que s\u00ed puedo decir, y quienes vean las fotos de esta entrevista lo notar\u00e1n, es que estoy obsesionado con los a\u00f1os sesenta. Me planteo qu\u00e9 pasar\u00eda entonces con esas vampiras tan divertidas. Habr\u00eda que revisar qu\u00e9 pas\u00f3 en esa \u00e9poca en la historia para saber por d\u00f3nde va el tema. Tambi\u00e9n te digo, el p\u00fablico la est\u00e1 pidiendo a gritos. La serie ha tenido un recorrido incre\u00edble por festivales de clase A, como Sitges, Locarno, Mar del Plata o Austin, y todo el mundo dice: \u201c\u00bfYa? Queremos m\u00e1s\u201d. <\/p>\n<blockquote class=\"a_q\">\n<p>\u201cNo soy actor, no me siento a la altura. Yo lo que soy es director de cine\u201d.<\/p>\n<\/blockquote>\n<p class=\"\"><b>P. <\/b>El personaje que le situ\u00f3 en la esfera p\u00fablica <a href=\"https:\/\/elpais.com\/cultura\/2014\/06\/06\/television\/1402077545_361073.html\" target=\"_self\" rel=\"nofollow noopener\" title=\"https:\/\/elpais.com\/cultura\/2014\/06\/06\/television\/1402077545_361073.html\">fue Fidel, en A\u00edda, hace justo 20 a\u00f1os<\/a>. \u00bfQu\u00e9 le dir\u00eda ahora a ese chico que tuvo esa oportunidad, y qu\u00e9 cree que le dir\u00eda \u00e9l a usted? <\/p>\n<p class=\"\"><b>R.<\/b> Le dir\u00eda que no se agobie, que va a lograr por lo que lleva trabajando desde antes de los 12 a\u00f1os, cuando empec\u00e9: dirigir cine. Que no sufra tanto, que lo va a conseguir, porque lo necesita para expresarse; sin eso, lo habr\u00eda tenido muy dif\u00edcil. Y ese chico me dir\u00eda: \u201c\u00a1Venga, r\u00e1pido, corre, m\u00e1s, todo ya!\u201d Y f\u00edjate, esa parte sigue ah\u00ed. <\/p>\n<p class=\"\"><b>P.<\/b> Varias veces ha dicho que no es actor. Cuando hac\u00eda A\u00edda, \u00bfya ten\u00eda al director en mente? <\/p>\n<p class=\"\"><b>R.<\/b> Yo hice A\u00edda porque no pod\u00eda dirigir. Recuerdo a los c\u00e1maras y los directores Jacobo Martos o Nacho Garc\u00eda Velilla grit\u00e1ndome \u201c\u00a1deja la c\u00e1mara, deja el zoom!\u201d, porque ve\u00edan en realizaci\u00f3n que me iba a grabar a los figurantes con las c\u00e1maras de la serie. Yo no soy actor, aunque a veces act\u00fae por diversas circunstancias. Es una profesi\u00f3n que admiro mucho, que me parece muy compleja y no me siento para nada a la altura. Yo lo que soy es director de cine. <\/p>\n","protected":false},"excerpt":{"rendered":"Eduardo Casanova (Madrid, 34 a\u00f1os) se disculpa desde la entrada. Le habr\u00eda gustado, dice, tener algo m\u00e1s ordenada&hellip;\n","protected":false},"author":2,"featured_media":265060,"comment_status":"","ping_status":"","sticky":false,"template":"","format":"standard","meta":{"footnotes":""},"categories":[171],"tags":[1014,1015,16272,65733,146,147,25,24,205,303,8192,8190,8189,47722,23,807,214,2389],"class_list":{"0":"post-265059","1":"post","2":"type-post","3":"status-publish","4":"format-standard","5":"has-post-thumbnail","7":"category-tv","8":"tag-actores","9":"tag-actrices","10":"tag-anos-60","11":"tag-eduardo-casanova","12":"tag-entertainment","13":"tag-entretenimiento","14":"tag-es","15":"tag-espana","16":"tag-madrid","17":"tag-movistar","18":"tag-series-comedia","19":"tag-series-espanolas","20":"tag-series-television","21":"tag-series-terror","22":"tag-spain","23":"tag-television","24":"tag-tv","25":"tag-vih-sida"},"share_on_mastodon":{"url":"https:\/\/pubeurope.com\/@es\/115643237673550429","error":""},"_links":{"self":[{"href":"https:\/\/www.europesays.com\/es\/wp-json\/wp\/v2\/posts\/265059","targetHints":{"allow":["GET"]}}],"collection":[{"href":"https:\/\/www.europesays.com\/es\/wp-json\/wp\/v2\/posts"}],"about":[{"href":"https:\/\/www.europesays.com\/es\/wp-json\/wp\/v2\/types\/post"}],"author":[{"embeddable":true,"href":"https:\/\/www.europesays.com\/es\/wp-json\/wp\/v2\/users\/2"}],"replies":[{"embeddable":true,"href":"https:\/\/www.europesays.com\/es\/wp-json\/wp\/v2\/comments?post=265059"}],"version-history":[{"count":0,"href":"https:\/\/www.europesays.com\/es\/wp-json\/wp\/v2\/posts\/265059\/revisions"}],"wp:featuredmedia":[{"embeddable":true,"href":"https:\/\/www.europesays.com\/es\/wp-json\/wp\/v2\/media\/265060"}],"wp:attachment":[{"href":"https:\/\/www.europesays.com\/es\/wp-json\/wp\/v2\/media?parent=265059"}],"wp:term":[{"taxonomy":"category","embeddable":true,"href":"https:\/\/www.europesays.com\/es\/wp-json\/wp\/v2\/categories?post=265059"},{"taxonomy":"post_tag","embeddable":true,"href":"https:\/\/www.europesays.com\/es\/wp-json\/wp\/v2\/tags?post=265059"}],"curies":[{"name":"wp","href":"https:\/\/api.w.org\/{rel}","templated":true}]}}