{"id":265061,"date":"2025-12-01T07:56:17","date_gmt":"2025-12-01T07:56:17","guid":{"rendered":"https:\/\/www.europesays.com\/es\/265061\/"},"modified":"2025-12-01T07:56:17","modified_gmt":"2025-12-01T07:56:17","slug":"fuego-y-ceniza-recordando-las-palabras-de-bob-iger-magnifica","status":"publish","type":"post","link":"https:\/\/www.europesays.com\/es\/265061\/","title":{"rendered":"Fuego y ceniza recordando las palabras de Bob Iger: \u201cMagn\u00edfica\u201d"},"content":{"rendered":"<p class=\"c-paragraph\">Queda menos de un mes para que Avatar: Fuego y ceniza llegue a las salas, y James Cameron nos lo recuerda compartiendo el gran entusiasmo con el que fue recibida la pel\u00edcula por parte de<b> Bob Iger<\/b>, el m\u00e1ximo responsable de <b>Disney<\/b>.<\/p>\n<p class=\"c-paragraph\"><b>El CEO de Disney <\/b>tuvo la oportunidad de ver en primicia <a href=\"https:\/\/www.hobbyconsolas.com\/hobbycine\/si-avatar-fuego-ceniza-es-un-fracaso-james-cameron-revela-su-plan-b-para-cerrar-saga-antes-tiempo_6903296_0.html\" title=\"\u00bfY si Avatar: Fuego y ceniza es un fracaso? James Cameron revela su plan B para cerrar la saga antes de tiempo\" rel=\"nofollow noopener\" target=\"_blank\">Avatar: Fuego y ceniza<\/a> en una de sus versiones preliminares, cuando todav\u00eda era un largometraje que hac\u00eda honor a su nombre, pues sobrepasaba las tres horas y 20 minutos de duraci\u00f3n sin los cr\u00e9ditos finales.<\/p>\n<p class=\"c-paragraph\">Ahora su duraci\u00f3n no es mucho m\u00e1s reducida, pues se ha confirmado que el corte final de <b>Avatar: Fuego y ceniza<\/b> ser\u00e1 de tres horas y cuarto. Sin embargo, lo que m\u00e1s llama la atenci\u00f3n de la intervenci\u00f3n de <a href=\"\">Bob Iger<\/a> tras el visionado de <b>la pel\u00edcula de James Cameron<\/b> es que no pusiera ninguna pega a su metraje cuando otras personas s\u00ed lo hicieron.<\/p>\n<p>Bob Iger le dio todo su apoyo a James Cameron desde el principio<\/p>\n<p class=\"c-paragraph\">A principios de a\u00f1o ya compartimos que<a href=\"https:\/\/www.hobbyconsolas.com\/noticias\/bob-iger-tambien-ha-visto-avatar-fuego-ceniza-opina-mismo-resto-1450192\" title=\"Bob Iger tambi\u00e9n ha visto Avatar: Fuego y ceniza y opina lo mismo que el resto\" rel=\"nofollow noopener\" target=\"_blank\"> las primeras impresiones de Bob Iger tras ver\u00a0Avatar: Fuego y ceniza<\/a> hab\u00edan sido las de se\u00f1alar que era \u201c<b>absolutamente impresionante<\/b>\u201d. Ahora, <a href=\"https:\/\/www.hobbyconsolas.com\/hobbycine\/avatar-fuego-ceniza-nos-prepara-para-su-inminente-estreno-cines-con-un-nuevo-adelanto_6903864_0.html\" title=\"Avatar: Fuego y ceniza nos prepara para su inminente estreno en cines con un nuevo adelanto\" rel=\"nofollow noopener\" target=\"_blank\">James Cameron<\/a> a\u00f1ade para el podcast <a href=\"https:\/\/x.com\/cosmic_marvel\/status\/1994468502258815041\" rel=\"nofollow noreferrer\" title=\"v\u00eda: cosmic_marvel\" target=\"_blank\">The Town<\/a> que calific\u00f3 a la cinta de \u201cmagn\u00edfica\u201d.<\/p>\n<p class=\"c-paragraph\"><b>James Cameron <\/b>explic\u00f3 que el CEO de Disney era una persona \u201cinteresante\u201d, porque no opin\u00f3 hasta que el cineasta tuvo algo que \u201cmostrar\u201d.<\/p>\n<p class=\"c-paragraph\">\u201cHab\u00eda otras personas en la llamada de Zoom que estaban haciendo comentarios\u201d, record\u00f3 James Cameron. \u201cY \u00e9l dijo: \u201cS\u00ed, ya sabes, no tengo ning\u00fan problema con eso\u201d. Y b\u00e1sicamente <b>rechaz\u00f3 todos sus comentarios<\/b>. Y yo pens\u00e9: \u201cVale, hemos terminado con esto\u201d\u201d.<\/p>\n<p class=\"c-paragraph\">James Cameron estrenar\u00e1 Avatar: Fuego y ceniza en las salas el pr\u00f3ximo <b>19 de noviembre<\/b>, la cinta que cont\u00f3 con el respaldo de Bob Iger desde el primer momento.<\/p>\n","protected":false},"excerpt":{"rendered":"Queda menos de un mes para que Avatar: Fuego y ceniza llegue a las salas, y James Cameron&hellip;\n","protected":false},"author":2,"featured_media":265062,"comment_status":"","ping_status":"","sticky":false,"template":"","format":"standard","meta":{"footnotes":""},"categories":[169],"tags":[3702,177,146,147,25,24,176,65734,13783,5777,175,5043,23],"class_list":{"0":"post-265061","1":"post","2":"type-post","3":"status-publish","4":"format-standard","5":"has-post-thumbnail","7":"category-cine","8":"tag-cameron","9":"tag-cine","10":"tag-entertainment","11":"tag-entretenimiento","12":"tag-es","13":"tag-espana","14":"tag-film","15":"tag-hype","16":"tag-james","17":"tag-levanta","18":"tag-movies","19":"tag-por","20":"tag-spain"},"share_on_mastodon":{"url":"https:\/\/pubeurope.com\/@es\/115643245239728849","error":""},"_links":{"self":[{"href":"https:\/\/www.europesays.com\/es\/wp-json\/wp\/v2\/posts\/265061","targetHints":{"allow":["GET"]}}],"collection":[{"href":"https:\/\/www.europesays.com\/es\/wp-json\/wp\/v2\/posts"}],"about":[{"href":"https:\/\/www.europesays.com\/es\/wp-json\/wp\/v2\/types\/post"}],"author":[{"embeddable":true,"href":"https:\/\/www.europesays.com\/es\/wp-json\/wp\/v2\/users\/2"}],"replies":[{"embeddable":true,"href":"https:\/\/www.europesays.com\/es\/wp-json\/wp\/v2\/comments?post=265061"}],"version-history":[{"count":0,"href":"https:\/\/www.europesays.com\/es\/wp-json\/wp\/v2\/posts\/265061\/revisions"}],"wp:featuredmedia":[{"embeddable":true,"href":"https:\/\/www.europesays.com\/es\/wp-json\/wp\/v2\/media\/265062"}],"wp:attachment":[{"href":"https:\/\/www.europesays.com\/es\/wp-json\/wp\/v2\/media?parent=265061"}],"wp:term":[{"taxonomy":"category","embeddable":true,"href":"https:\/\/www.europesays.com\/es\/wp-json\/wp\/v2\/categories?post=265061"},{"taxonomy":"post_tag","embeddable":true,"href":"https:\/\/www.europesays.com\/es\/wp-json\/wp\/v2\/tags?post=265061"}],"curies":[{"name":"wp","href":"https:\/\/api.w.org\/{rel}","templated":true}]}}