{"id":265065,"date":"2025-12-01T07:58:10","date_gmt":"2025-12-01T07:58:10","guid":{"rendered":"https:\/\/www.europesays.com\/es\/265065\/"},"modified":"2025-12-01T07:58:10","modified_gmt":"2025-12-01T07:58:10","slug":"lenacapavir-y-los-recortes-globales-como-la-falta-de-acceso-y-financiacion-amenazan-la-respuesta-al-vih","status":"publish","type":"post","link":"https:\/\/www.europesays.com\/es\/265065\/","title":{"rendered":"Lenacapavir y los recortes globales: c\u00f3mo la falta de acceso y financiaci\u00f3n amenazan la respuesta al VIH"},"content":{"rendered":"<p> &#13;<br \/>\n&#13;<br \/>\n    &#13;<br \/>\n    \t\t\t\t    &#13;<br \/>\n    &#13;<br \/>\n    &#13;<\/p>\n<p>\tLenacapavir y los recortes globales: c\u00f3mo la falta de acceso y financiaci\u00f3n amenazan la respuesta al VIH | Salud por Derecho<\/p>\n<p><img decoding=\"async\" src=\"https:\/\/www.europesays.com\/es\/wp-content\/uploads\/2025\/11\/logo_vertical_black_.png\" alt=\"logo\"\/><\/p>\n<p>&#13;<br \/>\n\t\t\t\t\t\t<\/a><\/p>\n<p>\t\t\t\t\t\t\t\t&#13;<br \/>\n\t\t<a href=\"#sidr-close\" class=\"dl-trigger dfd-sidr-close\" aria-label=\"Close mobile menu\"\/>&#13;<br \/>\n&#13;<\/p>\n<p>Pol\u00edtica de CookiesEsta web utiliza cookies propias y de terceros para analizar tu navegaci\u00f3n  y ofrecerte un servicio m\u00e1s personalizado acorde a tus intereses. Continuar navegando implica la aceptaci\u00f3n de nuestra <a href=\"https:\/\/saludporderecho.org\/politica-de-cookies\/\" id=\"CONSTANT_OPEN_URL\" target=\"_blank\" class=\"cli-plugin-main-link\" rel=\"nofollow noopener\">Pol\u00edtica de Cookies<\/a>. Tambi\u00e9n hemos actualizado nuestra Pol\u00edtica de Privacidad para adecuarnos a la nueva normativa europea, puedes consultarla en la web. <a role=\"button\" data-cli_action=\"accept\" id=\"cookie_action_close_header\" class=\"large cli-plugin-button cli-plugin-main-button cookie_action_close_header cli_action_button wt-cli-accept-btn\">Aceptar<\/a><\/p>\n<p>Pol\u00edtica de Cookies<\/p>\n<p>\t&#13;<\/p>\n","protected":false},"excerpt":{"rendered":"&#13; &#13; &#13; &#13; &#13; &#13; Lenacapavir y los recortes globales: c\u00f3mo la falta de acceso y financiaci\u00f3n&hellip;\n","protected":false},"author":2,"featured_media":265066,"comment_status":"","ping_status":"","sticky":false,"template":"","format":"standard","meta":{"footnotes":""},"categories":[92],"tags":[25,24,165,65735,13437,166,23,6877,65736],"class_list":{"0":"post-265065","1":"post","2":"type-post","3":"status-publish","4":"format-standard","5":"has-post-thumbnail","7":"category-salud","8":"tag-es","9":"tag-espana","10":"tag-health","11":"tag-lenacapavir","12":"tag-recortes","13":"tag-salud","14":"tag-spain","15":"tag-vih","16":"tag-wad"},"share_on_mastodon":{"url":"https:\/\/pubeurope.com\/@es\/115643253844679919","error":""},"_links":{"self":[{"href":"https:\/\/www.europesays.com\/es\/wp-json\/wp\/v2\/posts\/265065","targetHints":{"allow":["GET"]}}],"collection":[{"href":"https:\/\/www.europesays.com\/es\/wp-json\/wp\/v2\/posts"}],"about":[{"href":"https:\/\/www.europesays.com\/es\/wp-json\/wp\/v2\/types\/post"}],"author":[{"embeddable":true,"href":"https:\/\/www.europesays.com\/es\/wp-json\/wp\/v2\/users\/2"}],"replies":[{"embeddable":true,"href":"https:\/\/www.europesays.com\/es\/wp-json\/wp\/v2\/comments?post=265065"}],"version-history":[{"count":0,"href":"https:\/\/www.europesays.com\/es\/wp-json\/wp\/v2\/posts\/265065\/revisions"}],"wp:featuredmedia":[{"embeddable":true,"href":"https:\/\/www.europesays.com\/es\/wp-json\/wp\/v2\/media\/265066"}],"wp:attachment":[{"href":"https:\/\/www.europesays.com\/es\/wp-json\/wp\/v2\/media?parent=265065"}],"wp:term":[{"taxonomy":"category","embeddable":true,"href":"https:\/\/www.europesays.com\/es\/wp-json\/wp\/v2\/categories?post=265065"},{"taxonomy":"post_tag","embeddable":true,"href":"https:\/\/www.europesays.com\/es\/wp-json\/wp\/v2\/tags?post=265065"}],"curies":[{"name":"wp","href":"https:\/\/api.w.org\/{rel}","templated":true}]}}