{"id":265067,"date":"2025-12-01T07:59:16","date_gmt":"2025-12-01T07:59:16","guid":{"rendered":"https:\/\/www.europesays.com\/es\/265067\/"},"modified":"2025-12-01T07:59:16","modified_gmt":"2025-12-01T07:59:16","slug":"eduardo-mendoza-no-queda-nada-de-la-barcelona-en-la-que-naci","status":"publish","type":"post","link":"https:\/\/www.europesays.com\/es\/265067\/","title":{"rendered":"Eduardo Mendoza: \u201cNo queda nada de la Barcelona en la que nac\u00ed\u201d"},"content":{"rendered":"<p class=\"\">Un espeso bigote blanco avanza por los pasillos de la Feria de Guadalajara, indiferente al efecto que causa a su alrededor. Tras \u00e9l se dibuja una sonrisa afable y p\u00edcara, y una boca que fluye entre el catal\u00e1n y el espa\u00f1ol con la misma naturalidad con la que un vaso vuelca su contenido en otro. En el pa\u00eds de los bigotes, este no es, sin embargo, el bigote de un hombre mexicano, sino el del multipremiado y querido escritor Eduardo Mendoza, sobre el que todav\u00eda pesa el cansancio de un viaje que termin\u00f3 la madrugada anterior. \u201cLa pr\u00f3xima vez, voy a pedir que el premio consista en estar tranquilo\u201d, bromea el flamante <a href=\"https:\/\/elpais.com\/cultura\/2025-05-14\/eduardo-mendoza-gana-el-premio-princesa-de-asturias-de-las-letras.html\" target=\"_self\" rel=\"nofollow noopener\" title=\"https:\/\/elpais.com\/cultura\/2025-05-14\/eduardo-mendoza-gana-el-premio-princesa-de-asturias-de-las-letras.html\">Princesa de Asturias de las Letras<\/a> de camino al sal\u00f3n literario que inaugurar\u00e1 media hora despu\u00e9s. EL PA\u00cdS lo acompa\u00f1a a esta y a las dem\u00e1s actividades de un d\u00eda en el que todo el mundo quiere intercambiar con \u00e9l un beso, un abrazo o apenas unas palabras de cari\u00f1o o admiraci\u00f3n. <\/p>\n<p class=\"\">Mendoza encabeza <a href=\"https:\/\/elpais.com\/cultura\/2025-11-29\/la-barcelona-actual-florece-en-la-fil-de-guadalajara.html\" target=\"_self\" rel=\"nofollow noopener\" title=\"https:\/\/elpais.com\/cultura\/2025-11-29\/la-barcelona-actual-florece-en-la-fil-de-guadalajara.html\">la delegaci\u00f3n de la ciudad invitada<\/a> a un encuentro del que solo tiene cosas buenas que decir. \u201cUna feria es lo contrario de la guerra. La gente se junta, negocia, habla y luego se va a tomar unos vinos, y esto me parece la civilizaci\u00f3n\u201d, afirma optimista. El escritor catal\u00e1n est\u00e1 nervioso por el discurso que dar\u00e1 a continuaci\u00f3n. Le preocupa quedarse corto o pasarse de tiempo, que la gente se aburra, que se quede sin cosas que decir. Su desenvoltura y su humor, sin embargo, apuntan en direcci\u00f3n contraria. El autor barcelon\u00e9s, de 82 a\u00f1os, tiene motivos para la alegr\u00eda. Este a\u00f1o no solo ha sido reconocido con el prestigioso galard\u00f3n espa\u00f1ol, sino que celebra el 50 aniversario de su debut literario, La verdad sobre el caso Savolta, que venci\u00f3 a la censura franquista y puso la primera y decidida piedra en un camino empedrado de \u00e9xitos, aunque \u00e9l se resiste a pensar en ello. \u201cEl tiempo hace cosas muy raras con las personas y con los libros. Este libro ha tenido una vida propia que yo no he controlado y ahora nos volvemos a encontrar: \u00e9l, igual; y yo, 50 a\u00f1os m\u00e1s viejo\u201d, se\u00f1ala. <\/p>\n<p><img decoding=\"auto\" class=\"_re lazyload a_m-h\" height=\"277\"  width=\"414\"  src=\"https:\/\/www.europesays.com\/es\/wp-content\/uploads\/2025\/12\/EZXBAW42JBCFPMMV7XJQWFWG7I.jpg\" loading=\"lazy\"\/>Eduardo Mendoza camina hacia la FIL Guadalajara.Roberto Antill\u00f3n.<\/p>\n<p class=\"\">Ha cambiado mucho en estas cinco d\u00e9cadas, dice, \u201cde arriba abajo\u201d. Quiere pensar, sin embargo, que conserva \u201cla curiosidad, las ganas de aprender\u201d. A veces es f\u00e1cil enga\u00f1ar al tiempo, porque \u201cuno se mira al espejo y no se ve\u201d: solo distingue el paso de los a\u00f1os sobre la piel cuando se topa con una vieja fotograf\u00eda en la televisi\u00f3n. Cosa distinta es su cosmopolita Barcelona natal. \u201cHa cambiado mucho, pero todas las ciudades cambian a una gran velocidad. Van mucho m\u00e1s deprisa las ciudades que las personas\u201d, asegura: \u201cUno mismo no reconoce la ciudad en la que naci\u00f3, porque ya no queda nada de ella. En cambio, de nosotros, s\u00ed\u201d. <\/p>\n<p class=\"\">\u2014\u00bfNo ve nada de la Barcelona de entonces?<\/p>\n<p class=\"\">\u2014No, la recuerdo, pero no la encuentro, porque no est\u00e1, no existe. Existen las piedras, las calles, el metro, pero todo ha cambiado: las relaciones, la forma&#8230;<\/p>\n<p class=\"\">A esa Barcelona que es escenario de su vida y de sus novelas, pero tambi\u00e9n protagonista de ambas y de esta convocatoria de la FIL, le ha dedicado el discurso inaugural, en el que ha hecho <a href=\"https:\/\/elpais.com\/mexico\/2025-11-30\/videoanalisis-tres-libros-para-entender-a-barcelona-invitada-de-honor-en-la-fil.html\" target=\"_self\" rel=\"nofollow noopener\" title=\"https:\/\/elpais.com\/mexico\/2025-11-30\/videoanalisis-tres-libros-para-entender-a-barcelona-invitada-de-honor-en-la-fil.html\">un repaso de la urbe desde la \u00e9poca de los \u00edberos hasta la actualidad<\/a>. \u201cLes contar\u00e9 cosas que no est\u00e1n en las bases de datos, seguramente porque son falsas, pero que forman parte de la memoria colectiva, de la manera que tenemos los barceloneses de ver Barcelona, y de la manera que tienen los forasteros de verla cuando llegan. Una historia imaginaria de la ciudad\u201d, ha prometido, y el p\u00fablico ha re\u00eddo c\u00f3mplice y atento. Muchos har\u00e1n cola m\u00e1s tarde para llevarse su firma estampada en alguno de sus libros, que son muchos y le han granjeado un club de lectores \u201cdevoto y fiel\u201d, en sus palabras, que sigue \u201crenov\u00e1ndose\u201d con cada generaci\u00f3n.<\/p>\n<p><img fetchpriority=\"high\" decoding=\"auto\" class=\"_re  a_m-h\" height=\"277\"  width=\"414\" src=\"https:\/\/www.europesays.com\/es\/wp-content\/uploads\/2025\/12\/FFFOCQTYGRGEXMXXMMW4XMA63Y.jpg\" loading=\"eager\"\/>Eduardo Mendoza  inaugura el Sal\u00f3n Literario durante la FIL Guadalajara.Roberto Antill\u00f3n.<img decoding=\"auto\" class=\"_re lazyload a_m-h\" height=\"277\"  width=\"414\" src=\"https:\/\/www.europesays.com\/es\/wp-content\/uploads\/2025\/12\/2GZO3JTX6ZEINAGCCA3DLSHVEQ.jpg\" loading=\"lazy\"\/>Eduardo Mendoza firma libros durante la FIL Guadalajara.Roberto Antill\u00f3n.<\/p>\n<p class=\"\">Antes de eso, sin embargo, recibir\u00e1 la medalla Carlos Fuentes de la mano de una siempre alegre Silvia Lemus, viuda del escritor mexicano, que no se deja vencer por las dificultades f\u00edsicas. \u201c\u00bfC\u00f3mo eran Carlos Fuentes y Silvia de guapos?\u201c, se dir\u00e1 en voz alta Mendoza al salir del acto, contento, todav\u00eda inmerso en los recuerdos que comparti\u00f3 con sus amigos y que ella misma le ha mencionado al entregarle la insignia de oro. \u201dSe acordaba de la \u00faltima vez que nos vimos, en Barcelona, en una fiesta de cumplea\u00f1os de [la editora] Carmen Balcells, que es la clave de todo\u00bb, relatar\u00e1. Tambi\u00e9n su viejo amigo Carlos Ruiz Zaf\u00f3n, ya fallecido, volver\u00e1 a su mente a trav\u00e9s de un programa en un pasillo que anuncia su homenaje y que hace que su mirada se ilumine y sus ojos se abran.<\/p>\n<p class=\"\">Lo que le obsesiona al autor de La ciudad de los prodigios (1986), confesar\u00e1 despu\u00e9s el escritor, no son las novelas ni las tramas que discurren en ellas. Es la sucesi\u00f3n y el sonido de las oraciones, una unidad de medida corta y compacta que sin embargo lo contiene todo. \u201cSolo me interesa que quede bien la frase. Ni siquiera el libro, la frase. Y cuando tengo una frase, estoy contento y me pongo a escribir la siguiente, y as\u00ed voy escribiendo. Llevo 20 libros escritos, pero siempre de frase en frase\u201d, revela, y despu\u00e9s matiza: \u201cBueno, y que las frases est\u00e9n dentro de alguna estructura, de un peque\u00f1o discurso, pero la acci\u00f3n es secundaria, lo importante es el di\u00e1logo, la descripci\u00f3n\u201d. Porque lo que a \u00e9l le gusta, sintetiza finalmente, es \u201cla literatura\u201d.<\/p>\n<p class=\"\">Tambi\u00e9n las palomas, el famoso c\u00f3ctel mexicano elaborado a base de tequila y jugo de toronja al que se ha ido aficionando de a poquito, como reconocer\u00e1 de camino hacia la cola de seguidores a los que atender\u00e1 alegre y generoso, disimulando, de nuevo, un cansancio que solo reconocer\u00e1 despu\u00e9s. En la fila hay parejas j\u00f3venes que le piden una dedicatoria en \u201cel primer libro\u201d que les hicieron leer en la escuela, Sin noticias de Gurb (1990), y parejas mayores con una pila de libros para ellos y todos sus compa\u00f1eros. Se\u00f1oras que le confiesan la \u201cgran ilusi\u00f3n\u201d que les hace conocerle y chicos j\u00f3venes que vuelven por segunda vez a colocarse en la fila despu\u00e9s de hacerse con un ejemplar de un libro distinto. Hay, finalmente, mujeres que resumen, apretadas por el tiempo, lo que todo lector quiere en realidad decirle: \u201cGracias por las historias, y por el humor\u201d. \u00c9l agradece de vuelta, en un gesto apacible y risue\u00f1o que entrecierra sus ojos hasta casi hacerlos desaparecer. <\/p>\n<p><img decoding=\"auto\" class=\"_re lazyload a_m-h\" height=\"277\"  width=\"414\"  src=\"https:\/\/www.europesays.com\/es\/wp-content\/uploads\/2025\/12\/MGGDMFQL5BCPXB5LRBHM2ZETLY.jpg\" loading=\"lazy\"\/>Trinidad Padilla, Silvia Lemus y Eduardo Mendoza en la FIL Guadalajara.Roberto Antill\u00f3n.<\/p>\n","protected":false},"excerpt":{"rendered":"Un espeso bigote blanco avanza por los pasillos de la Feria de Guadalajara, indiferente al efecto que causa&hellip;\n","protected":false},"author":2,"featured_media":265068,"comment_status":"","ping_status":"","sticky":false,"template":"","format":"standard","meta":{"footnotes":""},"categories":[91],"tags":[889,210,1980,47545,146,147,25,1598,24,44274,44273,1804,225,671,8978,1906,23],"class_list":{"0":"post-265067","1":"post","2":"type-post","3":"status-publish","4":"format-standard","5":"has-post-thumbnail","7":"category-entretenimiento","8":"tag-america","9":"tag-barcelona","10":"tag-cataluna","11":"tag-eduardo-mendoza","12":"tag-entertainment","13":"tag-entretenimiento","14":"tag-es","15":"tag-escritores","16":"tag-espana","17":"tag-fil-guadalajara","18":"tag-guadalajara-mexico","19":"tag-latinoamerica","20":"tag-libros","21":"tag-literatura","22":"tag-literatura-espanola","23":"tag-mexico","24":"tag-spain"},"share_on_mastodon":{"url":"https:\/\/pubeurope.com\/@es\/115643258650632421","error":""},"_links":{"self":[{"href":"https:\/\/www.europesays.com\/es\/wp-json\/wp\/v2\/posts\/265067","targetHints":{"allow":["GET"]}}],"collection":[{"href":"https:\/\/www.europesays.com\/es\/wp-json\/wp\/v2\/posts"}],"about":[{"href":"https:\/\/www.europesays.com\/es\/wp-json\/wp\/v2\/types\/post"}],"author":[{"embeddable":true,"href":"https:\/\/www.europesays.com\/es\/wp-json\/wp\/v2\/users\/2"}],"replies":[{"embeddable":true,"href":"https:\/\/www.europesays.com\/es\/wp-json\/wp\/v2\/comments?post=265067"}],"version-history":[{"count":0,"href":"https:\/\/www.europesays.com\/es\/wp-json\/wp\/v2\/posts\/265067\/revisions"}],"wp:featuredmedia":[{"embeddable":true,"href":"https:\/\/www.europesays.com\/es\/wp-json\/wp\/v2\/media\/265068"}],"wp:attachment":[{"href":"https:\/\/www.europesays.com\/es\/wp-json\/wp\/v2\/media?parent=265067"}],"wp:term":[{"taxonomy":"category","embeddable":true,"href":"https:\/\/www.europesays.com\/es\/wp-json\/wp\/v2\/categories?post=265067"},{"taxonomy":"post_tag","embeddable":true,"href":"https:\/\/www.europesays.com\/es\/wp-json\/wp\/v2\/tags?post=265067"}],"curies":[{"name":"wp","href":"https:\/\/api.w.org\/{rel}","templated":true}]}}