{"id":265070,"date":"2025-12-01T08:01:13","date_gmt":"2025-12-01T08:01:13","guid":{"rendered":"https:\/\/www.europesays.com\/es\/265070\/"},"modified":"2025-12-01T08:01:13","modified_gmt":"2025-12-01T08:01:13","slug":"iberia-vueling-y-volotea-salvan-sin-cancelaciones-la-incidencia-en-los-aviones-de-airbus-el-economista","status":"publish","type":"post","link":"https:\/\/www.europesays.com\/es\/265070\/","title":{"rendered":"Iberia, Vueling y Volotea salvan sin cancelaciones la incidencia en los aviones de Airbus &#8211; El Economista"},"content":{"rendered":"<ol>\n<li><a href=\"https:\/\/news.google.com\/rss\/articles\/CBMi-AFBVV95cUxPd3RhZWpuWEFEZEZWX0dKbHZ0SEY3azJYYXBKSHE5bnBaQk5GMjJucVJJT3hoa1hiV3VkNGJvVTJ1N1VNX0NncjREQm9WME9Oa0dhYTN5LTNhOWpBWGtSVGZuREJJVmp2c0hvdVFmM2lzOGFOUElnNzJxRUVmM0VGemh3SjNiMGRBb1FnVFUyNDJpWXJaVWNnSExKeFBzS1RWLUFmVDRoWGg0dDhhSV83M3pqYVF5RFl1bmp4em5kVUp2ZmZzRWM5N01SLW1sR0djcllGS2FKdVdlYWJfR3E4aXFKWWxrdl9mZHIxR1dWdENDRzVtQlFDR9IB4wFBVV95cUxQMkR4em9tZ0xLMVY5SlotdkE2UFh6V1NxUTU4QW9KbTllekE3MlEzMmxCc3RKVGo0OHNHOUtwNmxveDhKNFhESDQ5R2JybjR0Z1FGTmxaeDdUcFUtU0RiNEV1SVNENXV1eElacEROXzF1am44MmJaNWtzTzVOUktuN1JNcWJtbDR3SXpMWV9aRmtYdHB4cXBvcEZsaFRoOUl2VXE5azhUVmc0MzE5TXotSTdwLVpSdURzWndtZkZOeDlFaXcxMHVXbjV3WnNGQVhXLS1mbGRQb2tPUm5fRjkwd2I3RQ?oc=5\" target=\"_blank\" rel=\"nofollow noopener\">Iberia, Vueling y Volotea salvan sin cancelaciones la incidencia en los aviones de Airbus<\/a>&nbsp;&nbsp;El Economista<\/li>\n<li><a href=\"https:\/\/news.google.com\/rss\/articles\/CBMi2wFBVV95cUxPc0dsck1DWjVIdngxT2w2VS1mMFlfeWNSN0pYN0R3T1BCb0lGVHNHazdBOXFrN1RMdml5UkZaaTdLUVVyX3ZTZ3g0Q1N3VkR1OTJ4T2kxU2RkOWZvRnhfZ0FVbk85dFVPdEN0TXZwT0pRVl9pVzhvOUZFQjd3dWlyV2RyeUg2M1JxRlZrR3JWbG9wanFkaWY2N1VDS2IxV0dSYXIyYXQzeE1tRVdVdGlvdHRTbTBpVTdsRVl1SC1xX2tqcEozTGZiQ0RhNVN5bzkzc1E5M1BTT1RvTGfSAfcBQVVfeXFMTTZ6Qkc0T2FkUGNoUGZtNUFsWDQxeG1VaHQzaDFqN05nWFZpS1ZqWjMwLTN1bGJMTGxGN0VuWjJ5SWU0eVNzbW5NUnZwQWt6ZFpEdUFrOE9ZYTlCVjgxZjQ4Ml8wN2RfTXZXbE9QbVlWQ1Nrc091eVU5bmpBWk5SQ2xnYTgzMVl5QTZDUXhBTDVWelNiRmpSYnU1Ny05WTV2V285RHVrZUlNaDVqSjNjbDdzMHFlSmMxeEdjaUtLYXlhaDJXdGxGcEVKT3NhWThDd2lsc0xkOXRwR3liQ0lNcUt4X2hlblpsNXIxVlA0aldXMHFVd0c2Zw?oc=5\" target=\"_blank\" rel=\"nofollow noopener\">Las aerol\u00edneas apuran la actualizaci\u00f3n del \u00absoftware\u00bb de Airbus para evitar cancelaciones<\/a>&nbsp;&nbsp;La Voz de Galicia<\/li>\n<li><a href=\"https:\/\/news.google.com\/rss\/articles\/CBMingFBVV95cUxNV25EdDNQUDV0RkRIeXB4Zm5Za04zLWZiY3hUNHpJNUt4WlYwUVdMT1FTVG1URkdRM1NvdHhKNWJEWUZBMVk1OHJjaVdpb2FhdEYyUVQwVzdELU42bkl6cTM2TjBkWjQyNnFXOVFJUVE4dDJhb3Fsc3NueEZJSWk2UE44c2s5M1R5aFlVNEUxNVRiQklNVHpCRWlmZy1ZQdIBowFBVV95cUxNZ3d4d0FtcjVWemZYcjVXTEd4MkVESmplN3RtUndTby1lTk1CcDE5dl84VGxXMnNDZEh0TDJzM1laQ21hc2RsdF9JbWxnV0V1d0F3a1dpYkV5YW1Jci1ueVB0UVlBb3M2Q1FqQVNhOVgyeDdCVlNTNGlEaWUxbi05NjliaXNQeEJEWHR6dWtYUnlJZ0ZPSnVJTUtLUVZUR3diUUln?oc=5\" target=\"_blank\" rel=\"nofollow noopener\">Airbus sustituir\u00e1 un programa de vuelo en la mitad de sus A320, los m\u00e1s vendidos<\/a>&nbsp;&nbsp;El Confidencial<\/li>\n<li><a href=\"https:\/\/news.google.com\/rss\/articles\/CBMirwFBVV95cUxOX0hyWWE4cWMtb1FGLWVxa0o3WWUyQjF6aVEwQ2JXSmNYMkI3TVRSWm1CYy1rUllOMW50QzhoWm44VGZJdUNuSDNxLXA2OTdJb2l1X2RMRi1EeDVQd1ZyMVNRZXJUVmpDMG9paDBiQVpWSFVHSkhIb1NBUFFSYk1MYW1lbTlUcWMxNWRZZ2FOT3VwclhfVFo5ZzFYSThEcVBjWTFZaldOaUNIbzRJc0Jr?oc=5\" target=\"_blank\" rel=\"nofollow noopener\">El fallo tecnol\u00f3gico que dej\u00f3 en tierra al avi\u00f3n m\u00e1s vendido<\/a>&nbsp;&nbsp;La Verdad<\/li>\n<li><a href=\"https:\/\/news.google.com\/rss\/articles\/CBMi9gFBVV95cUxOVXV6b2JyOEl4NG1xNm11dFVLaEZoUmRIRW9Id3RxX1M5TE50NEFndXVka0t0S0VfTjNINXQwTXhybGx0eFBYX1dMMW9nUlRHU1gyMlVqNHFmakw1dFJVbXdrU19ZTW5XMDFsOVRBcklyNFZ6RjdUNWJDNjFwblBlNFBvOVdOTlJ6dEI2b3F5SDYwb1RoVHR6RmdCc1JPWVJPZ0pvU2YxRWxrSUI3M3NCZnlFbHRyMUctQWN2Z251NHZlclc0Y3o1NTk0clZGZlRzQWl3QjRlcGk0clhvNm1vR29wbnk3ZGlQNF80dXpHaWFvQXhURGc?oc=5\" target=\"_blank\" rel=\"nofollow noopener\">Un t\u00e9cnico de Airbus enviado a Estambul pone al d\u00eda el avi\u00f3n del Papa, uno de los afectados por el fallo de fabricaci\u00f3n<\/a>&nbsp;&nbsp;EL PA\u00cdS<\/li>\n<\/ol>\n","protected":false},"excerpt":{"rendered":"Iberia, Vueling y Volotea salvan sin cancelaciones la incidencia en los aviones de Airbus&nbsp;&nbsp;El Economista Las aerol\u00edneas apuran&hellip;\n","protected":false},"author":2,"featured_media":248356,"comment_status":"","ping_status":"","sticky":false,"template":"","format":"standard","meta":{"footnotes":""},"categories":[80],"tags":[82,95,94,25,24,23],"class_list":{"0":"post-265070","1":"post","2":"type-post","3":"status-publish","4":"format-standard","5":"has-post-thumbnail","7":"category-economia","8":"tag-business","9":"tag-economia","10":"tag-economy","11":"tag-es","12":"tag-espana","13":"tag-spain"},"share_on_mastodon":{"url":"https:\/\/pubeurope.com\/@es\/115643264771444609","error":""},"_links":{"self":[{"href":"https:\/\/www.europesays.com\/es\/wp-json\/wp\/v2\/posts\/265070","targetHints":{"allow":["GET"]}}],"collection":[{"href":"https:\/\/www.europesays.com\/es\/wp-json\/wp\/v2\/posts"}],"about":[{"href":"https:\/\/www.europesays.com\/es\/wp-json\/wp\/v2\/types\/post"}],"author":[{"embeddable":true,"href":"https:\/\/www.europesays.com\/es\/wp-json\/wp\/v2\/users\/2"}],"replies":[{"embeddable":true,"href":"https:\/\/www.europesays.com\/es\/wp-json\/wp\/v2\/comments?post=265070"}],"version-history":[{"count":0,"href":"https:\/\/www.europesays.com\/es\/wp-json\/wp\/v2\/posts\/265070\/revisions"}],"wp:featuredmedia":[{"embeddable":true,"href":"https:\/\/www.europesays.com\/es\/wp-json\/wp\/v2\/media\/248356"}],"wp:attachment":[{"href":"https:\/\/www.europesays.com\/es\/wp-json\/wp\/v2\/media?parent=265070"}],"wp:term":[{"taxonomy":"category","embeddable":true,"href":"https:\/\/www.europesays.com\/es\/wp-json\/wp\/v2\/categories?post=265070"},{"taxonomy":"post_tag","embeddable":true,"href":"https:\/\/www.europesays.com\/es\/wp-json\/wp\/v2\/tags?post=265070"}],"curies":[{"name":"wp","href":"https:\/\/api.w.org\/{rel}","templated":true}]}}