{"id":265073,"date":"2025-12-01T08:03:09","date_gmt":"2025-12-01T08:03:09","guid":{"rendered":"https:\/\/www.europesays.com\/es\/265073\/"},"modified":"2025-12-01T08:03:09","modified_gmt":"2025-12-01T08:03:09","slug":"pilar-bernabe-destapa-las-mentiras-de-salome-pradas-en-salvados-un-ano-sin-hablar-para-acabar-mintiendo-mas-lasexta","status":"publish","type":"post","link":"https:\/\/www.europesays.com\/es\/265073\/","title":{"rendered":"Pilar Bernab\u00e9 destapa las mentiras de Salom\u00e9 Pradas en Salvados: &quot;Un a\u00f1o sin hablar para acabar mintiendo m\u00e1s &#8211; LaSexta"},"content":{"rendered":"<ol>\n<li><a href=\"https:\/\/news.google.com\/rss\/articles\/CBMi_wFBVV95cUxOZTdPMlY2dHdLTUtmdTlWZzdJRzVmVlp0OExGcUxpdjdfQ2RMRjQwUldiaUhYSC0yZXVBZjQwM2RJaVZtQXNVUDE2Mm5naHhxU1ZfSlZUZ01uVHRUT0tnLVF0Uy1aT3lvWWNVRXJld0lhVGN4eG5iRlRrRngxQ2FIN0dtSjZ5TjRURnN6QUhjZXQwcFExaEJnQi1WbnRxcWNySjVTTnZ5YjBnbkdqRFlyUV82UXNuVVZFR19iR1VDSjF0VnNRTXhlU1pSem5YbWV4eURmdjlQX3J2bXNpdmZmWGNBTWhOZnhHLTdWbEtwS1pLQ08zcmJtU2xGczZ4NjTSAf8BQVVfeXFMTzhRVjdoTDRHTVYwTTBXaW5BVXJZaGpFX1JVQnd4NWhoOHExTFc3dkVsbWJWamNFY0tjTGdQd2llczlXUlNFaUhBdEp6UXBQV0x4Ym9NUXpQZEhBN2Zwdko3R0RvcVZTUDRvNkdDWklKdndGZWRYTWlRNWdoNl9sb2F3Z0pqZFdQOVY2d3dnM1E2QXdCZWRIUjFzYlRpMWg4R25Lam02d2liYkpPXzk3N2xkNUR6enhUcGtLQWUwUndvcUd2WWR2TkwzZjR5cExIN0FwMGQ0QktKZXFYQTVVVmZxa2VsU2UyODFESjkzZlpTRVVZbFotSW94aFhnaHYw?oc=5\" target=\"_blank\" rel=\"nofollow noopener\">Pilar Bernab\u00e9 destapa las mentiras de Salom\u00e9 Pradas en Salvados: \u00abUn a\u00f1o sin hablar para acabar mintiendo m\u00e1s<\/a>&nbsp;&nbsp;LaSexta<\/li>\n<li><a href=\"https:\/\/news.google.com\/rss\/articles\/CBMigwJBVV95cUxORjVSNnl4MlQyRUNJUjg4UDByaWZxMkc5eHA3WHFKcTBES1BqZ1BZU2U3RV9TOU51NGhiVWppcHpOSUE1VFBCZFJfeVpDNnl6cHkwVUVodG1NaWFGbDJaWm9NOThwUU9zeXppaWZncnRHenpYVDNmWUltNE44VnV4blM3c0JrUUtOQmtmeWFleDdua202Y0M2MUJBc0lmSTRlbm50UVVTdkZ6aE1mNGV2YlAwWWlDS01IR1p0eWZLU3lUZ3FSOGpwelNnSjdzdGd6LUhRZ0dfd0trNVF0TUxzdURvZWtndndBck9Od19NU1c5cmVxU0N0WDFPdy03empQNG1z?oc=5\" target=\"_blank\" rel=\"nofollow noopener\">Mentiras y verdades de la entrevista a Pradas: ni el ES-Alert se envi\u00f3 por la rotura de Forata ni estaban desinformados en el Cecopi<\/a>&nbsp;&nbsp;EL PA\u00cdS<\/li>\n<li><a href=\"https:\/\/news.google.com\/rss\/articles\/CBMijAFBVV95cUxONnhOS2drWndBanduRXhURGNSVDZwNHlBcGVuWjlvcHBYWVExX0ZJTkZJOWIwd2o3UzRmcmtkSkJ6cld2Tm9tM0dnRldfQWJnQlNFbWVFeGlJSUx3MWk0UnZSU3FNZGRCeURiUXpOQ210aW5BejNoWWtiUlp2THlZQWd4bmpLSzNDS2NladIBjAFBVV95cUxPSXR2cTJMbURYSHU4anpkQnVDNmpUeXlPWlVSX0FwNzh3UUNNdzNTTXV6LWozeTZ5X1hYNlJoa0phbkxUVTlZUGZOVkRaYnliZ19yeUlpQy0xUl9aVEhIdVlldHdDbDhIZFYwZ2U2TU91dnc0UHZ1Z01BdFg0Y3ZrMnVGQjdPZ05Ob3FDQQ?oc=5\" target=\"_blank\" rel=\"nofollow noopener\">Pradas acusa a Maz\u00f3n de ocultarle la comida en el Ventorro: \u00abLe dije que, si no era por m\u00ed, que fuera por las v\u00edctimas y lo contase\u00bb<\/a>&nbsp;&nbsp;El Mundo<\/li>\n<li><a href=\"https:\/\/news.google.com\/rss\/articles\/CBMivwFBVV95cUxORDZvZ0xuLVpfc2RGa0UxOTgtckIyQ3BuUG9fVHQ2MWJ1b0NhUUI1R0RoSTRFczZlamhfT1NjWkNqUWpEeU10VjJNMWozUTFfZmNyNHljX0k4X1BGa3pGOWZMbWV0bzI5MDBQb1JpdXZfejdzUmRGTXJka3ZUTWFtR2gwNnZvZkpBaWRlSFJzaVg0NFNkR3pJRnkyTnVYMkd6d0JKYnhnc1ZDOHp6MkVaZ2JERG0xYVhtZ242dlg0SdIBxAFBVV95cUxQaW5nLWtzaUQtdUk3Yk1ZVjRMUk9sX0FZNmRJTl82Z002bG5qYkdTc3RoNWRsX1hfYUtNTmZreDZReG1iTEVvS25tc3JaclZMek5zOWxmSlJKWU1NcnZfQk56MXVWT3hmWmdDb2xPYU92aWkxMzFnbW1NUDAtTkZJREFRRHVrSmNvMmxlU1R0b01UaW9SdlFSX051c28yWFhTcjZIdUIyVUozZ01CM05uRFFlaDROY2pqd1N0Z1hnSGdLYmxa?oc=5\" target=\"_blank\" rel=\"nofollow noopener\">Salom\u00e9 Pradas: \u201cMaz\u00f3n deber\u00eda haber anulado su agenda y estado en el Cecopi con nosotros\u201d<\/a>&nbsp;&nbsp;La Vanguardia<\/li>\n<li><a href=\"https:\/\/news.google.com\/rss\/articles\/CBMiVEFVX3lxTE1FajU0Wl80V2I0UWQ5TV8zRjBTWDFfaUxhSVdmUF9qNUZ6ZnhzelRVYUh0OWVtQVg2dy1SWm1zdE5uTXJNYmYtSF85OXQ3d2hJM2NMVQ?oc=5\" target=\"_blank\" rel=\"nofollow noopener\">Salom\u00e9 Pradas acusa a Maz\u00f3n de mentir sobre lo que hizo el d\u00eda de la tragedia<\/a>&nbsp;&nbsp;Cadena SER<\/li>\n<\/ol>\n","protected":false},"excerpt":{"rendered":"Pilar Bernab\u00e9 destapa las mentiras de Salom\u00e9 Pradas en Salvados: \u00abUn a\u00f1o sin hablar para acabar mintiendo m\u00e1s&nbsp;&nbsp;LaSexta&hellip;\n","protected":false},"author":2,"featured_media":248356,"comment_status":"","ping_status":"","sticky":false,"template":"","format":"standard","meta":{"footnotes":""},"categories":[8],"tags":[17,18,25,24,13,14,11,19,20,9,10,15,16,23,12,21,22],"class_list":{"0":"post-265073","1":"post","2":"type-post","3":"status-publish","4":"format-standard","5":"has-post-thumbnail","7":"category-espana","8":"tag-breaking-news","9":"tag-breakingnews","10":"tag-es","11":"tag-espana","12":"tag-featured-news","13":"tag-featurednews","14":"tag-headlines","15":"tag-latest-news","16":"tag-latestnews","17":"tag-news","18":"tag-noticias","19":"tag-noticias-destacadas","20":"tag-noticiasdestacadas","21":"tag-spain","22":"tag-titulares","23":"tag-ultimas-noticias","24":"tag-ultimasnoticias"},"share_on_mastodon":{"url":"https:\/\/pubeurope.com\/@es\/115643273209569818","error":""},"_links":{"self":[{"href":"https:\/\/www.europesays.com\/es\/wp-json\/wp\/v2\/posts\/265073","targetHints":{"allow":["GET"]}}],"collection":[{"href":"https:\/\/www.europesays.com\/es\/wp-json\/wp\/v2\/posts"}],"about":[{"href":"https:\/\/www.europesays.com\/es\/wp-json\/wp\/v2\/types\/post"}],"author":[{"embeddable":true,"href":"https:\/\/www.europesays.com\/es\/wp-json\/wp\/v2\/users\/2"}],"replies":[{"embeddable":true,"href":"https:\/\/www.europesays.com\/es\/wp-json\/wp\/v2\/comments?post=265073"}],"version-history":[{"count":0,"href":"https:\/\/www.europesays.com\/es\/wp-json\/wp\/v2\/posts\/265073\/revisions"}],"wp:featuredmedia":[{"embeddable":true,"href":"https:\/\/www.europesays.com\/es\/wp-json\/wp\/v2\/media\/248356"}],"wp:attachment":[{"href":"https:\/\/www.europesays.com\/es\/wp-json\/wp\/v2\/media?parent=265073"}],"wp:term":[{"taxonomy":"category","embeddable":true,"href":"https:\/\/www.europesays.com\/es\/wp-json\/wp\/v2\/categories?post=265073"},{"taxonomy":"post_tag","embeddable":true,"href":"https:\/\/www.europesays.com\/es\/wp-json\/wp\/v2\/tags?post=265073"}],"curies":[{"name":"wp","href":"https:\/\/api.w.org\/{rel}","templated":true}]}}