{"id":265074,"date":"2025-12-01T08:04:18","date_gmt":"2025-12-01T08:04:18","guid":{"rendered":"https:\/\/www.europesays.com\/es\/265074\/"},"modified":"2025-12-01T08:04:18","modified_gmt":"2025-12-01T08:04:18","slug":"como-el-vih-surgio-en-africa","status":"publish","type":"post","link":"https:\/\/www.europesays.com\/es\/265074\/","title":{"rendered":"c\u00f3mo el VIH surgi\u00f3 en \u00c1frica"},"content":{"rendered":"<p>Las cronolog\u00edas hist\u00f3ricas del <strong>sida<\/strong> (S\u00edndrome de Inmunodeficiencia Adquirida) y el <strong>VIH<\/strong> (Virus de Inmunodeficiencia Humana) arrancan en 1981, cuando en EE UU se inform\u00f3 del primer grupo de casos que despu\u00e9s se definir\u00eda como el inicio de la <strong>pandemia<\/strong>. Pero el punto de partida de una historia es el final de otra: antes de aquello, el virus circul\u00f3 de forma <strong>silenciosa<\/strong>. \u00bf<strong>Cu\u00e1nto<\/strong> tiempo? \u00bfA <strong>cu\u00e1ntas<\/strong> personas infect\u00f3? \u00bf<strong>D\u00f3nde<\/strong>? Las investigaciones han desvelado los <strong>or\u00edgenes<\/strong> y la historia oculta previa al 81, aunque quedan <strong>inc\u00f3gnitas<\/strong> por resolver.<\/p>\n<p><a id=\"eztoc_1_1\"\/>La historia p\u00fablica<\/p>\n<p>El 5 de junio de <strong>1981<\/strong>, el bolet\u00edn Morbidity and Mortality Weekly Report de los Centros para el Control y la Prevenci\u00f3n de Enfermedades de EE UU (CDC) <a href=\"https:\/\/www.jstor.org\/stable\/23295554\" target=\"_blank\" rel=\"nofollow noopener\">describ\u00eda cinco raros casos<\/a> de <strong>neumon\u00eda<\/strong> bacteriana en hombres <strong>gais<\/strong> de Los \u00c1ngeles, j\u00f3venes y previamente sanos. Bajo el t\u00edtulo \u201cPneumocystis Pneumonia \u2014 Los Angeles\u201d, el CDC suger\u00eda la implicaci\u00f3n de alguna \u201cdisfunci\u00f3n de la <strong>inmunidad<\/strong> celular relacionada con una exposici\u00f3n com\u00fan que predispone a los individuos a <strong>infecciones oportunistas<\/strong> como neumocistosis y candidiasis\u201d.<\/p>\n<p class=\"texto_destacado_central_p\">El 5 de junio de 1981, el bolet\u00edn &#8216;Morbidity and Mortality Weekly Report&#8217; del CDC de EE UU\u00a0describ\u00eda cinco raros casos de neumon\u00eda bacteriana en hombres gais de Los \u00c1ngeles<\/p>\n<p>A ra\u00edz de aquellos primeros <strong>cinco<\/strong> pacientes en EE UU, el CDC cre\u00f3 un equipo de trabajo para investigar el <strong>brote<\/strong> que pronto comenz\u00f3 a recibir alertas de profesionales de la salud, que reportaban casos inusuales similares. Aunque la idea de una <strong>epidemia<\/strong> empezaba a tomar forma, a\u00fan era pronto para reconocer un origen <strong>v\u00edrico<\/strong>. Hoy nos parecer\u00eda inaceptable que el aislamiento del <strong>virus<\/strong> tardara dos a\u00f1os, en comparaci\u00f3n con solo semanas que llev\u00f3 la identificaci\u00f3n y secuenciaci\u00f3n del virus de la <strong>covid-19<\/strong>\u00a0en 2020.<\/p>\n<p>Por fin en la primavera de <strong>1983<\/strong>, el equipo de <strong>Luc Montagnier<\/strong> y <strong>Fran\u00e7oise Barr\u00e9-Sinoussi<\/strong> en el Instituto Pasteur de Par\u00eds <a href=\"https:\/\/pubmed.ncbi.nlm.nih.gov\/6189183\/\" target=\"_blank\" rel=\"nofollow noopener\">public\u00f3 el aislamiento del virus<\/a> que <a href=\"https:\/\/pubmed.ncbi.nlm.nih.gov\/6200936\/\" target=\"_blank\" rel=\"nofollow noopener\">ser\u00eda tambi\u00e9n identificado<\/a> en el laboratorio del estadounidense <strong>Robert Gallo<\/strong>, y que recibir\u00eda nombres diferentes hasta que se adopt\u00f3 el consenso de <strong>VIH<\/strong>. Incluso en tiempos anteriores a internet, el brote s\u00fabito de un nuevo virus desconocido dio pie a <a href=\"https:\/\/theconversation.com\/misinformation-is-a-common-thread-between-the-covid-19-and-hiv-aids-pandemics-with-deadly-consequences-187968\" target=\"_blank\" rel=\"nofollow noopener\">la difusi\u00f3n de <strong>bulos<\/strong> y teor\u00edas de la <strong>conspiraci\u00f3n<\/strong><\/a>.<\/p>\n<p class=\"texto_destacado_central_p\">Incluso en tiempos anteriores a internet, el brote s\u00fabito de un nuevo virus desconocido dio pie a la difusi\u00f3n de bulos y teor\u00edas de la conspiraci\u00f3n<\/p>\n<p>Pero, naturalmente, el virus no surgi\u00f3 de la noche a la ma\u00f1ana ni su aparici\u00f3n fue <strong>repentina<\/strong>, aunque nos lo pudiera parecer. En a\u00f1os posteriores, mientras se encontraban los primeros <strong>tratamientos<\/strong>, tambi\u00e9n comenzaron a responderse algunas <strong>preguntas<\/strong> esenciales sobre el origen del virus. Lo que sigue es el relato b\u00e1sico de la historia <strong>oculta<\/strong> del VIH.<\/p>\n<p>                        <a href=\"https:\/\/www.agenciasinc.es\/Noticias\/Las-personas-con-VIH-ya-pueden-donar-sus-organos-a-otras-que-viven-con-el-virus\" rel=\"nofollow noopener\" target=\"_blank\"><br \/>\n                            <img decoding=\"async\" src=\"https:\/\/www.europesays.com\/es\/wp-content\/uploads\/2025\/12\/Las-personas-con-VIH-ya-pueden-donar-sus-organos-a-otras-que-viven-con-el-virus.jpg\" alt=\"Las personas con VIH ya pueden donar sus \u00f3rganos a otras que viven con el virus\" title=\"Las personas con VIH ya pueden donar sus \u00f3rganos a otras que viven con el virus\" class=\"small_fotoderecha_img\" loading=\"lazy\"\/><br \/>\n                        <\/a><\/p>\n<p><a id=\"eztoc_2_1\"\/>Un virus antiguo de los monos<\/p>\n<p>La historia comienza en un periodo ignoto del <strong>pasado<\/strong>, cuando entre diversas especies de <strong>monos<\/strong> circulaban variantes del que hoy llamamos <strong>Virus de Inmunodeficiencia en Simios<\/strong> (VIS). <a href=\"https:\/\/www.science.org\/doi\/10.1126\/science.1193550\" target=\"_blank\" rel=\"nofollow noopener\">Un estudio de 2010 en la revista Science<\/a> estimaba que el virus podr\u00eda tener al menos 32 000 a\u00f1os de antig\u00fcedad, pero seg\u00fan apunta a SINC la vir\u00f3loga de la Universidad de Pensilvania <strong>Beatrice Hahn<\/strong>, \u201clas muchas, muchas formas del VIS han existido probablemente <a href=\"https:\/\/www.pnas.org\/doi\/full\/10.1073\/pnas.0807873105\" target=\"_blank\" rel=\"nofollow noopener\">durante <strong>millones de a\u00f1os<\/strong><\/a> en los monos, sus hospedadores naturales\u201d.<\/p>\n<p>      <img decoding=\"async\" src=\"https:\/\/www.europesays.com\/es\/wp-content\/uploads\/2025\/11\/1763666232_46_quotebefore.png\"\/><\/p>\n<p>Las muchas, muchas formas del Virus de Inmunodeficiencia en Simios han existido probablemente durante millones de a\u00f1os en los monos<\/p>\n<p>Beatrice Hahn, Universidad de Pensilvania<\/p>\n<p>      <img decoding=\"async\" src=\"https:\/\/www.europesays.com\/es\/wp-content\/uploads\/2025\/11\/1763666232_151_quoteafter.png\"\/><\/p>\n<p>Una peculiaridad de este virus estriba en su capacidad de producir <strong>copias<\/strong> de ADN de su <strong>genoma<\/strong> que se integran en los <strong>cromosomas<\/strong> celulares, causando infecciones <strong>persistentes<\/strong> que aumentan las posibilidades de <strong>contagio<\/strong>, incluso entre especies diferentes y a trav\u00e9s de su v\u00eda de transmisi\u00f3n, la <strong>sangre<\/strong> o fluidos corporales. Por ejemplo, los <strong>chimpanc\u00e9s<\/strong> quedaban expuestos a contraer el VIS a trav\u00e9s de su actividad <strong>depredadora<\/strong> sobre monos m\u00e1s peque\u00f1os.<\/p>\n<p>Y as\u00ed, sucedi\u00f3 que en alg\u00fan momento dos formas distintas del VIS, procedentes respectivamente del <strong>mangabey<\/strong> gris (el linaje llamado <strong>VISrcm<\/strong>) y de un <strong>cercopiteco<\/strong> de nariz blanca (<strong>VISgsn<\/strong>), infectaron a un chimpanc\u00e9, se combinaron y originaron <a href=\"https:\/\/pubmed.ncbi.nlm.nih.gov\/2512955\/\" target=\"_blank\" rel=\"nofollow noopener\">una nueva variante llamada <strong>VIScpz<\/strong><\/a>. Se sabe d\u00f3nde ocurri\u00f3 esto, en el lugar donde estas especies de primates y sus respectivos virus coinciden: \u00c1frica central occidental, en el actual <strong>Camer\u00fan<\/strong>.<\/p>\n<p><a id=\"eztoc_3_1\"\/>Transmisi\u00f3n a los humanos<\/p>\n<p>El citado estudio de 2010 suger\u00eda que un salto de especie del VIS a los chimpanc\u00e9s tuvo lugar <a href=\"https:\/\/www.science.org\/content\/article\/island-monkeys-give-clues-origins-hivs-ancestor\" target=\"_blank\" rel=\"nofollow noopener\">hace al menos <strong>22 000 a\u00f1os<\/strong><\/a>, si bien Hahn subraya que el momento en que se forj\u00f3 el nuevo <strong>virus recombinante<\/strong> en un chimpanc\u00e9 \u201cno puede determinarse con ning\u00fan tipo de certeza\u201d. Fuera cuando fuese, aquella recombinaci\u00f3n que dio lugar al VIScpz dej\u00f3 el escenario listo para el <strong>desastre<\/strong>.<\/p>\n<p class=\"texto_destacado_central_p\">Un salto de especie del VIS a los chimpanc\u00e9s tuvo lugar hace al menos 22 000 a\u00f1os<\/p>\n<p>Las <strong>investigaciones<\/strong> de Hahn y su equipo mostraron no solo que <a href=\"https:\/\/pubmed.ncbi.nlm.nih.gov\/16728595\/\" target=\"_blank\" rel=\"nofollow noopener\">el VIScpz est\u00e1 presente en <strong>chimpanc\u00e9s<\/strong> de Camer\u00fan<\/a> y que <a href=\"https:\/\/www.science.org\/doi\/10.1126\/science.1080657\" target=\"_blank\" rel=\"nofollow noopener\">es producto de la <strong>mezcla<\/strong> de otras dos formas<\/a> procedentes de monos distintos, sino tambi\u00e9n que <a href=\"https:\/\/pubmed.ncbi.nlm.nih.gov\/9989410\/\" target=\"_blank\" rel=\"nofollow noopener\">el VIH proviene del <strong>contagio<\/strong> del VIS a los humanos<\/a>. El virus tuvo <strong>m\u00faltiples<\/strong> ocasiones para saltar a nuestra especie, gracias a la <strong>caza furtiva<\/strong> de monos para consumo de <strong>carne<\/strong> que es pr\u00e1ctica habitual en amplias regiones de \u00c1frica.<\/p>\n<p>Seg\u00fan confirma Hahn, se han documentado <strong>cuatro<\/strong> transmisiones independientes del virus a los humanos, todas ellas en <strong>Camer\u00fan<\/strong>, que dieron lugar a diferentes grupos del <strong>subtipo 1<\/strong> del VIH (<strong>VIH-1<\/strong>): dos del <strong>VIScpz<\/strong> de los chimpanc\u00e9s, que generaron respectivamente los grupos M y N, y otras dos del <strong>VISgor<\/strong> de los <strong>gorilas<\/strong> \u2014que estos adquirieron tambi\u00e9n a partir del VIScpz del chimpanc\u00e9\u2014 que originaron los grupos O y P.<\/p>\n<p class=\"texto_destacado_central_p\">Se han documentado cuatro transmisiones independientes del VIS a los humanos, todas ellas en Camer\u00fan, que dieron lugar a diferentes grupos del VIH-1<\/p>\n<p>A esto se unen otros <strong>nueve<\/strong> saltos a los humanos que no proceden de los chimpanc\u00e9s ni de su variante del virus, sino de la forma <strong>VISsmm<\/strong> del <strong>mangabey<\/strong> de \u00c1frica occidental. Estos contagios dieron lugar a distintos grupos del <strong>VIH-2<\/strong>, un subtipo mayoritariamente africano que tambi\u00e9n causa sida, pero que se considera menos <strong>agresivo<\/strong> y contagioso. Fue el hallazgo del VIH-2 y su similitud con el VIS lo que llev\u00f3 a desentra\u00f1ar el <strong>origen<\/strong> del VIH.<\/p>\n<p>                        <a href=\"https:\/\/www.agenciasinc.es\/Opinion\/No-podemos-permitir-que-el-control-de-la-infeccion-del-VIH-vuelva-a-retroceder-20-anos\" rel=\"nofollow noopener\" target=\"_blank\"><br \/>\n                            <img decoding=\"async\" src=\"https:\/\/www.europesays.com\/es\/wp-content\/uploads\/2025\/12\/No-podemos-permitir-que-el-control-de-la-infeccion-del-VIH-vuelva-a-retroceder-20-anos.jpg\" alt=\"No podemos permitir que el control de la infecci\u00f3n del VIH vuelva a retroceder 20 a\u00f1os\" title=\"No podemos permitir que el control de la infecci\u00f3n del VIH vuelva a retroceder 20 a\u00f1os\" class=\"small_fotoderecha_img\" loading=\"lazy\"\/><br \/>\n                        <\/a><\/p>\n<p><a id=\"eztoc_4_1\"\/>Salto mortal<\/p>\n<p>Sin embargo, de todos estos saltos, <strong>uno<\/strong> solo de ellos fue el responsable de la epidemia declarada en 1981, convertida despu\u00e9s en <strong>pandemia<\/strong> que a\u00fan persiste y que ha causado <a href=\"https:\/\/www.who.int\/news-room\/fact-sheets\/detail\/hiv-aids\" target=\"_blank\" rel=\"nofollow noopener\">m\u00e1s de 44 millones de muertes<\/a>: el <strong>90 %<\/strong> de los casos de sida en todo el mundo se deben al <strong>grupo M<\/strong> del VIH-1. Por ello, puede decirse que la historia del VIH-1 grupo M es la historia del <strong>sida<\/strong>.<\/p>\n<p class=\"texto_destacado_central_p\">De todos los saltos del VIS a los humanos, uno solo de ellos fue el responsable de la epidemia declarada en 1981, convertida despu\u00e9s en pandemia<\/p>\n<p>Pero para que un virus nacido del contagio de un chimpanc\u00e9 a un humano en una <strong>remota<\/strong> selva de Camer\u00fan llegara a conquistar el mundo, fue preciso que su portador lo llevase a un lugar <strong>propicio<\/strong> donde encontr\u00f3 <a href=\"https:\/\/www.science.org\/doi\/10.1126\/science.346.6205.21\" target=\"_blank\" rel=\"nofollow noopener\">una conjunci\u00f3n de factores que <strong>alimentaron<\/strong> su propagaci\u00f3n<\/a>: una <strong>poblaci\u00f3n<\/strong> en aumento, el <strong>ferrocarril<\/strong>, el comercio <strong>sexual<\/strong> y <strong>vacunaciones<\/strong> poco cuidadosas.<\/p>\n<p>\u00bf<strong>Cu\u00e1ndo<\/strong> y <strong>d\u00f3nde<\/strong> sucedi\u00f3 esto? Los estudios <strong>gen\u00e9ticos<\/strong> comparativos de los distintos grupos y cepas del virus han permitido trazar la cronolog\u00eda de su evoluci\u00f3n temprana y situar el momento del <strong>primer<\/strong> contagio en torno a <strong>1920<\/strong>. En cuanto al d\u00f3nde, la pista esencial la proporcion\u00f3 el hallazgo del VIH confirmado <a href=\"https:\/\/www.nature.com\/articles\/35400\" target=\"_blank\" rel=\"nofollow noopener\">con an\u00e1lisis directos de laboratorio<\/a> en varias <strong>muestras<\/strong> africanas anteriores a la pandemia; la m\u00e1s antigua, una muestra an\u00f3nima de sangre que contiene el VIH-1 grupo M, <a href=\"https:\/\/pubmed.ncbi.nlm.nih.gov\/2872424\/\" target=\"_blank\" rel=\"nofollow noopener\">fechada en <strong>1959<\/strong><\/a> en la ciudad de <strong>Leopoldville<\/strong>.<\/p>\n<p><a id=\"eztoc_5_1\"\/>Leopoldville, la cuna del VIH<\/p>\n<p>La antigua capital del Congo Belga, hoy <strong>Kinsasa<\/strong> en la Rep\u00fablica Democr\u00e1tica del Congo (RDC), era entonces una urbe en <strong>crecimiento<\/strong> explosivo, al servir de puerta de entrada a regiones bajo intensa <strong>explotaci\u00f3n<\/strong> colonial como la provincia minera de Katanga. Se calcula que la ciudad ve\u00eda cada a\u00f1o el trasiego de <a href=\"https:\/\/www.bbc.com\/news\/health-29442642\" target=\"_blank\" rel=\"nofollow noopener\">un mill\u00f3n de personas<\/a>, que iban y ven\u00edan de las regiones <strong>mineras<\/strong> por medio de sus <strong>ferrocarriles<\/strong>, abandonados despu\u00e9s de la independencia.<\/p>\n<p class=\"texto_destacado_central_p\">Se calcula que la ciudad ve\u00eda cada a\u00f1o el trasiego de un mill\u00f3n de personas, que iban y ven\u00edan de las regiones mineras por medio de sus ferrocarriles<\/p>\n<p>Semejante tr\u00e1fico humano atra\u00eda otro tipo de negocios: \u201cLas personas trabajadoras <strong>sexuales<\/strong> desempe\u00f1aron un papel sustancial\u201d, comenta a SINC <strong>Jacques P\u00e9pin<\/strong>, epidemi\u00f3logo de la Universidad de Sherbrooke (Canad\u00e1) que ha desgranado extensamente la historia del sida en su libro <strong><a href=\"https:\/\/www.cambridge.org\/core\/books\/origins-of-aids\/2BDB50F42C4E17103286A3043647AA4D\" target=\"_blank\" rel=\"nofollow noopener\">The origins of Aids<\/a><\/strong> (Cambridge University Press, 2011). Las <strong>infecciones<\/strong> campaban a sus anchas, y en las campa\u00f1as de <strong>vacunaci\u00f3n<\/strong> y los <strong>tratamientos<\/strong> se utilizaban <strong>agujas<\/strong> y otros equipos en condiciones no idealmente <strong>as\u00e9pticas<\/strong>.<\/p>\n<p>P\u00e9pin\u00a0<strong>afina<\/strong>\u00a0el c\u00f3mo y el cu\u00e1ndo de aquel primer contagio: \u201cEl VIH-1 probablemente lleg\u00f3 a Leopoldville en\u00a0<strong>1916<\/strong>\u00a0con un\u00a0<strong>soldado<\/strong>\u00a0que regresaba de Camer\u00fan\u201d. En la\u00a0<strong>Primera Guerra Mundial<\/strong>, tropas brit\u00e1nicas, francesas y belgas expulsaron a los alemanes de su colonia de Camer\u00fan. Las investigaciones de P\u00e9pin le llevan a proponer en la\u00a0<a href=\"https:\/\/www.cambridge.org\/core\/books\/origins-of-aids\/55DABB1FAE7EBC2BF6EFEFC4D36D167A\" target=\"_blank\" rel=\"nofollow noopener\">segunda edici\u00f3n<\/a>\u00a0de su libro (2021) que fue uno de los soldados enviados desde el\u00a0<strong>Congo<\/strong>\u00a0quien contrajo el virus en\u00a0<strong>Camer\u00fan<\/strong>. \u201cEstoy seguro en un 99 % de que as\u00ed es como el VIH-1 fue introducido en Leopoldville sin que afectara a Camer\u00fan\u201d, dice.<\/p>\n<p>      <img decoding=\"async\" src=\"https:\/\/www.europesays.com\/es\/wp-content\/uploads\/2025\/11\/1763666232_46_quotebefore.png\"\/><\/p>\n<p>El VIH-1 probablemente lleg\u00f3 a Leopoldville en 1916 con un soldado que regresaba de Camer\u00fan<\/p>\n<p>Jacques P\u00e9pin, epidemi\u00f3logo y autor del libro &#8216;The origins of Aids&#8217;<\/p>\n<p>      <img decoding=\"async\" src=\"https:\/\/www.europesays.com\/es\/wp-content\/uploads\/2025\/11\/1763666232_151_quoteafter.png\"\/><\/p>\n<p><a id=\"eztoc_6_1\"\/>De \u00c1frica a Am\u00e9rica<\/p>\n<p>En d\u00e9cadas <strong>posteriores<\/strong>, la epidemia de sida <a href=\"https:\/\/www.science.org\/doi\/10.1126\/science.1256739\" target=\"_blank\" rel=\"nofollow noopener\">ya corr\u00eda por \u00c1frica<\/a> cuando hacia <strong>1966<\/strong> un profesor haitiano desplazado al Congo llev\u00f3 la enfermedad de regreso a su pa\u00eds. Desde <strong>Hait\u00ed<\/strong>, el virus viaj\u00f3 a <strong>EE UU<\/strong> poco despu\u00e9s; pero, al contrario de lo que en su d\u00eda se divulg\u00f3 y aparec\u00eda en los primeros libros que popularizaron la historia de la enfermedad, el asistente de vuelo canadiense <strong>Ga\u00ebtan Dugas<\/strong> no fue el \u201c<strong>paciente cero<\/strong>\u201d en Norteam\u00e9rica; cuando Dugas contrajo el virus, este estaba ya <strong>extendido<\/strong> entre los colectivos gais de EE UU.<\/p>\n<p class=\"texto_destacado_central_p\">La epidemia de sida ya corr\u00eda por \u00c1frica cuando hacia 1966 un profesor haitiano desplazado al Congo llev\u00f3 la enfermedad de regreso a su pa\u00eds<\/p>\n<p>El largo <strong>periodo de incubaci\u00f3n<\/strong> del VIH y el peque\u00f1o <strong>n\u00famero de casos<\/strong> mantuvieron la enfermedad <strong>bajo el radar <\/strong>durante a\u00f1os. Finalmente, el grupo de cinco casos en Los \u00c1ngeles llam\u00f3 la atenci\u00f3n del CDC y dispar\u00f3 la <strong>alarma<\/strong> que llev\u00f3 al reconocimiento de la epidemia. Y as\u00ed fue como el sida se convertir\u00eda despu\u00e9s en el <strong>azote<\/strong> y el gran <strong>temor<\/strong> de los a\u00f1os 80 y 90 que cambi\u00f3 costumbres y maneras de relacionarse, hasta que por fin los <strong>tratamientos<\/strong> consiguieron mantenerlo a raya.<\/p>\n<p>Con sus m\u00e1rgenes de <strong>incertidumbre<\/strong>, todo lo anterior explica razonablemente lo que sucedi\u00f3 durante los primeros tiempos del sida. Pero quedan <strong>preguntas<\/strong> por responder, sobre todo en lo que se refiere a lo que <strong>no sucedi\u00f3<\/strong>: \u00bfpor qu\u00e9 <strong>solo<\/strong> en Camer\u00fan? \u201c\u00bfEra all\u00ed m\u00e1s elevada la <strong>prevalencia<\/strong> de la infecci\u00f3n por VIScpz y VISgor en los chimpanc\u00e9s y gorilas salvajes?\u201d, se pregunta Hahn. Y \u00bfpor qu\u00e9 <strong>solo<\/strong> el VIH-1 grupo M? \u201c\u00bfEstaba esta cepa <strong>preadaptada<\/strong> de alg\u00fan modo a los humanos, o encontr\u00f3 menos <strong>impedimentos<\/strong> para su transmisi\u00f3n?\u201d, reflexiona.<\/p>\n<p class=\"texto_destacado_central_p\">El largo periodo de incubaci\u00f3n del VIH y el peque\u00f1o n\u00famero de casos mantuvieron la enfermedad bajo el radar durante a\u00f1os<\/p>\n<p>Hahn a\u00f1ade que otra <strong>subespecie<\/strong> diferente de chimpanc\u00e9 de la que dio origen al virus M tambi\u00e9n est\u00e1 end\u00e9micamente <strong>infectada<\/strong> con el VIScpz, \u201cpero este virus <strong>nunca<\/strong> se ha encontrado en los humanos. La caza furtiva est\u00e1 extendida en \u00c1frica. \u00bfPor qu\u00e9 esta cepa no lo <strong>consigui\u00f3<\/strong>?\u201d. P\u00e9pin menciona el misterio de por qu\u00e9 un <strong>subtipo<\/strong> del virus M llamado <strong>B<\/strong> es el m\u00e1s prevalente en <strong>Norteam\u00e9rica<\/strong>, el <strong>Caribe<\/strong> y <strong>Europa<\/strong>, pero curiosamente apenas existe en la RDC. <strong>Inc\u00f3gnitas<\/strong> que perduran, cap\u00edtulos todav\u00eda por desenterrar en la historia del VIH.<\/p>\n","protected":false},"excerpt":{"rendered":"Las cronolog\u00edas hist\u00f3ricas del sida (S\u00edndrome de Inmunodeficiencia Adquirida) y el VIH (Virus de Inmunodeficiencia Humana) arrancan en&hellip;\n","protected":false},"author":2,"featured_media":265075,"comment_status":"","ping_status":"","sticky":false,"template":"","format":"standard","meta":{"footnotes":""},"categories":[5],"tags":[17,18,25,24,13,14,11,19,20,9,10,15,16,23,12,21,22],"class_list":{"0":"post-265074","1":"post","2":"type-post","3":"status-publish","4":"format-standard","5":"has-post-thumbnail","7":"category-titulares","8":"tag-breaking-news","9":"tag-breakingnews","10":"tag-es","11":"tag-espana","12":"tag-featured-news","13":"tag-featurednews","14":"tag-headlines","15":"tag-latest-news","16":"tag-latestnews","17":"tag-news","18":"tag-noticias","19":"tag-noticias-destacadas","20":"tag-noticiasdestacadas","21":"tag-spain","22":"tag-titulares","23":"tag-ultimas-noticias","24":"tag-ultimasnoticias"},"share_on_mastodon":{"url":"https:\/\/pubeurope.com\/@es\/115643277091854490","error":""},"_links":{"self":[{"href":"https:\/\/www.europesays.com\/es\/wp-json\/wp\/v2\/posts\/265074","targetHints":{"allow":["GET"]}}],"collection":[{"href":"https:\/\/www.europesays.com\/es\/wp-json\/wp\/v2\/posts"}],"about":[{"href":"https:\/\/www.europesays.com\/es\/wp-json\/wp\/v2\/types\/post"}],"author":[{"embeddable":true,"href":"https:\/\/www.europesays.com\/es\/wp-json\/wp\/v2\/users\/2"}],"replies":[{"embeddable":true,"href":"https:\/\/www.europesays.com\/es\/wp-json\/wp\/v2\/comments?post=265074"}],"version-history":[{"count":0,"href":"https:\/\/www.europesays.com\/es\/wp-json\/wp\/v2\/posts\/265074\/revisions"}],"wp:featuredmedia":[{"embeddable":true,"href":"https:\/\/www.europesays.com\/es\/wp-json\/wp\/v2\/media\/265075"}],"wp:attachment":[{"href":"https:\/\/www.europesays.com\/es\/wp-json\/wp\/v2\/media?parent=265074"}],"wp:term":[{"taxonomy":"category","embeddable":true,"href":"https:\/\/www.europesays.com\/es\/wp-json\/wp\/v2\/categories?post=265074"},{"taxonomy":"post_tag","embeddable":true,"href":"https:\/\/www.europesays.com\/es\/wp-json\/wp\/v2\/tags?post=265074"}],"curies":[{"name":"wp","href":"https:\/\/api.w.org\/{rel}","templated":true}]}}