{"id":265076,"date":"2025-12-01T08:12:19","date_gmt":"2025-12-01T08:12:19","guid":{"rendered":"https:\/\/www.europesays.com\/es\/265076\/"},"modified":"2025-12-01T08:12:19","modified_gmt":"2025-12-01T08:12:19","slug":"esta-estrella-acb-habla-claro-sobre-el-barca-y-su-interes-me-siento-halagado","status":"publish","type":"post","link":"https:\/\/www.europesays.com\/es\/265076\/","title":{"rendered":"Esta estrella ACB habla claro sobre el Bar\u00e7a y su inter\u00e9s: \u201cMe siento halagado\u201d"},"content":{"rendered":"<p data-gtm-element-container=\"modulo-texto-link\" class=\"paragraph\">Un inoportuno resfriado rasga la voz de <strong>Trae Bell-Haynes<\/strong>. En Zaragoza la rasca aprieta con el traicionero cierzo pero peores vienen los vientos en su <strong>Toronto natal <\/strong>con una nevada anunciando la llegada de diciembre.\u00a0<\/p>\n<p data-gtm-element-container=\"modulo-texto-link\" class=\"paragraph\">Pero la molesta afon\u00eda no impide al base del Casademont Zaragoza tomar la voz cantante en esta selecci\u00f3n de Canad\u00e1 sin jugadores NBA que fluye sin el MVP<strong> Shai Gilgeous-Alexander<\/strong> bajo la direcci\u00f3n de Bell-Haynes en el inicio de las ventanas de clasificaci\u00f3n para el Mundial de 2027. El combinado norteamericano aplast\u00f3 a Bahamas el viernes en el paradis\u00edaco pa\u00eds (75-111) como aviso de lo que le espera esta pr\u00f3xima madrugada en Toronto a una selecci\u00f3n bahame\u00f1a casi desnuda sin sus NBA <strong>Deandre Ayton, Buddy Hield<\/strong> o Eric Gordon.\u00a0<\/p>\n<p>            <img loading=\"lazy\" decoding=\"async\" data-full-src=\"https:\/\/www.mundodeportivo.com\/uploads\/2024\/12\/15\/675f3008b8b9c.jpeg\" alt=\"Horizontal\" width=\"449\" height=\"220\" src=\"https:\/\/www.europesays.com\/es\/wp-content\/uploads\/2025\/12\/675f3008b8b9c.r_d.2070-1380-1085.jpeg\" class=\"lazy\"\/><\/p>\n<p>            \ud83d\udca5<\/p>\n<p>    El jug\u00f3n de Casademont Zaragoza<br \/>\nTrae Bell-Haynes<\/p>\n<p data-gtm-element-container=\"modulo-texto-link\" class=\"paragraph\">La falta de voz tampoco impide al base de 30 a\u00f1os hablar alto y claro sobre su coqueteo con el Bar\u00e7a. El conjunto azulgrana estuvo interesado en fichar a Bell-Haynes el a\u00f1o pasado en el contexto de la lesi\u00f3n de <strong>Nico Laprovittola<\/strong> por estas fechas, pero el canadiense acab\u00f3 renovando por el club aragon\u00e9s hasta 2027. Sin embargo, hace unas semanas Piratas del Basket recog\u00eda una informaci\u00f3n del periodista Nacho Bravo que afirmaba que Bell-Haynes era una de las opciones prioritarias para la posici\u00f3n de base, en la que <strong>Xavi Pascual<\/strong> dispone ahora mismo de <strong>Tomas Satoransky<\/strong>, Nico Laprovitolla -con una lesi\u00f3n muscular-, y Juani Marcos mientras Juan N\u00fa\u00f1ez se recupera de su segunda lesi\u00f3n de rodilla.\u00a0<\/p>\n<p data-gtm-element-container=\"modulo-texto-link\" class=\"paragraph\">\u201cEs un halago obviamente cuando se te liga a algunos de los clubes m\u00e1s grandes de Europa\u201d, dec\u00eda Trae Bell-Haynes ayer a MD tras el entreno de la selecci\u00f3n canadiense antes de recibir a Bahamas. \u201cEs un gran halago, significa que estoy haciendo algo bien. A la vez, y en cuanto a ahora mismo, mi foco no est\u00e1 ni siquiera en Zaragoza o en d\u00f3nde podr\u00eda estar, es en Canad\u00e1, estos 12 o 14 chicos y centr\u00e1ndonos en el siguiente partido\u201d, a\u00f1adi\u00f3 Bell-Haynes.\u00a0<\/p>\n<p data-gtm-element-container=\"modulo-texto-link\" class=\"paragraph\">Las <strong>finanzas,<\/strong> un serio problema para la secci\u00f3n de basket en los \u00faltimos tiempos, habr\u00edan separado al club catal\u00e1n el a\u00f1o pasado de dar el paso final con el base, que tambi\u00e9n fue contundente sobre lo que har\u00eda si la oportunidad de jugar en el FC Barcelona se diera otra vez.<\/p>\n<p data-gtm-element-container=\"modulo-texto-link\" class=\"paragraph\">\u201cSi los <strong>Raptors<\/strong> llamaran, me gustar\u00eda jugar para los Raptors. Lo que quiero decir es que estoy  centrado en el aqu\u00ed y ahora\u201d, agreg\u00f3 la estrella del <strong>Casademont Zaragoza,<\/strong> sin querer entrar a valorar posibles escenarios de futuro.\u00a0<\/p>\n<blockquote class=\"twitter-tweet\" data-lang=\"es\"><p>\n<a href=\"https:\/\/twitter.com\/acbcom\/status\/1733930318065807439?s=46\" rel=\"nofollow noopener\" target=\"_blank\">\n<\/p><\/blockquote>\n<p data-gtm-element-container=\"modulo-texto-link\" class=\"paragraph\">En cualquier caso, Trae Bell-Haynes ha demostrado m\u00e1s de una vez ante el mism\u00edsimo Bar\u00e7a que puede ser un director de orquesta muy v\u00e1lido para el conjunto azulgrana: en diciembre 2023 conden\u00f3 al entonces equipo de <strong>Roger Grimau <\/strong>en Zaragoza con una canasta en el \u00faltimo suspiro (101-199) y en diciembre de 2024 impart\u00eda un cl\u00ednic de baloncesto tambi\u00e9n en el Pr\u00edncipe Felipe de Zaragoza con 35 puntos y 37 de valoraci\u00f3n. El canadiense tiene por costumbre dejar al Bar\u00e7a congelado en diciembre.\u00a0<\/p>\n<p data-gtm-element-container=\"modulo-texto-link\" class=\"paragraph\">El base de<strong> 1,88<\/strong>, en pleno auge de su carrera a sus 30 a\u00f1os, promedia este curso unos magn\u00edficos n\u00fameros de 15 puntos, 2 rebotes y 4,6 asistencias en 25 minutos con un 35,5% en triples, un 83% en tiros libres y un 12,6 de valoraci\u00f3n. Bell-Haynes, una de las grandes estrellas ACB fuera de FC Barcelona y Real Madrid, es la estrella de esta selecci\u00f3n canadiense sin los Gilgeous-Alexander, Jamal Murray, Dillon Brooks y compa\u00f1\u00eda. No est\u00e1 el interior del Real Madrid <strong>Trey Lyles<\/strong> pero s\u00ed otros dos jugadores ACB como Aaron Best (Morabanc Andorra) y Thomas Scrubb (La Laguna Tenerife).\u00a0<\/p>\n<p>El legado de Jordi Fern\u00e1ndez\u00a0<\/p>\n<p data-gtm-element-container=\"modulo-texto-link\" class=\"paragraph\">Canad\u00e1 est\u00e1 viviendo ahora una etapa de transici\u00f3n despu\u00e9s de la salida de Jordi Fern\u00e1ndez, quien renunci\u00f3 oficialmente al cargo de seleccionador canadiense en febrero de este a\u00f1o tras iniciar su etapa como entrenador principal NBA con los <strong>Brooklyn Nets.\u00a0<\/strong><\/p>\n<p data-gtm-element-container=\"modulo-texto-link\" class=\"paragraph\">La federaci\u00f3n canadiense nombr\u00f3 nuevo seleccionador al entrenador del Bayern de M\u00fanich y ex seleccionador alem\u00e1n, un <strong>Gordon Herbert<\/strong> que llev\u00f3 a Alemania a conquistar el Mundial en 2023. Sin embargo, Herbert no asumir\u00e1 sus plenas funciones como seleccionador hasta el verano que viene y el entrenador asistente <strong>Nathaniel Mitchell<\/strong> es quien est\u00e1 al frente de Canad\u00e1 ahora para las ventanas.\u00a0<\/p>\n<p>            <img loading=\"lazy\" decoding=\"async\" data-full-src=\"https:\/\/www.mundodeportivo.com\/uploads\/2024\/07\/31\/66a9bfe0096c5.jpeg\" alt=\"Jordi Fern\u00e1ndez ha dado otro importante paso con Canad\u00e1\" width=\"449\" height=\"220\" src=\"https:\/\/www.europesays.com\/es\/wp-content\/uploads\/2025\/12\/66a9bfe0096c5.jpeg\" class=\"lazy\"\/><\/p>\n<p>            \ud83c\udf96\ufe0f<\/p>\n<p>    Primera medalla para Canad\u00e1 en un Mundial<br \/>\nJordi Fern\u00e1ndez<\/p>\n<p data-gtm-element-container=\"modulo-texto-link\" class=\"paragraph\">Pese al adi\u00f3s de Jordi Fern\u00e1ndez, el t\u00e9cnico de<strong> Badalona<\/strong> dej\u00f3 un legado notable en el pa\u00eds, tanto a nivel de t\u00edtulos con la primera medalla en un Mundial con el <strong>bronce<\/strong> de 2023, como de implementaci\u00f3n de una identidad y manera de hacer las cosas. Bell-Haynes, parte de esa Canad\u00e1 que se subi\u00f3 al podio, valora lo que aprendi\u00f3 del entrenador catal\u00e1n.\u00a0<\/p>\n<p data-gtm-element-container=\"modulo-texto-link\" class=\"paragraph\">\u201cFue su enfoque. Ese era un grupo diferente, muchos chicos NBA jugando en el torneo (y con reglas FIBA). Se centraba s\u00f3lo en lo que era el objetivo para ese d\u00eda, fuera entrenando, en un d\u00eda de partido o de recuperaci\u00f3n, centr\u00e1ndose en mejorar de cualquier manera que pudi\u00e9ramos. Y siendo alguien que no ten\u00eda un gran rol en ese equipo, encontrando maneras de ayudar al equipo sin hacer mucho en la pista. Intent\u00e9 centrarme en ese aspecto, haciendo a los chicos saber contra qui\u00e9n jugaban y cosas as\u00ed\u201d, destac\u00f3 el base del Zaragoza.\u00a0<\/p>\n<p data-gtm-element-container=\"modulo-texto-link\" class=\"paragraph\"><strong>Melvin Ejim<\/strong>, ahora jugador del Hiopos Lleida y entonces de Unicaja, tambi\u00e9n desempe\u00f1\u00f3 un papel fundamental en el logro de Canad\u00e1 al margen de la pista.\u00a0<\/p>\n<p>    Lee tambi\u00e9n<\/p>\n<p data-gtm-element-container=\"modulo-texto-link\" class=\"paragraph\">De aquel equipo tambi\u00e9n form\u00f3 parte como ayudante Nathaniel Mitchell, quien lleva a\u00f1os trabajando como asistente para la selecci\u00f3n canadiense y quien tambi\u00e9n habl\u00f3 de las ideas que trajo <strong>Jordi Fern\u00e1ndez.\u00a0<\/strong><\/p>\n<p data-gtm-element-container=\"modulo-texto-link\" class=\"paragraph\">\u201cAfortunadamente he estado alrededor de varios entrenadores, desde <strong>Jay Triano<\/strong> a ahora Gordie (Gordon Herbert). Esta es mi segunda vez bajo su direcci\u00f3n, cada entrenador ha podido traer mucha riqueza en cuanto a conocimiento y experiencia. Yo intento coger un poco de cada entrenador, s\u00f3lo intento ayudar al programa y ayudar a los entrenadores m\u00e1s j\u00f3venes de este pa\u00eds a progresar. El ritmo de juego de cada entrenador ha sido diferente y \u00e9l (Jordi) ha tra\u00eddo valor en ese tambi\u00e9n\u201d, destac\u00f3 Mitchell, disfrutando estos d\u00edas de la direcci\u00f3n y la batuta de <strong>Trae Bell-Haynes<\/strong>. Qui\u00e9n sabe si lo har\u00e1 tambi\u00e9n <strong>Xavi Pascual <\/strong>alg\u00fan d\u00eda.\u00a0<\/p>\n<p><script async src=\"https:\/\/platform.twitter.com\/widgets.js\" charset=\"utf-8\"><\/script><\/p>\n","protected":false},"excerpt":{"rendered":"Un inoportuno resfriado rasga la voz de Trae Bell-Haynes. En Zaragoza la rasca aprieta con el traicionero cierzo&hellip;\n","protected":false},"author":2,"featured_media":265077,"comment_status":"","ping_status":"","sticky":false,"template":"","format":"standard","meta":{"footnotes":""},"categories":[269],"tags":[299,298,168,25,24,23,167],"class_list":{"0":"post-265076","1":"post","2":"type-post","3":"status-publish","4":"format-standard","5":"has-post-thumbnail","7":"category-baloncesto","8":"tag-baloncesto","9":"tag-basketball","10":"tag-deportes","11":"tag-es","12":"tag-espana","13":"tag-spain","14":"tag-sports"},"share_on_mastodon":{"url":"https:\/\/pubeurope.com\/@es\/115643308972446403","error":""},"_links":{"self":[{"href":"https:\/\/www.europesays.com\/es\/wp-json\/wp\/v2\/posts\/265076","targetHints":{"allow":["GET"]}}],"collection":[{"href":"https:\/\/www.europesays.com\/es\/wp-json\/wp\/v2\/posts"}],"about":[{"href":"https:\/\/www.europesays.com\/es\/wp-json\/wp\/v2\/types\/post"}],"author":[{"embeddable":true,"href":"https:\/\/www.europesays.com\/es\/wp-json\/wp\/v2\/users\/2"}],"replies":[{"embeddable":true,"href":"https:\/\/www.europesays.com\/es\/wp-json\/wp\/v2\/comments?post=265076"}],"version-history":[{"count":0,"href":"https:\/\/www.europesays.com\/es\/wp-json\/wp\/v2\/posts\/265076\/revisions"}],"wp:featuredmedia":[{"embeddable":true,"href":"https:\/\/www.europesays.com\/es\/wp-json\/wp\/v2\/media\/265077"}],"wp:attachment":[{"href":"https:\/\/www.europesays.com\/es\/wp-json\/wp\/v2\/media?parent=265076"}],"wp:term":[{"taxonomy":"category","embeddable":true,"href":"https:\/\/www.europesays.com\/es\/wp-json\/wp\/v2\/categories?post=265076"},{"taxonomy":"post_tag","embeddable":true,"href":"https:\/\/www.europesays.com\/es\/wp-json\/wp\/v2\/tags?post=265076"}],"curies":[{"name":"wp","href":"https:\/\/api.w.org\/{rel}","templated":true}]}}