{"id":265078,"date":"2025-12-01T08:13:13","date_gmt":"2025-12-01T08:13:13","guid":{"rendered":"https:\/\/www.europesays.com\/es\/265078\/"},"modified":"2025-12-01T08:13:13","modified_gmt":"2025-12-01T08:13:13","slug":"insultos-lanzamiento-de-objetos-desenfreno-en-el-coche-y-guino-a-isco","status":"publish","type":"post","link":"https:\/\/www.europesays.com\/es\/265078\/","title":{"rendered":"insultos, lanzamiento de objetos, desenfreno en el coche y gui\u00f1o a Isco"},"content":{"rendered":"<p data-mrf-recirculation=\"Links P\u00e1rrafos\" class=\"ue-c-article__paragraph paragraph xai-icon-container ue-c-article--first-letter-highlighted\">Antony no particip\u00f3 en el <strong>Gran Derbi<\/strong>, pero jug\u00f3 su partido particular fuera del c\u00e9sped. El futbolista, que cumpl\u00eda sanci\u00f3n por la tarjeta roja que vio ante el Villarreal, estuvo muy cerca de su equipo y vivi\u00f3 el encuentro con m\u00e1xima intensidad. El extremo <strong>tuvo un encontronazo con la afici\u00f3n sevillista durante el partido, fue vitoreado por los b\u00e9ticos en el coche<\/strong> y se acord\u00f3 de su amigo Isco.<\/p>\n<p>L\u00edder desde la previa<\/p>\n<p data-mrf-recirculation=\"Links P\u00e1rrafos\" class=\"ue-c-article__paragraph paragraph xai-icon-container\">Antes del partido, <strong>Antony<\/strong> quiso bajar al c\u00e9sped para estar cerca de la plantilla. Protagoniz\u00f3 una charla con <strong>Pablo Garc\u00eda<\/strong> y estuvo junto sus compa\u00f1eros para arengarlos tras finalizar el calentamiento viviendo los minutos previos al derbi como uno m\u00e1s.<\/p>\n<p>Efusividad y encontronazo<\/p>\n<p data-mrf-recirculation=\"Links P\u00e1rrafos\" class=\"ue-c-article__paragraph paragraph xai-icon-container\">Cuando <strong>Pablo Fornals<\/strong> marc\u00f3 el 0-1, Antony no pudo contener su emoci\u00f3n y lo celebr\u00f3 airadamente en el palco desde el que estaba siguiendo el partido. La respuesta de los aficionados del Sevilla que estaban en la zona no se hizo esperar e i<strong>ncreparon al jugador, lo insultaron y llegaron a lanzar alg\u00fan objeto hacia el ventanal que lo separaba de la grada<\/strong>.<\/p>\n<p>L\u00edder de la fiesta<img decoding=\"async\" width=\"1980\" height=\"1320\" class=\"ue-c-article__image lazyload\" alt=\"Antony con una careta de Isco\" loading=\"lazy\" src=\"https:\/\/www.europesays.com\/es\/wp-content\/uploads\/2025\/12\/692cb3e271e79.jpeg\"\/><\/p>\n<p>Antony con una careta de Isco@realbetis<\/p>\n<p data-mrf-recirculation=\"Links P\u00e1rrafos\" class=\"ue-c-article__paragraph paragraph xai-icon-container\">Tras el pitido final, <strong>Antony no tard\u00f3 en bajar al c\u00e9sped y celebrar la victoria junto a sus compa\u00f1eros<\/strong>. Se le vio saltar, disfrutar y tambi\u00e9n recordar a otro de los ausentes:<strong> Isco<\/strong>. El futbolista se pudo una careta del malague\u00f1o y se pase\u00f3 con ella por el Pizju\u00e1n. <strong>\u00abIlum\u00edname GOAT\u00bb<\/strong>, coment\u00f3 el capit\u00e1n del Betis en sus redes sociales.<\/p>\n<p>Locura en el coche<\/p>\n<p data-mrf-recirculation=\"Links P\u00e1rrafos\" class=\"ue-c-article__paragraph paragraph xai-icon-container\">Otro de los momentos de \u00e9xtasis lleg\u00f3 cuando varios aficionados verdiblancos se abalanzaron sobre el<strong> veh\u00edculo particular de Antony<\/strong>. Muchos golpearon la carrocer\u00eda y le dedicaron c\u00e1nticos mientras \u00e9l arengaba desde dentro.<\/p>\n","protected":false},"excerpt":{"rendered":"Antony no particip\u00f3 en el Gran Derbi, pero jug\u00f3 su partido particular fuera del c\u00e9sped. El futbolista, que&hellip;\n","protected":false},"author":2,"featured_media":265079,"comment_status":"","ping_status":"","sticky":false,"template":"","format":"standard","meta":{"footnotes":""},"categories":[268],"tags":[168,25,24,280,282,281,23,167],"class_list":{"0":"post-265078","1":"post","2":"type-post","3":"status-publish","4":"format-standard","5":"has-post-thumbnail","7":"category-futbol","8":"tag-deportes","9":"tag-es","10":"tag-espana","11":"tag-football","12":"tag-futbol","13":"tag-soccer","14":"tag-spain","15":"tag-sports"},"share_on_mastodon":{"url":"https:\/\/pubeurope.com\/@es\/115643312204153930","error":""},"_links":{"self":[{"href":"https:\/\/www.europesays.com\/es\/wp-json\/wp\/v2\/posts\/265078","targetHints":{"allow":["GET"]}}],"collection":[{"href":"https:\/\/www.europesays.com\/es\/wp-json\/wp\/v2\/posts"}],"about":[{"href":"https:\/\/www.europesays.com\/es\/wp-json\/wp\/v2\/types\/post"}],"author":[{"embeddable":true,"href":"https:\/\/www.europesays.com\/es\/wp-json\/wp\/v2\/users\/2"}],"replies":[{"embeddable":true,"href":"https:\/\/www.europesays.com\/es\/wp-json\/wp\/v2\/comments?post=265078"}],"version-history":[{"count":0,"href":"https:\/\/www.europesays.com\/es\/wp-json\/wp\/v2\/posts\/265078\/revisions"}],"wp:featuredmedia":[{"embeddable":true,"href":"https:\/\/www.europesays.com\/es\/wp-json\/wp\/v2\/media\/265079"}],"wp:attachment":[{"href":"https:\/\/www.europesays.com\/es\/wp-json\/wp\/v2\/media?parent=265078"}],"wp:term":[{"taxonomy":"category","embeddable":true,"href":"https:\/\/www.europesays.com\/es\/wp-json\/wp\/v2\/categories?post=265078"},{"taxonomy":"post_tag","embeddable":true,"href":"https:\/\/www.europesays.com\/es\/wp-json\/wp\/v2\/tags?post=265078"}],"curies":[{"name":"wp","href":"https:\/\/api.w.org\/{rel}","templated":true}]}}