{"id":265080,"date":"2025-12-01T08:14:24","date_gmt":"2025-12-01T08:14:24","guid":{"rendered":"https:\/\/www.europesays.com\/es\/265080\/"},"modified":"2025-12-01T08:14:24","modified_gmt":"2025-12-01T08:14:24","slug":"le-bal-en-imagenes-eulalia-de-orleans-borbon-carolina-lansing-nieta-de-carolina-herrera-o-eliza-lindroth-debutan-en-el-gran-baile-de-paris-con-el-fotografo-jonathan-becker-de-testigo","status":"publish","type":"post","link":"https:\/\/www.europesays.com\/es\/265080\/","title":{"rendered":"Le Bal en im\u00e1genes: Eulalia de Orleans-Borb\u00f3n, Carolina Lansing (nieta de Carolina Herrera) o Eliza Lindroth debutan en el gran baile de Par\u00eds con el fot\u00f3grafo Jonathan Becker de testigo"},"content":{"rendered":"<p>La edici\u00f3n de <strong>Le Bal<\/strong> que se celebr\u00f3 anoche en el Hotel Shangri-La de Par\u00eds no solo ha dejado un buen recuerdo a las debutantes, sus chevaliers y sus familias. <a href=\"https:\/\/www.revistavanityfair.es\/articulos\/jonathan-becker-fotos-iconicas-celebridades-lujo-poder\" rel=\"nofollow noopener\" target=\"_blank\">Jonathan Becker<\/a>, uno de los mejores fot\u00f3grafos del mundo, estuvo fotografiando la velada para Vanity Fair y ahora forma parte de su obra.<\/p>\n<p>Estas son algunas de las fotos que tom\u00f3 durante el baile (lea tambi\u00e9n <a href=\"https:\/\/www.revistavanityfair.es\/articulos\/le-bal-debutantes-paris-eulalia-isabelle-orleans-carolina-lansing-bronwyn-vance\" rel=\"nofollow noopener\" target=\"_blank\">aqu\u00ed<\/a> la cr\u00f3nica de Paloma Sim\u00f3n).<\/p>\n","protected":false},"excerpt":{"rendered":"La edici\u00f3n de Le Bal que se celebr\u00f3 anoche en el Hotel Shangri-La de Par\u00eds no solo ha&hellip;\n","protected":false},"author":2,"featured_media":265081,"comment_status":"","ping_status":"","sticky":false,"template":"","format":"standard","meta":{"footnotes":""},"categories":[174],"tags":[255,146,147,25,24,256,36566,4759,492,23],"class_list":{"0":"post-265080","1":"post","2":"type-post","3":"status-publish","4":"format-standard","5":"has-post-thumbnail","7":"category-famosos","8":"tag-celebrities","9":"tag-entertainment","10":"tag-entretenimiento","11":"tag-es","12":"tag-espana","13":"tag-famosos","14":"tag-nobleza","15":"tag-paris","16":"tag-sociedad","17":"tag-spain"},"share_on_mastodon":{"url":"https:\/\/pubeurope.com\/@es\/115643316384732113","error":""},"_links":{"self":[{"href":"https:\/\/www.europesays.com\/es\/wp-json\/wp\/v2\/posts\/265080","targetHints":{"allow":["GET"]}}],"collection":[{"href":"https:\/\/www.europesays.com\/es\/wp-json\/wp\/v2\/posts"}],"about":[{"href":"https:\/\/www.europesays.com\/es\/wp-json\/wp\/v2\/types\/post"}],"author":[{"embeddable":true,"href":"https:\/\/www.europesays.com\/es\/wp-json\/wp\/v2\/users\/2"}],"replies":[{"embeddable":true,"href":"https:\/\/www.europesays.com\/es\/wp-json\/wp\/v2\/comments?post=265080"}],"version-history":[{"count":0,"href":"https:\/\/www.europesays.com\/es\/wp-json\/wp\/v2\/posts\/265080\/revisions"}],"wp:featuredmedia":[{"embeddable":true,"href":"https:\/\/www.europesays.com\/es\/wp-json\/wp\/v2\/media\/265081"}],"wp:attachment":[{"href":"https:\/\/www.europesays.com\/es\/wp-json\/wp\/v2\/media?parent=265080"}],"wp:term":[{"taxonomy":"category","embeddable":true,"href":"https:\/\/www.europesays.com\/es\/wp-json\/wp\/v2\/categories?post=265080"},{"taxonomy":"post_tag","embeddable":true,"href":"https:\/\/www.europesays.com\/es\/wp-json\/wp\/v2\/tags?post=265080"}],"curies":[{"name":"wp","href":"https:\/\/api.w.org\/{rel}","templated":true}]}}