{"id":265082,"date":"2025-12-01T08:15:16","date_gmt":"2025-12-01T08:15:16","guid":{"rendered":"https:\/\/www.europesays.com\/es\/265082\/"},"modified":"2025-12-01T08:15:16","modified_gmt":"2025-12-01T08:15:16","slug":"por-que-el-pintor-de-zamora-diego-beneitez-se-codea-con-joan-miro","status":"publish","type":"post","link":"https:\/\/www.europesays.com\/es\/265082\/","title":{"rendered":"\u00bfPor qu\u00e9 el pintor de Zamora Diego Ben\u00e9itez se codea con Joan Mir\u00f3?"},"content":{"rendered":"<p class=\"ft-text ft-helper-closenews\">El <strong>cuadro <\/strong>titulado \u00abLo que realmente importa\u00bb pintada por el <a class=\"ft-link ft-link--decoration\" href=\"https:\/\/www.laopiniondezamora.es\/zamora\/\" rel=\"nofollow noopener\" target=\"_blank\">zamorano<\/a> <a class=\"ft-link ft-link--decoration\" href=\"https:\/\/www.laopiniondezamora.es\/tags\/diego-beneitez\/\" rel=\"nofollow noopener\" target=\"_blank\">Diego Ben\u00e9itez<\/a> supone una de las piezas de arte adquiridas para la <strong>redecoraci\u00f3n del Parador de Turismo de Ibiza. <\/strong><\/p>\n<p class=\"ft-text\">La pieza, un \u00f3leo sobre tela, pertenece a la <strong>serie de acantilados<\/strong> pintado en el a\u00f1o 2024 ha sido comprado a la galer\u00eda BAT, con la que el zamorano trabaja desde hace tiempo, por 5.650,00 euros m\u00e1s IVA seg\u00fan la resoluci\u00f3n de adjudicaci\u00f3n hecha p\u00fablica.<\/p>\n<p><img decoding=\"async\" src=\"https:\/\/www.europesays.com\/es\/wp-content\/uploads\/2025\/12\/72a63251-c092-4739-b3f4-af070e218c70_alta-libre-aspect-ratio_default_0.jpg\" width=\"1200\" height=\"933\" alt=\"La obra de Diego Ben\u00e9itez adquirida.\" class=\"ft-helper-img-rd\" loading=\"lazy\"\/><\/p>\n<p class=\"ft-helper-fontColor-quaternary ft-helper-fontSize-body-S ft-helper-spacer-t-xxs\">La obra de Diego Ben\u00e9itez adquirida.  \/ Cedida<\/p>\n<p>Otros artistas<\/p>\n<p class=\"ft-text\">Junto a la obra del zamorano para este Parador han seleccionado fotograf\u00edas de <strong>Juan Usl\u00e9<\/strong>, doce grabados de<strong> Juan Escudero<\/strong>, un digigraphie sobre papel baritado de <strong>Pablo Genov\u00e9s,<\/strong> varios cuadros de <a class=\"ft-link ft-link--decoration\" href=\"https:\/\/www.laopiniondezamora.es\/zamora\/2025\/03\/04\/obra-oasis-relajacion-hay-vida-114900736.html\" rel=\"nofollow noopener\" target=\"_blank\">Mar\u00eda Trevi\u00f1o<\/a>, que ha expuesto en la galer\u00eda de arte Espacio 36 de Zamora, dos <a class=\"ft-link ft-link--decoration\" href=\"https:\/\/www.laopiniondezamora.es\/tags\/joan-miro\/\" rel=\"nofollow noopener\" target=\"_blank\"><strong>Joan Mir\u00f3<\/strong><\/a><strong> <\/strong>y cuatro piezas, de distintas t\u00e9cnicas, de <strong>Guinovart <\/strong>junto a esculturas de<strong> Samuel Salcedo<\/strong>, entre otros.<\/p>\n<p class=\"ft-text\">Las piezas \u00abcontribuir\u00e1n al crecimiento y continuidad de la colecci\u00f3n de Paradores con la presencia de artistas espa\u00f1oles o vinculados con Espa\u00f1a\u00bb remarcan.<\/p>\n<p>Trayectoria<\/p>\n<p class=\"ft-text\">Diego Ben\u00e9itez se inici\u00f3 en<strong> la pl\u00e1stica a trav\u00e9s del arte urbano<\/strong> y en estos momentos atesora una trayectoria a nivel nacional e internacional, siendo una<strong> firma habitual de ferias internacionales de arte de Europa y Estados Unidos<\/strong>.<\/p>\n<p class=\"ft-text\">Su trabajo se inspira en el paisaje, pero tambi\u00e9n en el recuerdo y la memoria, un lenguaje en el que lleva varios a\u00f1os investigando lo que ha llevado a fusionar en sus creaciones la figuraci\u00f3n y la abstracci\u00f3n.<\/p>\n<p class=\"ft-text\">Entre los premios que ha conseguido figuran el Climent Muncunill Roca del Museo de Manresa; <strong>finalista en el <\/strong><a class=\"ft-link ft-link--decoration\" href=\"https:\/\/www.laopiniondezamora.es\/zamora\/2015\/10\/27\/zamorano-diego-beneitez-diez-seleccionados-2477620.html\" rel=\"nofollow noopener\" target=\"_blank\">Premio BMW de pintura<\/a> o el Premio de Pintura del Ministerio de Agricultura.<\/p>\n<p class=\"ft-text\">En los \u00faltimos a\u00f1os ha expuesto individualmente en galer\u00edas de Nueva York, Suiza, Suecia y Espa\u00f1a.<\/p>\n<p data-close=\"closedContent\" class=\"subscribeHideForDisplay\">Suscr\u00edbete para seguir leyendo<\/p>\n","protected":false},"excerpt":{"rendered":"El cuadro titulado \u00abLo que realmente importa\u00bb pintada por el zamorano Diego Ben\u00e9itez supone una de las piezas&hellip;\n","protected":false},"author":2,"featured_media":265083,"comment_status":"","ping_status":"","sticky":false,"template":"","format":"standard","meta":{"footnotes":""},"categories":[173],"tags":[229,233,231,230,29697,65739,232,15477,65740,234,146,147,25,24,6079,475,503,23,2946],"class_list":{"0":"post-265082","1":"post","2":"type-post","3":"status-publish","4":"format-standard","5":"has-post-thumbnail","7":"category-arte-y-diseno","8":"tag-arte","9":"tag-arte-y-diseno","10":"tag-arts","11":"tag-arts-and-design","12":"tag-beneitez","13":"tag-codea","14":"tag-design","15":"tag-diego","16":"tag-diego-beneitez","17":"tag-diseno","18":"tag-entertainment","19":"tag-entretenimiento","20":"tag-es","21":"tag-espana","22":"tag-ibiza","23":"tag-pintor","24":"tag-pintura","25":"tag-spain","26":"tag-zamora"},"share_on_mastodon":{"url":"https:\/\/pubeurope.com\/@es\/115643320282286030","error":""},"_links":{"self":[{"href":"https:\/\/www.europesays.com\/es\/wp-json\/wp\/v2\/posts\/265082","targetHints":{"allow":["GET"]}}],"collection":[{"href":"https:\/\/www.europesays.com\/es\/wp-json\/wp\/v2\/posts"}],"about":[{"href":"https:\/\/www.europesays.com\/es\/wp-json\/wp\/v2\/types\/post"}],"author":[{"embeddable":true,"href":"https:\/\/www.europesays.com\/es\/wp-json\/wp\/v2\/users\/2"}],"replies":[{"embeddable":true,"href":"https:\/\/www.europesays.com\/es\/wp-json\/wp\/v2\/comments?post=265082"}],"version-history":[{"count":0,"href":"https:\/\/www.europesays.com\/es\/wp-json\/wp\/v2\/posts\/265082\/revisions"}],"wp:featuredmedia":[{"embeddable":true,"href":"https:\/\/www.europesays.com\/es\/wp-json\/wp\/v2\/media\/265083"}],"wp:attachment":[{"href":"https:\/\/www.europesays.com\/es\/wp-json\/wp\/v2\/media?parent=265082"}],"wp:term":[{"taxonomy":"category","embeddable":true,"href":"https:\/\/www.europesays.com\/es\/wp-json\/wp\/v2\/categories?post=265082"},{"taxonomy":"post_tag","embeddable":true,"href":"https:\/\/www.europesays.com\/es\/wp-json\/wp\/v2\/tags?post=265082"}],"curies":[{"name":"wp","href":"https:\/\/api.w.org\/{rel}","templated":true}]}}