{"id":26509,"date":"2025-08-05T05:00:10","date_gmt":"2025-08-05T05:00:10","guid":{"rendered":"https:\/\/www.europesays.com\/es\/26509\/"},"modified":"2025-08-05T05:00:10","modified_gmt":"2025-08-05T05:00:10","slug":"una-escultura-de-el-pensador-frente-a-la-onu-para-denunciar-la-contaminacion-por-plasticos","status":"publish","type":"post","link":"https:\/\/www.europesays.com\/es\/26509\/","title":{"rendered":"Una escultura de \u00abEl pensador\u00bb frente a la ONU para denunciar la contaminaci\u00f3n por pl\u00e1sticos"},"content":{"rendered":"<p>    <img src=\"https:\/\/www.europesays.com\/es\/wp-content\/uploads\/2025\/08\/68pm7ke-item01-ipad-89783340.jpg\" width=\"1024\" height=\"682\" alt=\"\" loading=\"eager\" decoding=\"sync\" fetchpriority=\"high\"\/><\/p>\n<p>            afp_tickers        <\/p>\n<p>        Este contenido fue publicado en    <\/p>\n<p>        05 agosto 2025 &#8211; 04:37\n<\/p>\n<p>Frente a la sede de la ONU en Ginebra, una reproducci\u00f3n de la famosa escultura de Auguste Rodin \u00abEl pensador\u00bb aparece este lunes sumergida por residuos pl\u00e1sticos, incluyendo envases, botellas, juguetes y redes de pesca.<\/p>\n<p>La instalaci\u00f3n art\u00edstica ef\u00edmera y evolutiva, bautizada como \u00abLa carga del pensador\u00bb, acompa\u00f1ar\u00e1 durante diez d\u00edas las negociaciones que comienzan el martes en Ginebra con el objetivo de elaborar el primer tratado internacional para poner fin a la contaminaci\u00f3n por pl\u00e1sticos en el mundo.<\/p>\n<p>Su autor, el artista y activista canadiense Benjamin Von Wong, espera llamar la atenci\u00f3n de los diplom\u00e1ticos de los 193 pa\u00edses representados en la ONU para que reflexionen sobre \u00abel impacto de la contaminaci\u00f3n pl\u00e1stica en la salud humana\u00bb cuando negocien.<\/p>\n<p>\u00abNo solo por nuestra generaci\u00f3n, sino por todas las generaciones futuras\u00bb, declar\u00f3 el artista a AFP.<\/p>\n<p>\u00abEl pensador\u00bb sostiene en una mano unas botellas de agua o refresco aplastadas, y en la otra, un beb\u00e9 que parece estar en muy mal estado, que representa a la pr\u00f3xima generaci\u00f3n.<\/p>\n<p>\u00abDurante los pr\u00f3ximos diez d\u00edas, iremos a\u00f1adiendo m\u00e1s y m\u00e1s pl\u00e1stico a esta instalaci\u00f3n para mostrar el creciente coste que legaremos a las generaciones futuras si no tomamos medidas urgentes\u00bb, a\u00f1adi\u00f3 el artista.<\/p>\n<p>\u00abSi queremos proteger la salud, debemos pensar en los productos qu\u00edmicos t\u00f3xicos presentes en el medio ambiente. Esperamos un tratado fuerte y ambicioso\u00bb, afirm\u00f3.<\/p>\n<p>Tras el fracaso de las negociaciones de Busan, en Corea del Sur, el pasado mes de diciembre, los delegados se re\u00fanen de nuevo en Ginebra del 5 al 14 de agosto para intentar poner en marcha el primer tratado internacional jur\u00eddicamente vinculante que ponga fin a la contaminaci\u00f3n.<\/p>\n<p>im-rjm-lme\/meb\/mb<\/p>\n","protected":false},"excerpt":{"rendered":"afp_tickers Este contenido fue publicado en 05 agosto 2025 &#8211; 04:37 Frente a la sede de la ONU&hellip;\n","protected":false},"author":2,"featured_media":26510,"comment_status":"","ping_status":"","sticky":false,"template":"","format":"standard","meta":{"footnotes":""},"categories":[42],"tags":[17,18,82,14685,5797,83,14686,756,14687,13,14,11,165,61,62,63,14688,86,64,19,20,14689,9,10,15,16,14690,88,14691,90,12,21,22,14692,14693,65,66,67],"class_list":{"0":"post-26509","1":"post","2":"type-post","3":"status-publish","4":"format-standard","5":"has-post-thumbnail","7":"category-internacional","8":"tag-breaking-news","9":"tag-breakingnews","10":"tag-business","11":"tag-chemicals","12":"tag-culture","13":"tag-diplomacy","14":"tag-energy-and-resource","15":"tag-environment","16":"tag-environmental-pollution","17":"tag-featured-news","18":"tag-featurednews","19":"tag-headlines","20":"tag-health","21":"tag-internacional","22":"tag-international","23":"tag-international-news","24":"tag-international-organisation","25":"tag-international-relations","26":"tag-internationalnews","27":"tag-latest-news","28":"tag-latestnews","29":"tag-manufacturing-and-engineering","30":"tag-news","31":"tag-noticias","32":"tag-noticias-destacadas","33":"tag-noticiasdestacadas","34":"tag-oil-and-gas-upstream-activities","35":"tag-politics","36":"tag-synthetic-and-plastic","37":"tag-ticker","38":"tag-titulares","39":"tag-ultimas-noticias","40":"tag-ultimasnoticias","41":"tag-waste","42":"tag-waste-management-and-pollution-control","43":"tag-world","44":"tag-world-news","45":"tag-worldnews"},"share_on_mastodon":{"url":"","error":""},"_links":{"self":[{"href":"https:\/\/www.europesays.com\/es\/wp-json\/wp\/v2\/posts\/26509","targetHints":{"allow":["GET"]}}],"collection":[{"href":"https:\/\/www.europesays.com\/es\/wp-json\/wp\/v2\/posts"}],"about":[{"href":"https:\/\/www.europesays.com\/es\/wp-json\/wp\/v2\/types\/post"}],"author":[{"embeddable":true,"href":"https:\/\/www.europesays.com\/es\/wp-json\/wp\/v2\/users\/2"}],"replies":[{"embeddable":true,"href":"https:\/\/www.europesays.com\/es\/wp-json\/wp\/v2\/comments?post=26509"}],"version-history":[{"count":0,"href":"https:\/\/www.europesays.com\/es\/wp-json\/wp\/v2\/posts\/26509\/revisions"}],"wp:featuredmedia":[{"embeddable":true,"href":"https:\/\/www.europesays.com\/es\/wp-json\/wp\/v2\/media\/26510"}],"wp:attachment":[{"href":"https:\/\/www.europesays.com\/es\/wp-json\/wp\/v2\/media?parent=26509"}],"wp:term":[{"taxonomy":"category","embeddable":true,"href":"https:\/\/www.europesays.com\/es\/wp-json\/wp\/v2\/categories?post=26509"},{"taxonomy":"post_tag","embeddable":true,"href":"https:\/\/www.europesays.com\/es\/wp-json\/wp\/v2\/tags?post=26509"}],"curies":[{"name":"wp","href":"https:\/\/api.w.org\/{rel}","templated":true}]}}