{"id":265092,"date":"2025-12-01T08:22:16","date_gmt":"2025-12-01T08:22:16","guid":{"rendered":"https:\/\/www.europesays.com\/es\/265092\/"},"modified":"2025-12-01T08:22:16","modified_gmt":"2025-12-01T08:22:16","slug":"este-ha-sido-el-salvado-por-la-audiencia-para-la-siguiente-expulsion-del-jueves","status":"publish","type":"post","link":"https:\/\/www.europesays.com\/es\/265092\/","title":{"rendered":"este ha sido el salvado por la audiencia para la siguiente expulsi\u00f3n del jueves"},"content":{"rendered":"\n<p> La casa de Gran Hermano se prepara para despedir a su pr\u00f3ximo habitante, despu\u00e9s de recortarse las posibilidades a solo tres personas.<strong> Los telespectadores ya han elegido a su primer salvado <\/strong>y da pistas de lo que podr\u00eda ocurrir, seg\u00fan los porcentajes ciegos. <\/p>\n<p> <strong>Joon ha sido el participante que acaba de abandonar la palestra para la expulsi\u00f3n<\/strong>. La misma noche en la que se entera de que es uno de los que estaba expuesto en la zona de peligro, tambi\u00e9n recibe la buena noticia que de que est\u00e1 salvado. Ahora, la eliminaci\u00f3n es cosa de Jos\u00e9 Manuel, Bel\u00e9n y Patricia. <\/p>\n<p> Y los propios protagonistas han podido testar c\u00f3mo se cuece la decisi\u00f3n que est\u00e1 tomando el p\u00fablico. Ion Aramendi ha compartido con la casa la situaci\u00f3n actual y provisional de los porcentajes ciegos, antes de que se produjese la salvaci\u00f3n: <strong>42,7%, 24,6%, 19,9% y 12,8%, siendo este \u00faltimo el que pertenec\u00eda a Joon.<\/strong> <\/p>\n<p> Este jueves, durante la gala oficial con Jorge Javier V\u00e1zquez, la casa conocer\u00e1 a qui\u00e9n pertenece el porcentaje m\u00e1s elevado. Sin embargo, a juzgar <strong>por la cercan\u00eda de las cifras centrales de la palestra, se podr\u00eda decir que no hay nada decidido<\/strong>, ya que, antes de nombrarse al expulsado, otro saldr\u00e1 de la zona de peligro y podr\u00eda ser cualquiera. <\/p>\n<blockquote class=\"twitter-tweet\">\n<p lang=\"es\" dir=\"ltr\">\ud83d\udea8 \u00a1EST\u00c1N EN TUS MANOS! \ud83d\udea8 Entra en la App de <a href=\"https:\/\/twitter.com\/MedInfinityES?ref_src=twsrc%5Etfw\" rel=\"nofollow noopener\" target=\"_blank\">@MedInfinityES<\/a> y VOTA YA <a href=\"https:\/\/twitter.com\/hashtag\/GHDBT4?src=hash&amp;ref_src=twsrc%5Etfw\" rel=\"nofollow noopener\" target=\"_blank\">#GHDBT4<\/a> <a href=\"https:\/\/twitter.com\/hashtag\/GH30N?src=hash&amp;ref_src=twsrc%5Etfw\" rel=\"nofollow noopener\" target=\"_blank\">#GH30N<\/a> <a href=\"https:\/\/t.co\/if05cJfOnN\" rel=\"nofollow\">pic.twitter.com\/if05cJfOnN<\/a><\/p>\n<p>\u2014 Gran Hermano (@ghoficial) <a href=\"https:\/\/twitter.com\/ghoficial\/status\/1995295990966800444?ref_src=twsrc%5Etfw\" rel=\"nofollow noopener\" target=\"_blank\">December 1, 2025<\/a><\/p><\/blockquote>\n<p> Uno de ellos se unir\u00e1 al bando de los perdedores de esta edici\u00f3n, continuando el camino de Sof\u00eda, Noah, Diego, Lorena y Almudena. El voto de la audiencia es m\u00e1s decisivo que nunca, sobre todo despu\u00e9s de vivir momentos totalmente inesperados, <strong>con la expulsi\u00f3n de Aroa, para despu\u00e9s rescatarla, o con el apoyo a \u00cd\u00f1igo, tras ser expulsado de manera fulminante.<\/strong> <\/p>\n<p>              <img decoding=\"async\" class=\"inTextNews__img\" alt=\"Foto: gran-hermano-bronca-super-comida-leche-ejemplo\" src=\"https:\/\/www.europesays.com\/es\/wp-content\/uploads\/2025\/12\/f.elconfidencial.com\/original\/b15\/639\/c89\/b15639c891176c6a170ff02cc088abfa.jpg\"  \/>     <\/p>\n<p>TE PUEDE INTERESAR<\/p>\n<p>      <a class=\"inTextNews__title\" href=\"https:\/\/www.elconfidencial.com\/television\/programas-tv\/2025-12-01\/gran-hermano-bronca-super-comida-leche-ejemplo_4257675\/\" onclick=\"window.ECCO.emit(&#039;amplitude&#039;, { dataEventName: &#039;click_related_article_module&#039;, data: { related_article_url: &#039;https:\/\/www.elconfidencial.com\/television\/programas-tv\/2025-12-01\/gran-hermano-bronca-super-comida-leche-ejemplo_4257675\/&#039;, related_article_author: &#039;Alvaro Rold\u00e1n&#039;, related_article_section: &#039;programas-tv&#039; } })\" rel=\"nofollow noopener\" target=\"_blank\"> \u00abTen\u00e9is que dar ejemplo\u00bb: rega\u00f1ina en directo del S\u00faper de &#8216;Gran Hermano&#8217; por el nulo consumo responsable de comida <\/a>   <\/p>\n<p>    \u00c1. R   <\/p>\n<p> Cualquier poder es imprescindible y es algo que le toca valorar a <strong>Roc\u00edo. La jerezana ha sido la ganadora de un juego de azar que conten\u00eda una tarjeta de oro<\/strong> con un poderoso privilegio: en las siguientes nominaciones tendr\u00e1 el <strong>poder de la liberaci\u00f3n<\/strong>, us\u00e1ndolo para ella misma, si cayese nominada, o para sacar de la lista a otra persona. <\/p>\n<p> La casa de Gran Hermano se prepara para despedir a su pr\u00f3ximo habitante, despu\u00e9s de recortarse las posibilidades a solo tres personas.<strong> Los telespectadores ya han elegido a su primer salvado <\/strong>y da pistas de lo que podr\u00eda ocurrir, seg\u00fan los porcentajes ciegos. <\/p>\n<p>              <script async src=\"https:\/\/platform.twitter.com\/widgets.js\" charset=\"utf-8\"><\/script><\/p>\n","protected":false},"excerpt":{"rendered":"La casa de Gran Hermano se prepara para despedir a su pr\u00f3ximo habitante, despu\u00e9s de recortarse las posibilidades&hellip;\n","protected":false},"author":2,"featured_media":265093,"comment_status":"","ping_status":"","sticky":false,"template":"","format":"standard","meta":{"footnotes":""},"categories":[91],"tags":[146,147,25,24,23],"class_list":{"0":"post-265092","1":"post","2":"type-post","3":"status-publish","4":"format-standard","5":"has-post-thumbnail","7":"category-entretenimiento","8":"tag-entertainment","9":"tag-entretenimiento","10":"tag-es","11":"tag-espana","12":"tag-spain"},"share_on_mastodon":{"url":"https:\/\/pubeurope.com\/@es\/115643347589059222","error":""},"_links":{"self":[{"href":"https:\/\/www.europesays.com\/es\/wp-json\/wp\/v2\/posts\/265092","targetHints":{"allow":["GET"]}}],"collection":[{"href":"https:\/\/www.europesays.com\/es\/wp-json\/wp\/v2\/posts"}],"about":[{"href":"https:\/\/www.europesays.com\/es\/wp-json\/wp\/v2\/types\/post"}],"author":[{"embeddable":true,"href":"https:\/\/www.europesays.com\/es\/wp-json\/wp\/v2\/users\/2"}],"replies":[{"embeddable":true,"href":"https:\/\/www.europesays.com\/es\/wp-json\/wp\/v2\/comments?post=265092"}],"version-history":[{"count":0,"href":"https:\/\/www.europesays.com\/es\/wp-json\/wp\/v2\/posts\/265092\/revisions"}],"wp:featuredmedia":[{"embeddable":true,"href":"https:\/\/www.europesays.com\/es\/wp-json\/wp\/v2\/media\/265093"}],"wp:attachment":[{"href":"https:\/\/www.europesays.com\/es\/wp-json\/wp\/v2\/media?parent=265092"}],"wp:term":[{"taxonomy":"category","embeddable":true,"href":"https:\/\/www.europesays.com\/es\/wp-json\/wp\/v2\/categories?post=265092"},{"taxonomy":"post_tag","embeddable":true,"href":"https:\/\/www.europesays.com\/es\/wp-json\/wp\/v2\/tags?post=265092"}],"curies":[{"name":"wp","href":"https:\/\/api.w.org\/{rel}","templated":true}]}}